{"id":589440,"date":"2025-01-16T20:32:41","date_gmt":"2025-01-17T00:32:41","guid":{"rendered":"https:\/\/diariodominicano.com\/?p=589440"},"modified":"2025-01-16T20:34:06","modified_gmt":"2025-01-17T00:34:06","slug":"trabajo-extiende-plazo-hasta-el-31-de-enero-para-registro-de-la-planilla-del-personal-fijo-dgt-3","status":"publish","type":"post","link":"https:\/\/diariodominicano.com\/?p=589440","title":{"rendered":"Trabajo extiende plazo hasta el 31 de enero para registro de la Planilla del Personal Fijo (DGT-3)"},"content":{"rendered":"\n<p><strong>Santo Domingo, RD.-&nbsp;<\/strong>El Ministerio de Trabajo\u2002comunic\u00f3  a los empleadores que ha autorizado  una pr\u00f3rroga hasta el 31 de enero pr\u00f3ximo, para cumplir seg\u00fan lo establecido por el Art. 15 del Reglamento 258-93, para la aplicaci\u00f3n del C\u00f3digo de Trabajo.<\/p>\n\n\n\n<p>A trav\u00e9s de una nota de prensa record\u00f3  que en la renovaci\u00f3n es imprescindible actualizar los datos de la empresa y los establecimientos, para poder completar el registro en el sistema.<\/p>\n\n\n\n<p>De igual forma, se requiere que el documento sea registrado a trav\u00e9s de la Oficina Virtual del Ministerio de Trabajo en su direcci\u00f3n electr\u00f3nica&nbsp;<a href=\"http:\/\/ovi.mt.gob.do\/\" target=\"_blank\" rel=\"noreferrer noopener\">ovi.mt.gob.do<\/a>.<\/p>\n\n\n\n<p>Una vez vencido dicho plazo, los Inspectores de Trabajo podr\u00e1n levantar actas de infracci\u00f3n a aquellos empleadores que no hayan cumplido con el registro del referido documento.<\/p>\n\n\n\n<p>Para mayor informaci\u00f3n, los interesados pueden comunicarse a la direcci\u00f3n electr\u00f3nica&nbsp;<a href=\"mailto:sirla.info@mt.gob.do\" target=\"_blank\" rel=\"noreferrer noopener\">sirla.info@mt.gob.do<\/a>, o llamar al tel\u00e9fono (809) 535-4404 opci\u00f3n 1 \u00f3 extensiones 3005 y 3016.<\/p>\n\n\n\n<p><strong>Direcci\u00f3n de Comunicaciones<\/strong><\/p>\n\n\n\n<p><strong>Ministerio de Trabajo<\/strong><\/p>\n\n\n\n<p>#Trabajo\u2003\u2003\u2003\u2002#Planilla<\/p>\n","protected":false},"excerpt":{"rendered":"<p>Santo Domingo, RD.-&nbsp;El Ministerio de Trabajo\u2002comunic\u00f3 a los empleadores que ha autorizado una pr\u00f3rroga hasta el 31 de enero pr\u00f3ximo, para cumplir seg\u00fan lo establecido por el Art. 15 del Reglamento 258-93, para la aplicaci\u00f3n del C\u00f3digo de Trabajo. A trav\u00e9s de una nota de prensa record\u00f3 que en la renovaci\u00f3n es imprescindible actualizar los [&hellip;]<\/p>\n","protected":false},"author":28,"featured_media":588206,"comment_status":"closed","ping_status":"closed","sticky":true,"template":"","format":"standard","meta":{"footnotes":""},"categories":[18],"tags":[],"class_list":["post-589440","post","type-post","status-publish","format-standard","has-post-thumbnail","hentry","category-economia"],"_links":{"self":[{"href":"https:\/\/diariodominicano.com\/index.php?rest_route=\/wp\/v2\/posts\/589440","targetHints":{"allow":["GET"]}}],"collection":[{"href":"https:\/\/diariodominicano.com\/index.php?rest_route=\/wp\/v2\/posts"}],"about":[{"href":"https:\/\/diariodominicano.com\/index.php?rest_route=\/wp\/v2\/types\/post"}],"author":[{"embeddable":true,"href":"https:\/\/diariodominicano.com\/index.php?rest_route=\/wp\/v2\/users\/28"}],"replies":[{"embeddable":true,"href":"https:\/\/diariodominicano.com\/index.php?rest_route=%2Fwp%2Fv2%2Fcomments&post=589440"}],"version-history":[{"count":2,"href":"https:\/\/diariodominicano.com\/index.php?rest_route=\/wp\/v2\/posts\/589440\/revisions"}],"predecessor-version":[{"id":589442,"href":"https:\/\/diariodominicano.com\/index.php?rest_route=\/wp\/v2\/posts\/589440\/revisions\/589442"}],"wp:featuredmedia":[{"embeddable":true,"href":"https:\/\/diariodominicano.com\/index.php?rest_route=\/wp\/v2\/media\/588206"}],"wp:attachment":[{"href":"https:\/\/diariodominicano.com\/index.php?rest_route=%2Fwp%2Fv2%2Fmedia&parent=589440"}],"wp:term":[{"taxonomy":"category","embeddable":true,"href":"https:\/\/diariodominicano.com\/index.php?rest_route=%2Fwp%2Fv2%2Fcategories&post=589440"},{"taxonomy":"post_tag","embeddable":true,"href":"https:\/\/diariodominicano.com\/index.php?rest_route=%2Fwp%2Fv2%2Ftags&post=589440"}],"curies":[{"name":"wp","href":"https:\/\/api.w.org\/{rel}","templated":true}]}}