{"id":589423,"date":"2025-01-16T20:15:15","date_gmt":"2025-01-17T00:15:15","guid":{"rendered":"https:\/\/diariodominicano.com\/?p=589423"},"modified":"2025-01-16T20:25:31","modified_gmt":"2025-01-17T00:25:31","slug":"pro-competencia-conmemora-el-17-aniversario-de-la-ley-general-de-defensa-de-la-competencia-42-08-en-rd","status":"publish","type":"post","link":"https:\/\/diariodominicano.com\/?p=589423","title":{"rendered":"Pro-Competencia conmemora el 17 aniversario de la Ley General de Defensa de la Competencia 42-08 en RD"},"content":{"rendered":"\n<p><em>Pro-Competencia  conmemor\u00f3 su 17 aniversario con una Misa de Acci\u00f3n de Gracias en la Catedral Primada de Am\u00e9rica.<\/em> En la imagen Keryma Marra Mar\u00eda Eliana V\u00e1squez Gianna Franjul y Mar\u00eda Elisa Holgu\u00edn L\u00f3pez scaled.jpg<\/p>\n\n\n\n<p><em>Con esta esta iniciativa, contemplada en la ley, se busca fomentar un crecimiento econ\u00f3mico sostenible e inclusivo, basado en la innovaci\u00f3n, la eficiencia y la calidad.<\/em><\/p>\n\n\n\n<figure class=\"wp-block-image size-large\"><img loading=\"lazy\" decoding=\"async\" width=\"1024\" height=\"683\" src=\"https:\/\/diariodominicano.com\/wp-content\/uploads\/2025\/01\/Maria-Elena-Vasquez-Taveras-1024x683.jpg\" alt=\"\" class=\"wp-image-589435\" srcset=\"https:\/\/diariodominicano.com\/wp-content\/uploads\/2025\/01\/Maria-Elena-Vasquez-Taveras-1024x683.jpg 1024w, https:\/\/diariodominicano.com\/wp-content\/uploads\/2025\/01\/Maria-Elena-Vasquez-Taveras-300x200.jpg 300w, https:\/\/diariodominicano.com\/wp-content\/uploads\/2025\/01\/Maria-Elena-Vasquez-Taveras-768x512.jpg 768w, https:\/\/diariodominicano.com\/wp-content\/uploads\/2025\/01\/Maria-Elena-Vasquez-Taveras-1536x1024.jpg 1536w, https:\/\/diariodominicano.com\/wp-content\/uploads\/2025\/01\/Maria-Elena-Vasquez-Taveras-2048x1365.jpg 2048w, https:\/\/diariodominicano.com\/wp-content\/uploads\/2025\/01\/Maria-Elena-Vasquez-Taveras-816x544.jpg 816w\" sizes=\"auto, (max-width: 1024px) 100vw, 1024px\" \/><\/figure>\n\n\n\n<p>Mar\u00eda Elena V\u00e1squez Taveras <\/p>\n\n\n\n<p><em>Santo Domingo, RD.-\u00a0<\/em>La Comisi\u00f3n Nacional de Defensa de la Competencia (Pro-Competencia) conmemor\u00f3 el 17 aniversario de la Ley General de Defensa de la Competencia 42-08, la cual a lo largo de esos a\u00f1os ha contribuido a incrementar la eficiencia de los mercados de productos y servicios en el pa\u00eds.<\/p>\n\n\n\n<p>Desde la entrada en vigor de esta ley, Pro-Competencia ha llevado a cabo m\u00faltiples acciones para promover un entorno m\u00e1s competitivo. Entre estas se destacan estudios sobre el mercado de ventas de veh\u00edculos y el impacto de las plataformas digitales, as\u00ed como an\u00e1lisis de las condiciones de competencia en el mercado de los panes de agua y \u00absobao\u00bb, entre otros.<\/p>\n\n\n\n<p>Estas investigaciones son herramientas que contribuyen a la detecci\u00f3n y prevenci\u00f3n de pr\u00e1cticas anticompetitivas.<\/p>\n\n\n\n<p>Uno de los logros m\u00e1s recientes y significativos es la aprobaci\u00f3n de la Pol\u00edtica Nacional de Competencia, que es una herramienta clave para fortalecer el marco normativo y promover un crecimiento econ\u00f3mico sostenible e inclusivo en el pa\u00eds, manifest\u00f3 la presidenta del Consejo Directivo de Pro-Competencia Mar\u00eda Elena V\u00e1squez Taveras, durante una Misa de Acci\u00f3n de Gracias con motivo de la ocasi\u00f3n.<\/p>\n\n\n\n<p>\u201cEsta pol\u00edtica, alineada con la Estrategia Nacional de Desarrollo 2030, posiciona a nuestro pa\u00eds como referente regional en pr\u00e1cticas de competencia justa y desarrollo econ\u00f3mico inclusivo\u201d, expres\u00f3 V\u00e1squez Taveras.<\/p>\n\n\n\n<p>Esta iniciativa, contemplada en la ley, establece una visi\u00f3n de crecimiento econ\u00f3mico sostenible e inclusivo, basado en la innovaci\u00f3n, la eficiencia y la calidad. Adem\u00e1s, permite mejorar la capacidad de Pro-Competencia y otras instituciones para implementar una regulaci\u00f3n efectiva de la libre competencia en los mercados, en beneficio de empresas y consumidores.<\/p>\n\n\n\n<p>Pro-Competencia est\u00e1 promoviendo la Pol\u00edtica Nacional de Competencia a trav\u00e9s del Poder Ejecutivo, el cual ser\u00eda el responsable de su adopci\u00f3n e implementaci\u00f3n como pol\u00edtica de Estado.<\/p>\n\n\n\n<p>Dentro del plan de transformaci\u00f3n en materia de Competencia en el pa\u00eds, la instituci\u00f3n tiene listo el borrador del proyecto de Ley 42-08 sobre Defensa de la Competencia el cual ser\u00e1 presentado al poder ejecutivo en los pr\u00f3ximos d\u00edas.<\/p>\n\n\n\n<p>Tambi\u00e9n en este mes aniversario Pro-Competencia lanzar\u00e1 la Carta Compromiso al Ciudadano, con el objetivo de mejorar la calidad de los servicios que brindamos, garantizando la transparencia en la gesti\u00f3n y fortaleciendo la confianza entre el ciudadano y la instituci\u00f3n.<\/p>\n\n\n\n<p><strong>Logros institucionales<\/strong><\/p>\n\n\n\n<p>La presidenta del Consejo Directivo de Pro-Competencia destac\u00f3 tambi\u00e9n otros logros significativos en los \u00faltimos a\u00f1os, como la emisi\u00f3n la primera sanci\u00f3n por colusi\u00f3n en contrataciones p\u00fablicas, un precedente que refuerza la confianza en los procesos de supervisi\u00f3n y regulaci\u00f3n del buen uso de los fondos p\u00fablicos.<\/p>\n\n\n\n<p>\u201cAdem\u00e1s, admitimos a tr\u00e1mite otro caso de colusi\u00f3n y uno de abuso de posici\u00f3n dominante colectiva, reafirmando nuestro compromiso de velar por la justicia en los mercados\u201d, expres\u00f3 V\u00e1squez Taveras en la misa oficiada por el reverendo padre Nelson Clark, p\u00e1rroco de la Catedral Primada de Am\u00e9rica.<\/p>\n\n\n\n<p>Asimismo, cit\u00f3 como retos la puesta en marcha de la Pol\u00edtica Nacional de Competencia, la publicaci\u00f3n del estudio sobre el mercado cinematogr\u00e1fico dominicano y el fortalecimiento tanto de las capacidades tecnol\u00f3gicas y humanas de la instituci\u00f3n.<\/p>\n\n\n\n<p><strong>Otras actividades<\/strong><\/p>\n\n\n\n<p>Como parte de las actividades conmemorativas de 17 aniversario de la Ley General de Defensa de la Competencia 42-08, la instituci\u00f3n deposit\u00f3 una ofrenda floral en al Altar de la Patria y lanz\u00f3 el Plan Estrat\u00e9gico Institucional (PEI) 2025-2028 en el marco del plan de desarrollo institucional.<\/p>\n\n\n\n<p><a href=\"https:\/\/we.tl\/t-DAgz5Pdrzp\">https:\/\/we.tl\/t-DAgz5Pdrzp<\/a><\/p>\n\n\n\n<p>Prensa de ProCompetencia<\/p>\n\n\n\n<p>Prensa de ProCompetencia ()<\/p>\n\n\n\n<p><a target=\"_blank\" href=\"mailto:prensa@procompetencia.gob.do\" rel=\"noreferrer noopener\">prensa@procompetencia.gob.do<\/a><\/p>\n\n\n\n<p>#ProCompetencia <\/p>\n","protected":false},"excerpt":{"rendered":"<p>Pro-Competencia conmemor\u00f3 su 17 aniversario con una Misa de Acci\u00f3n de Gracias en la Catedral Primada de Am\u00e9rica. En la imagen Keryma Marra Mar\u00eda Eliana V\u00e1squez Gianna Franjul y Mar\u00eda Elisa Holgu\u00edn L\u00f3pez scaled.jpg Con esta esta iniciativa, contemplada en la ley, se busca fomentar un crecimiento econ\u00f3mico sostenible e inclusivo, basado en la innovaci\u00f3n, [&hellip;]<\/p>\n","protected":false},"author":28,"featured_media":589430,"comment_status":"closed","ping_status":"closed","sticky":true,"template":"","format":"standard","meta":{"footnotes":""},"categories":[20,26],"tags":[],"class_list":["post-589423","post","type-post","status-publish","format-standard","has-post-thumbnail","hentry","category-dominicana-hoy","category-efemerides"],"_links":{"self":[{"href":"https:\/\/diariodominicano.com\/index.php?rest_route=\/wp\/v2\/posts\/589423","targetHints":{"allow":["GET"]}}],"collection":[{"href":"https:\/\/diariodominicano.com\/index.php?rest_route=\/wp\/v2\/posts"}],"about":[{"href":"https:\/\/diariodominicano.com\/index.php?rest_route=\/wp\/v2\/types\/post"}],"author":[{"embeddable":true,"href":"https:\/\/diariodominicano.com\/index.php?rest_route=\/wp\/v2\/users\/28"}],"replies":[{"embeddable":true,"href":"https:\/\/diariodominicano.com\/index.php?rest_route=%2Fwp%2Fv2%2Fcomments&post=589423"}],"version-history":[{"count":5,"href":"https:\/\/diariodominicano.com\/index.php?rest_route=\/wp\/v2\/posts\/589423\/revisions"}],"predecessor-version":[{"id":589439,"href":"https:\/\/diariodominicano.com\/index.php?rest_route=\/wp\/v2\/posts\/589423\/revisions\/589439"}],"wp:featuredmedia":[{"embeddable":true,"href":"https:\/\/diariodominicano.com\/index.php?rest_route=\/wp\/v2\/media\/589430"}],"wp:attachment":[{"href":"https:\/\/diariodominicano.com\/index.php?rest_route=%2Fwp%2Fv2%2Fmedia&parent=589423"}],"wp:term":[{"taxonomy":"category","embeddable":true,"href":"https:\/\/diariodominicano.com\/index.php?rest_route=%2Fwp%2Fv2%2Fcategories&post=589423"},{"taxonomy":"post_tag","embeddable":true,"href":"https:\/\/diariodominicano.com\/index.php?rest_route=%2Fwp%2Fv2%2Ftags&post=589423"}],"curies":[{"name":"wp","href":"https:\/\/api.w.org\/{rel}","templated":true}]}}