{"id":589392,"date":"2025-01-16T19:39:59","date_gmt":"2025-01-16T23:39:59","guid":{"rendered":"https:\/\/diariodominicano.com\/?p=589392"},"modified":"2025-01-16T19:40:05","modified_gmt":"2025-01-16T23:40:05","slug":"astronauta-de-nasa-sale-en-caminata-espacial-tras-7-meses-en-orbita","status":"publish","type":"post","link":"https:\/\/diariodominicano.com\/?p=589392","title":{"rendered":"Astronauta de NASA sale en caminata espacial tras 7 meses en \u00f3rbita"},"content":{"rendered":"\n<p>En esta imagen, tomada de NASA TV, la astronauta estadounidense Suni Williams trabaja fuera de la Estaci\u00f3n Espacial Internacional durante una caminata espacial el jueves 16 de enero de 2025.<\/p>\n\n\n\n<p>enero 16, 2025<\/p>\n\n\n\n<ul class=\"wp-block-list\">\n<li><a href=\"https:\/\/www.vozdeamerica.com\/author\/associated-press\/v_kyr\">Associated Press<\/a><\/li>\n<\/ul>\n\n\n\n<ul class=\"wp-block-list\">\n<li><a href=\"https:\/\/facebook.com\/sharer.php?u=https%3a%2f%2fwww.vozdeamerica.com%2fa%2fastronauta-de-nasa-sale-en-caminata-espacial-tras-7-meses-en-orbita%2f7939296.html\" target=\"_blank\" rel=\"noreferrer noopener\"><\/a><\/li>\n\n\n\n<li><a href=\"https:\/\/twitter.com\/share?url=https%3a%2f%2fwww.vozdeamerica.com%2fa%2fastronauta-de-nasa-sale-en-caminata-espacial-tras-7-meses-en-orbita%2f7939296.html&amp;text=Astronauta+de+NASA+sale+en+caminata+espacial+tras+7+meses+en+%c3%b3rbita\" target=\"_blank\" rel=\"noreferrer noopener\"><\/a><\/li>\n\n\n\n<li><\/li>\n\n\n\n<li><a href=\"mailto:?body=https%3a%2f%2fwww.vozdeamerica.com%2fa%2fastronauta-de-nasa-sale-en-caminata-espacial-tras-7-meses-en-orbita%2f7939296.html&amp;subject=Astronauta%20de%20NASA%20sale%20en%20caminata%20espacial%20tras%207%20meses%20en%20%C3%B3rbita\"><\/a><\/li>\n<\/ul>\n\n\n\n<p><a href=\"https:\/\/www.vozdeamerica.com\/a\/astronauta-de-nasa-sale-en-caminata-espacial-tras-7-meses-en-orbita\/7939296.html#comments\">&nbsp;Vea comentarios<\/a><\/p>\n\n\n\n<p>Cambio de aires para los dos astronautas de la NASA que no han podido regresar a\u00fan a la Tierra y se mantienen en la Estaci\u00f3n Espacial Internacional. Uno de ellos, la comandante Suni Williams, pudo realizar por primera vez en siete meses una primera caminata espacial.<\/p>\n\n\n\n<p>CABO CA\u00d1AVERAL, Florida, EE.UU. \u2014&nbsp;<\/p>\n\n\n\n<p>Uno de los dos astronautas de la NASA que estaba atascado recibi\u00f3 un muy esperado cambio de escenario el jueves, al salir en su primera caminata espacial desde que lleg\u00f3 a la Estaci\u00f3n Espacial Internacional hace m\u00e1s de siete meses.<\/p>\n\n\n\n<p>Suni Williams, la comandante de la estaci\u00f3n, realiz\u00f3 algunas tareas de reparaci\u00f3n externas que estaban pendientes junto a Nick Hague de la NASA. Salieron cuando el laboratorio orbital sobrevolaba a 420 kil\u00f3metros (260 millas) sobre Turkmenist\u00e1n.<\/p>\n\n\n\n<p>Williams pudo ver de cerca la c\u00e1psula de SpaceX que la traer\u00e1 de vuelta a casa en primavera, flotando a tan solo unos metros de distancia del veh\u00edculo estacionado cuando realizaba una tarea. Eventualmente, logr\u00f3 completarla sin da\u00f1ar su medio de transporte.<\/p>\n\n\n\n<p><a href=\"https:\/\/www.vozdeamerica.com\/a\/blue-origin-empresa-espacial-bezos-lanza-cohete-new-glenn-en-primer-vuelo-de-prueba\/7938950.html\"><\/a><\/p>\n\n\n\n<p><a href=\"https:\/\/www.vozdeamerica.com\/a\/blue-origin-empresa-espacial-bezos-lanza-cohete-new-glenn-en-primer-vuelo-de-prueba\/7938950.html\">Tambi\u00e9n lea<\/a><\/p>\n\n\n\n<h4 class=\"wp-block-heading\"><a href=\"https:\/\/www.vozdeamerica.com\/a\/blue-origin-empresa-espacial-bezos-lanza-cohete-new-glenn-en-primer-vuelo-de-prueba\/7938950.html\">Blue Origin, la empresa espacial de Bezos, lanza cohete New Glenn en primer vuelo de prueba<\/a><\/h4>\n\n\n\n<p>Los planes indican que Williams saldr\u00eda nuevamente la pr\u00f3xima semana con Butch Wilmore en otra caminata espacial. Ambos fueron lanzados a bordo de la nueva c\u00e1psula Starliner de Boeing el pasado junio en lo que deb\u00eda ser un vuelo de prueba de una semana.<\/p>\n\n\n\n<p>Sin embargo, problemas con el Starliner prolongaron su regreso, y la NASA orden\u00f3 que la c\u00e1psula regresara vac\u00eda. Luego, SpaceX retras\u00f3 el lanzamiento de sus reemplazos, lo que significa que no volver\u00e1n a casa hasta finales de marzo o principios de abril, 10 meses despu\u00e9s de su lanzamiento.<\/p>\n\n\n\n<p>Fue la primera caminata espacial de astronautas de la NASA desde una que se abort\u00f3 el verano pasado. Las caminatas espaciales de Estados Unidos fueron suspendidas despu\u00e9s que agua se filtrara en la esclusa de aire desde el circuito de enfriamiento del traje de un astronauta. La NASA indic\u00f3 que el problema ha sido solucionado.<\/p>\n\n\n\n<p>Esta fue la octava caminata espacial para Williams, quien ya ha vivido antes en la estaci\u00f3n espacial.<\/p>\n","protected":false},"excerpt":{"rendered":"<p>En esta imagen, tomada de NASA TV, la astronauta estadounidense Suni Williams trabaja fuera de la Estaci\u00f3n Espacial Internacional durante una caminata espacial el jueves 16 de enero de 2025. enero 16, 2025 &nbsp;Vea comentarios Cambio de aires para los dos astronautas de la NASA que no han podido regresar a\u00fan a la Tierra y [&hellip;]<\/p>\n","protected":false},"author":28,"featured_media":589393,"comment_status":"closed","ping_status":"closed","sticky":true,"template":"","format":"standard","meta":{"footnotes":""},"categories":[36,23],"tags":[],"class_list":["post-589392","post","type-post","status-publish","format-standard","has-post-thumbnail","hentry","category-hombresmujeresycosas","category-internacional"],"_links":{"self":[{"href":"https:\/\/diariodominicano.com\/index.php?rest_route=\/wp\/v2\/posts\/589392","targetHints":{"allow":["GET"]}}],"collection":[{"href":"https:\/\/diariodominicano.com\/index.php?rest_route=\/wp\/v2\/posts"}],"about":[{"href":"https:\/\/diariodominicano.com\/index.php?rest_route=\/wp\/v2\/types\/post"}],"author":[{"embeddable":true,"href":"https:\/\/diariodominicano.com\/index.php?rest_route=\/wp\/v2\/users\/28"}],"replies":[{"embeddable":true,"href":"https:\/\/diariodominicano.com\/index.php?rest_route=%2Fwp%2Fv2%2Fcomments&post=589392"}],"version-history":[{"count":1,"href":"https:\/\/diariodominicano.com\/index.php?rest_route=\/wp\/v2\/posts\/589392\/revisions"}],"predecessor-version":[{"id":589394,"href":"https:\/\/diariodominicano.com\/index.php?rest_route=\/wp\/v2\/posts\/589392\/revisions\/589394"}],"wp:featuredmedia":[{"embeddable":true,"href":"https:\/\/diariodominicano.com\/index.php?rest_route=\/wp\/v2\/media\/589393"}],"wp:attachment":[{"href":"https:\/\/diariodominicano.com\/index.php?rest_route=%2Fwp%2Fv2%2Fmedia&parent=589392"}],"wp:term":[{"taxonomy":"category","embeddable":true,"href":"https:\/\/diariodominicano.com\/index.php?rest_route=%2Fwp%2Fv2%2Fcategories&post=589392"},{"taxonomy":"post_tag","embeddable":true,"href":"https:\/\/diariodominicano.com\/index.php?rest_route=%2Fwp%2Fv2%2Ftags&post=589392"}],"curies":[{"name":"wp","href":"https:\/\/api.w.org\/{rel}","templated":true}]}}