{"id":589389,"date":"2025-01-16T19:36:38","date_gmt":"2025-01-16T23:36:38","guid":{"rendered":"https:\/\/diariodominicano.com\/?p=589389"},"modified":"2025-01-16T19:36:49","modified_gmt":"2025-01-16T23:36:49","slug":"en-ultimo-mensaje-como-presidente-biden-advierte-sobre-desinformacion-y-concentracion-de-poder-en-eeuu","status":"publish","type":"post","link":"https:\/\/diariodominicano.com\/?p=589389","title":{"rendered":"En \u00faltimo mensaje como presidente, Biden advierte sobre \u201cdesinformaci\u00f3n\u201d y \u201cconcentraci\u00f3n de poder\u201d en EEUU"},"content":{"rendered":"\n<p>\u00daltimo mensaje a la naci\u00f3n del presidente estadounidense, Joe Biden, el 15 de enero de 2025.<\/p>\n\n\n\n<p>enero 15, 2025<\/p>\n\n\n\n<ul class=\"wp-block-list\">\n<li><a href=\"https:\/\/www.vozdeamerica.com\/author\/tomas-guevara\/pikyi\">Tom\u00e1s Guevara<\/a><\/li>\n<\/ul>\n\n\n\n<ul class=\"wp-block-list\">\n<li><a href=\"https:\/\/facebook.com\/sharer.php?u=https%3a%2f%2fwww.vozdeamerica.com%2fa%2fpresidente-biden-se-despide-de-la-nacion-desde-la-casa-blanca%2f7938617.html\" target=\"_blank\" rel=\"noreferrer noopener\"><\/a><\/li>\n\n\n\n<li><a href=\"https:\/\/twitter.com\/share?url=https%3a%2f%2fwww.vozdeamerica.com%2fa%2fpresidente-biden-se-despide-de-la-nacion-desde-la-casa-blanca%2f7938617.html&amp;text=En+%c3%baltimo+mensaje+como+presidente%2c+Biden+advierte+sobre+%e2%80%9cdesinformaci%c3%b3n%e2%80%9d+y+%e2%80%9cconcentraci%c3%b3n+de+poder%e2%80%9d+en+EEUU\" target=\"_blank\" rel=\"noreferrer noopener\"><\/a><\/li>\n\n\n\n<li><\/li>\n\n\n\n<li><a href=\"mailto:?body=https%3a%2f%2fwww.vozdeamerica.com%2fa%2fpresidente-biden-se-despide-de-la-nacion-desde-la-casa-blanca%2f7938617.html&amp;subject=En%20%C3%BAltimo%20mensaje%20como%20presidente,%20Biden%20advierte%20sobre%20%E2%80%9Cdesinformaci%C3%B3n%E2%80%9D%20y%20%E2%80%9Cconcentraci%C3%B3n%20de%20poder%E2%80%9D%20en%20EEUU\"><\/a><\/li>\n<\/ul>\n\n\n\n<p><a href=\"https:\/\/www.vozdeamerica.com\/a\/presidente-biden-se-despide-de-la-nacion-desde-la-casa-blanca\/7938617.html#comments\">&nbsp;Vea comentarios<\/a><\/p>\n\n\n\n<p>En \u00faltimo mensaje como presidente, Biden advierte de una \u00abconcentraci\u00f3n de poder en manos de unos pocos ricos\u00bb y de una \u00abavalancha de desinformaci\u00f3n\u201d que \u00abest\u00e1 sepultando\u00bb a los estadounidenses.<\/p>\n\n\n\n<p>WASHINGTON \u2014&nbsp;<\/p>\n\n\n\n<p>En su discurso de despedida como presidente, Joe Biden advirti\u00f3 que \u201ctenemos una concentraci\u00f3n de poder en manos de pocas personas ricas\u00bb y que en EEUU est\u00e1 tomando forma una oligarqu\u00eda.<\/p>\n\n\n\n<p>Pidi\u00f3 a los estadounidenses a estar alertas ante \u00ablos intereses de ultramillonarios\u00bb que podr\u00edan socavar los avances del pa\u00eds en materia de igualdad y subray\u00f3 los riesgos de una era de industrializaci\u00f3n a gran escala y \u00absin escr\u00fapulos\u00bb.<\/p>\n\n\n\n<p>\u201cEstoy igualmente preocupado por el posible surgimiento de un complejo tecnol\u00f3gico-industrial que tambi\u00e9n podr\u00eda representar peligros reales para nuestro pa\u00eds\u201d, afirm\u00f3, con palabras que se hicieron eco del discurso de despedida del presidente Dwight Eisenhower en 1961. Eisenhower, que cerraba ocho a\u00f1os como presidente, hab\u00eda advertido sobre los peligros de que un \u00abcomplejo militar-industrial\u00bb ganara poder en Estados Unidos.<\/p>\n\n\n\n<p>\u00abHoy en d\u00eda, se est\u00e1 formando en Estados Unidos una oligarqu\u00eda de extrema riqueza, poder e influencia que realmente amenaza toda nuestra democracia, nuestros derechos b\u00e1sicos y nuestra libertad y una oportunidad justa para que todos salgan adelante\u00bb, dijo.<\/p>\n\n\n\n<p><video poster=\"https:\/\/gdb.voanews.com\/53dcbd45-725b-4d93-9f54-79c9f9ed53a0_tv_w650_r1.jpg\" src=\"blob:https:\/\/www.vozdeamerica.com\/cf0bd39d-0b6b-43fa-9e9b-0ededb935ae7\" height=\"381\" width=\"676\"><\/video><\/p>\n\n\n\n<h5 class=\"wp-block-heading\"><a href=\"https:\/\/www.vozdeamerica.com\/a\/presidente-biden-se-despide-de-la-nacion-desde-la-casa-blanca\/7938695.html\" target=\"_blank\" rel=\"noreferrer noopener\">Biden advierte sobre concentraci\u00f3n de poder en manos de pocos<\/a><\/h5>\n\n\n\n<p>\u00a0<\/p>\n\n\n\n<hr class=\"wp-block-separator has-alpha-channel-opacity\"\/>\n\n\n\n<ul class=\"wp-block-list\">\n<li><a href=\"https:\/\/facebook.com\/sharer.php?u=https%3a%2f%2fwww.vozdeamerica.com%2fa%2f7938695.html\" target=\"_blank\" rel=\"noreferrer noopener\">Comparta en Facebook<\/a><\/li>\n\n\n\n<li><a href=\"https:\/\/twitter.com\/share?url=https%3a%2f%2fwww.vozdeamerica.com%2fa%2f7938695.html&amp;text=Biden+advierte+sobre+concentraci%c3%b3n+de+poder+en+manos+de+pocos\" target=\"_blank\" rel=\"noreferrer noopener\">Comparta en Twitter<\/a><\/li>\n<\/ul>\n\n\n\n<hr class=\"wp-block-separator has-alpha-channel-opacity\"\/>\n\n\n\n<p><a href=\"https:\/\/www.vozdeamerica.com\/embed\/player\/Article\/7938695.html?type=video&amp;FullScreenMode=True\" target=\"_blank\" rel=\"noreferrer noopener\"><\/a><\/p>\n\n\n\n<p>&nbsp;Descargar&nbsp;<\/p>\n\n\n\n<p>Desde el Despacho Oval de la Casa Blanca, a d\u00edas de que culmine su mandato de cuatro a\u00f1os, Biden dijo, adem\u00e1s, que \u201clos estadounidenses est\u00e1n siendo sepultados bajo una avalancha de desinformaci\u00f3n y desinformaci\u00f3n, lo que permite el abuso de poder\u201d.<\/p>\n\n\n\n<p>\u00abLa prensa libre se est\u00e1 desmoronando. Los pilares est\u00e1n desapareciendo. Las redes sociales est\u00e1n renunciando a la verificaci\u00f3n de datos\u00bb, afirm\u00f3 Biden, quien se refiri\u00f3 tambi\u00e9n a la inteligencia artificial que, asegur\u00f3, \u201cpuede representar amenazas a la privacidad\u201d, a menos que tenga m\u00e1s controles.<\/p>\n\n\n\n<p><video poster=\"https:\/\/gdb.voanews.com\/0b0c902a-fb65-4eeb-abdb-b95613967b76_tv_w650_r1.jpg\" src=\"blob:https:\/\/www.vozdeamerica.com\/62e55294-1298-4d04-80fd-3f365dcdb9de\" height=\"381\" width=\"676\"><\/video><\/p>\n\n\n\n<h5 class=\"wp-block-heading\"><a href=\"https:\/\/www.vozdeamerica.com\/a\/presidente-biden-se-despide-de-la-nacion-desde-la-casa-blanca\/7938698.html\" target=\"_blank\" rel=\"noreferrer noopener\">Biden advierte sobre la desinformaci\u00f3n<\/a><\/h5>\n\n\n\n<p>\u00a0<\/p>\n\n\n\n<ul class=\"wp-block-list\">\n<li><a href=\"https:\/\/facebook.com\/sharer.php?u=https%3a%2f%2fwww.vozdeamerica.com%2fa%2f7938698.html\" target=\"_blank\" rel=\"noreferrer noopener\">Comparta en Facebook<\/a><\/li>\n\n\n\n<li><a href=\"https:\/\/twitter.com\/share?url=https%3a%2f%2fwww.vozdeamerica.com%2fa%2f7938698.html&amp;text=Biden+advierte+sobre+la+desinformaci%c3%b3n\" target=\"_blank\" rel=\"noreferrer noopener\">Comparta en Twitter<\/a><\/li>\n<\/ul>\n\n\n\n<hr class=\"wp-block-separator has-alpha-channel-opacity\"\/>\n\n\n\n<p><a href=\"https:\/\/www.vozdeamerica.com\/embed\/player\/Article\/7938698.html?type=video&amp;FullScreenMode=True\" target=\"_blank\" rel=\"noreferrer noopener\"><\/a><\/p>\n\n\n\n<p>&nbsp;Descargar&nbsp;<\/p>\n\n\n\n<h3 class=\"wp-block-heading\">Estar alertas<\/h3>\n\n\n\n<p>En su mensaje, que dur\u00f3 unos 17 minutos, afirm\u00f3 tambi\u00e9n que \u00abfuerzas poderosas quieren ejercer su influencia descontrolada\u201d para frustrar la crisis clim\u00e1tica.<\/p>\n\n\n\n<p>El mandatario tambi\u00e9n alert\u00f3 de avocarse a una \u201cpresidencia sin frenos\u201d, por lo que llam\u00f3 al pueblo estadounidense a estar pendiente para mantener a salvo los derechos de libertad de expresi\u00f3n, opini\u00f3n y las libertades civiles conseguidas en siglos de historia \u201cen este gran proyecto\u201d de m\u00e1s de 200 a\u00f1os de democracia.<\/p>\n\n\n\n<p>Llam\u00f3 a los estadounidenses a enfrentarse, valientes, a los abusos de poder, reforzando los derechos y libertades.\u201dTodos merecemos que se nos trate con igualdad y justicia\u201d, dijo.<\/p>\n\n\n\n<h3 class=\"wp-block-heading\">De cara al mundo<\/h3>\n\n\n\n<p>Al comenzar su mensaje destac\u00f3 el acuerdo de paz entre Israel y Ham\u00e1s, los logros econ\u00f3micos de su gobierno y le dese\u00f3 \u00e9xitos a la nueva gesti\u00f3n de Donald Trump.<\/p>\n\n\n\n<p>Inst\u00f3 a \u201cseguir avanzando con el liderazgo de EEUU, que no tiene parang\u00f3n en el mundo\u201d por las capacidades creativas de su gente en un constante avance.<\/p>\n\n\n\n<p>El mandatario saliente resalt\u00f3 que las apuestas de Estados Unidos siguen vigentes y puso como ejemplo la cooperaci\u00f3n con la Organizaci\u00f3n del Tratado del Atl\u00e1ntico Norte (OTAN) y la labor conjunta con Ucrania, que \u201csigue siendo libre\u201d.<\/p>\n\n\n\n<p><video poster=\"https:\/\/gdb.voanews.com\/ca3e4cb3-fd5b-4132-9144-e3ad04336cbd_tv_w650_r1.jpg\" src=\"blob:https:\/\/www.vozdeamerica.com\/14a052ef-58cf-4fab-acfa-b7458594fa49\" height=\"381\" width=\"676\"><\/video><\/p>\n\n\n\n<h5 class=\"wp-block-heading\"><a href=\"https:\/\/www.vozdeamerica.com\/a\/presidente-biden-se-despide-de-la-nacion-desde-la-casa-blanca\/7938714.html\" target=\"_blank\" rel=\"noreferrer noopener\">Biden se despide de la presidencia y agradece<\/a><\/h5>\n\n\n\n<p><\/p>\n\n\n\n<ul class=\"wp-block-list\">\n<li><a href=\"https:\/\/facebook.com\/sharer.php?u=https%3a%2f%2fwww.vozdeamerica.com%2fa%2f7938714.html\" target=\"_blank\" rel=\"noreferrer noopener\">Comparta en Facebook<\/a><\/li>\n\n\n\n<li><a href=\"https:\/\/twitter.com\/share?url=https%3a%2f%2fwww.vozdeamerica.com%2fa%2f7938714.html&amp;text=Biden+se+despide+de+la+presidencia+y+agradece\" target=\"_blank\" rel=\"noreferrer noopener\">Comparta en Twitter<\/a><\/li>\n<\/ul>\n\n\n\n<hr class=\"wp-block-separator has-alpha-channel-opacity\"\/>\n\n\n\n<p><a href=\"https:\/\/www.vozdeamerica.com\/embed\/player\/Article\/7938714.html?type=video&amp;FullScreenMode=True\" target=\"_blank\" rel=\"noreferrer noopener\"><\/a><\/p>\n\n\n\n<p>&nbsp;Descargar&nbsp;<\/p>\n\n\n\n<h3 class=\"wp-block-heading\">En materia interna<\/h3>\n\n\n\n<p>Dijo que \u201cest\u00e1 muy orgulloso\u201d de lo logrado para el pueblo de estadounidense, al que deja con una econom\u00eda s\u00f3lida con cerca de 17 millones de nuevos puestos de trabajo creados durante su gesti\u00f3n.<\/p>\n\n\n\n<p>Tambi\u00e9n del plan de renovaci\u00f3n de infraestructuras como una apuesta de su administraci\u00f3n que pas\u00f3 con apoyo bipartidista para renovar calles, puentes, escuelas a nivel nacional y destac\u00f3 que Estados Unidos se haya posicionado ahora como un centro log\u00edstico en la producci\u00f3n de semiconductores, \u201ccreando miles de puestos de trabajo\u201d.<\/p>\n\n\n\n<p>Aprovech\u00f3 para resaltar los esfuerzos de su gesti\u00f3n para lograr bajar el precio de medicamentos gen\u00e9ricos, lo que ha beneficiado \u201ca millones de adultos mayores\u201d acogidos al seguro Medicare.<\/p>\n\n\n\n<p><video poster=\"https:\/\/gdb.voanews.com\/8a49cb46-ce83-457c-b02c-13afef912e5c_tv_w650_r1.jpg\" src=\"blob:https:\/\/www.vozdeamerica.com\/9fb734eb-d17d-4b99-aa81-b45610ac2edc\" height=\"381\" width=\"676\"><\/video><\/p>\n\n\n\n<h5 class=\"wp-block-heading\"><a href=\"https:\/\/www.vozdeamerica.com\/a\/presidente-biden-se-despide-de-la-nacion-desde-la-casa-blanca\/7938720.html\" target=\"_blank\" rel=\"noreferrer noopener\">Lo m\u00e1s importante que dijo Joe Biden en su \u00faltimo discurso como presidente<\/a><\/h5>\n\n\n\n<ul class=\"wp-block-list\">\n<li><a href=\"https:\/\/facebook.com\/sharer.php?u=https%3a%2f%2fwww.vozdeamerica.com%2fa%2f7938720.html\" target=\"_blank\" rel=\"noreferrer noopener\">Comparta en Facebook<\/a><\/li>\n\n\n\n<li><a href=\"https:\/\/twitter.com\/share?url=https%3a%2f%2fwww.vozdeamerica.com%2fa%2f7938720.html&amp;text=Lo+m%c3%a1s+importante+que+dijo+Joe+Biden+en+su+%c3%baltimo+discurso+como+presidente%0a\" target=\"_blank\" rel=\"noreferrer noopener\">Comparta en Twitter<\/a><\/li>\n<\/ul>\n\n\n\n<hr class=\"wp-block-separator has-alpha-channel-opacity\"\/>\n\n\n\n<p><a href=\"https:\/\/www.vozdeamerica.com\/embed\/player\/Article\/7938720.html?type=video&amp;FullScreenMode=True\" target=\"_blank\" rel=\"noreferrer noopener\"><\/a><\/p>\n\n\n\n<p>&nbsp;Descargar&nbsp;<\/p>\n\n\n\n<p>Dijo que los&nbsp;<em><strong><a href=\"https:\/\/www.vozdeamerica.com\/a\/biden-se-despide-de-su-presidencia-he-entregado-mi-coraz%C3%B3n-\/7938363.html\" target=\"_blank\" rel=\"noreferrer noopener\">logros de su mandato<\/a><\/strong><\/em>&nbsp;tardar\u00e1n en verse con el trabajo desde la Casa Blanca gestado en momentos dificiles como la pandemia de COVID-19.<\/p>\n\n\n\n<p>\u201cTomar\u00e1 tiempo sentir el impacto de todo lo que hemos hecho juntos, pero las semillas est\u00e1n plantadas y crecer\u00e1n y florecer\u00e1n durante las pr\u00f3ximas d\u00e9cadas\u201d, asegur\u00f3.<\/p>\n\n\n\n<p>El mandatario, con una carrera pol\u00edtica de 50 a\u00f1os,&nbsp;<em><strong><a href=\"https:\/\/www.vozdeamerica.com\/a\/antes-discurso-despedida-biden-declara-que-eeuu-es-mas-fuerte-mas-pr%C3%B3spero-y-mas-seguro-\/7937455.html\" target=\"_blank\" rel=\"noreferrer noopener\">escribi\u00f3 una carta<\/a><\/strong><\/em>&nbsp;antes de su \u00faltimo mensaje a la naci\u00f3n, destacando sus logros y llamando a los estadounidenses a aprovechar su progreso.<\/p>\n\n\n\n<p>Biden, de 82 a\u00f1os concluir\u00e1 el 20 de enero su gobierno de un solo t\u00e9rmino. Ese d\u00eda Trump asumir\u00e1 la presidencia.<\/p>\n","protected":false},"excerpt":{"rendered":"<p>\u00daltimo mensaje a la naci\u00f3n del presidente estadounidense, Joe Biden, el 15 de enero de 2025. enero 15, 2025 &nbsp;Vea comentarios En \u00faltimo mensaje como presidente, Biden advierte de una \u00abconcentraci\u00f3n de poder en manos de unos pocos ricos\u00bb y de una \u00abavalancha de desinformaci\u00f3n\u201d que \u00abest\u00e1 sepultando\u00bb a los estadounidenses. WASHINGTON \u2014&nbsp; En su [&hellip;]<\/p>\n","protected":false},"author":28,"featured_media":589390,"comment_status":"closed","ping_status":"closed","sticky":true,"template":"","format":"standard","meta":{"footnotes":""},"categories":[36,23,27],"tags":[],"class_list":["post-589389","post","type-post","status-publish","format-standard","has-post-thumbnail","hentry","category-hombresmujeresycosas","category-internacional","category-portada"],"_links":{"self":[{"href":"https:\/\/diariodominicano.com\/index.php?rest_route=\/wp\/v2\/posts\/589389","targetHints":{"allow":["GET"]}}],"collection":[{"href":"https:\/\/diariodominicano.com\/index.php?rest_route=\/wp\/v2\/posts"}],"about":[{"href":"https:\/\/diariodominicano.com\/index.php?rest_route=\/wp\/v2\/types\/post"}],"author":[{"embeddable":true,"href":"https:\/\/diariodominicano.com\/index.php?rest_route=\/wp\/v2\/users\/28"}],"replies":[{"embeddable":true,"href":"https:\/\/diariodominicano.com\/index.php?rest_route=%2Fwp%2Fv2%2Fcomments&post=589389"}],"version-history":[{"count":1,"href":"https:\/\/diariodominicano.com\/index.php?rest_route=\/wp\/v2\/posts\/589389\/revisions"}],"predecessor-version":[{"id":589391,"href":"https:\/\/diariodominicano.com\/index.php?rest_route=\/wp\/v2\/posts\/589389\/revisions\/589391"}],"wp:featuredmedia":[{"embeddable":true,"href":"https:\/\/diariodominicano.com\/index.php?rest_route=\/wp\/v2\/media\/589390"}],"wp:attachment":[{"href":"https:\/\/diariodominicano.com\/index.php?rest_route=%2Fwp%2Fv2%2Fmedia&parent=589389"}],"wp:term":[{"taxonomy":"category","embeddable":true,"href":"https:\/\/diariodominicano.com\/index.php?rest_route=%2Fwp%2Fv2%2Fcategories&post=589389"},{"taxonomy":"post_tag","embeddable":true,"href":"https:\/\/diariodominicano.com\/index.php?rest_route=%2Fwp%2Fv2%2Ftags&post=589389"}],"curies":[{"name":"wp","href":"https:\/\/api.w.org\/{rel}","templated":true}]}}