{"id":589325,"date":"2025-01-16T11:24:27","date_gmt":"2025-01-16T15:24:27","guid":{"rendered":"https:\/\/diariodominicano.com\/?p=589325"},"modified":"2025-01-16T19:57:35","modified_gmt":"2025-01-16T23:57:35","slug":"efectos-colaterales-de-la-presencia-del-fmi-en-santo-domingo-2020-2024-anatomia-de-una-quiebra-moral-socioeconomica-y-politica","status":"publish","type":"post","link":"https:\/\/diariodominicano.com\/?p=589325","title":{"rendered":"Efectos colaterales de la presencia del FMI en Santo Domingo: 2020-2024. Anatom\u00eda de una quiebra moral, socioecon\u00f3mica y pol\u00edtica"},"content":{"rendered":"\n<p>Por Juan Carlos Espinal. 2\/3<\/p>\n\n\n\n<p>Como sistema pol\u00edtico inviable, la democracia representativa de pos guerra 1966-2024 surgi\u00f3 en medio de la crisis de legitimidad democr\u00e1tica en el hemiferio, se consolida a partir del nuevo orden geopol\u00edtico marcado por la expansi\u00f3n geogr\u00e1fica de la Doctrina Monroe y se sostiene en el tiempo cuando miles de inmigrantes dominicanos llegaron a las costas de Estados Unidos, Europa y Am\u00e9rica Latina, expulsados por la explotaci\u00f3n capitalista, a consecuencia de la tercera ocupaci\u00f3n estadounidense en Rep\u00fablica Dominicana, la fractura social, pol\u00edtica y econ\u00f3mica impulsada por la guerra civil y se fortalece a partir de la preservaci\u00f3n del aparato pre industrial qu\u00e9 termin\u00f3 con la dictadura militar de Rafael Leonidas Trujillo Molina, 1930-1961.<\/p>\n\n\n\n<p>Desde entonces, el Departamento de Estado de Estados Unidos comenz\u00f3 a oponerse a los flujos migratorios masivos, filtr\u00f3 las instituciones nacionales, manteniendo el curso del Golpe de estado al presidente Bosch, 1963.<\/p>\n\n\n\n<p>Sobre esta base, desde 1966, cada 4 a\u00f1os, el establecimiento oligarca leg\u00edtima el consenso sociopol\u00edtico y econ\u00f3mico impuesto por los bancos occidentales.<\/p>\n\n\n\n<p>El Gobierno del presidente Luis Abinader 2024-2028, es hoy para Rep\u00fablica Dominicana representante de clase de la minor\u00eda del consenso ideol\u00f3gico y pol\u00edtico en el pa\u00eds que culturalmente propone abiertamente una agenda internacional basada en el desconocimiento del Derecho P\u00fablico Internacional.<\/p>\n\n\n\n<p>Los \u00faltimos reductos de de la derecha pol\u00edtica opositora de pos guerra defiende el modelo de la democracia occidental, adhiriendose a los programas neoliberales del Fondo Monetario Internacional de los Estados Unidos.<\/p>\n\n\n\n<p>El pensamiento libero conservador de las \u00e9lites pol\u00edticas de la derecha econ\u00f3mica gobernante y los n\u00facleos de la burgues\u00eda de la derecha pol\u00edtica opositora son culturalmente casi indistinguibles entre s\u00ed.<\/p>\n\n\n\n<p>El Gobierno del presidente Abinader defiende un retorno a los valores tradicionales del injerencismo en los pa\u00edses de Am\u00e9rica Latina y el Caribe no alineados al consenso de Washington.<\/p>\n\n\n\n<p>Sostiene el rechazo a las pol\u00edticas del bienestar; mantiene una agenda privatizadora de las instituciones p\u00fablicas, y ante todo, defiende las sanciones econ\u00f3micas de Washington a Venezuela, Cuba y Nicaragua u otros pa\u00edses afines.<\/p>\n\n\n\n<p>El PRM es un partido pol\u00edtico reaccionario que en Ucrania, frente a Rusia, pide en la ONU desde Europa, un retorno a los ideales de la antigua Alemania nazi, que fortalezca la expansi\u00f3n de los pa\u00edses europeos miembros de la OTAN hacia el Este.<\/p>\n\n\n\n<p>Promueve abiertamente la pol\u00edtica de sanciones de Estados Unidos a los productos industriales de China en el pa\u00eds.<\/p>\n\n\n\n<p>Como anteriormente sucedi\u00f3 en las econom\u00edas de pos guerra mundial en d\u00e9cadas anteriores.<\/p>\n\n\n\n<p>El Gobierno del presidente Abinader tambi\u00e9n aboga por la expansi\u00f3n territorial del Comando Sur de Estados Unidos en Hait\u00ed y el restablecimiento de las relaciones econ\u00f3micas y de buena vecindad con los gobiernos de extrema derecha de Argentina, Per\u00fa, Ecuador y Paraguay.<\/p>\n\n\n\n<p>El Ministerio de Relaciones Exteriores de Rep\u00fablica Dominicana ap\u00e9ndice del Departamento de Estado de Estados Unidos cree que con el uso de la fuerza es necesario encontrar soluciones pol\u00edticas reales a los conflictos geopol\u00edticos, atacando a otros pa\u00edses diciendo constantemente que en el siglo 17 Hait\u00ed invadi\u00f3 Rep\u00fablica Dominicana, persiguiendo a los representantes de la izquierda pol\u00edtica latinoamericana y caribe\u00f1a.<\/p>\n\n\n\n<p>En cuanto al sistema pol\u00edtico de la democracia representativa 1966-2024, la extrema derecha del PRM quiere para la sociedad una econom\u00eda inflacionaria anexionada al Tesoro de los Estados Unidos.<\/p>\n\n\n\n<p>Al igual que el Departamento de Estado de los Estados Unidos,\u2026<\/p>\n","protected":false},"excerpt":{"rendered":"<p>Por Juan Carlos Espinal. 2\/3 Como sistema pol\u00edtico inviable, la democracia representativa de pos guerra 1966-2024 surgi\u00f3 en medio de la crisis de legitimidad democr\u00e1tica en el hemiferio, se consolida a partir del nuevo orden geopol\u00edtico marcado por la expansi\u00f3n geogr\u00e1fica de la Doctrina Monroe y se sostiene en el tiempo cuando miles de inmigrantes [&hellip;]<\/p>\n","protected":false},"author":7,"featured_media":0,"comment_status":"closed","ping_status":"closed","sticky":false,"template":"","format":"standard","meta":{"footnotes":""},"categories":[16],"tags":[366],"class_list":["post-589325","post","type-post","status-publish","format-standard","hentry","category-opiniones","tag-juan-carlos-espinal"],"_links":{"self":[{"href":"https:\/\/diariodominicano.com\/index.php?rest_route=\/wp\/v2\/posts\/589325","targetHints":{"allow":["GET"]}}],"collection":[{"href":"https:\/\/diariodominicano.com\/index.php?rest_route=\/wp\/v2\/posts"}],"about":[{"href":"https:\/\/diariodominicano.com\/index.php?rest_route=\/wp\/v2\/types\/post"}],"author":[{"embeddable":true,"href":"https:\/\/diariodominicano.com\/index.php?rest_route=\/wp\/v2\/users\/7"}],"replies":[{"embeddable":true,"href":"https:\/\/diariodominicano.com\/index.php?rest_route=%2Fwp%2Fv2%2Fcomments&post=589325"}],"version-history":[{"count":3,"href":"https:\/\/diariodominicano.com\/index.php?rest_route=\/wp\/v2\/posts\/589325\/revisions"}],"predecessor-version":[{"id":589413,"href":"https:\/\/diariodominicano.com\/index.php?rest_route=\/wp\/v2\/posts\/589325\/revisions\/589413"}],"wp:attachment":[{"href":"https:\/\/diariodominicano.com\/index.php?rest_route=%2Fwp%2Fv2%2Fmedia&parent=589325"}],"wp:term":[{"taxonomy":"category","embeddable":true,"href":"https:\/\/diariodominicano.com\/index.php?rest_route=%2Fwp%2Fv2%2Fcategories&post=589325"},{"taxonomy":"post_tag","embeddable":true,"href":"https:\/\/diariodominicano.com\/index.php?rest_route=%2Fwp%2Fv2%2Ftags&post=589325"}],"curies":[{"name":"wp","href":"https:\/\/api.w.org\/{rel}","templated":true}]}}