{"id":589273,"date":"2025-01-15T21:49:50","date_gmt":"2025-01-16T01:49:50","guid":{"rendered":"https:\/\/diariodominicano.com\/?p=589273"},"modified":"2025-01-16T19:18:42","modified_gmt":"2025-01-16T23:18:42","slug":"bendgy-tilias-gobierno-haitiano-ofrecera-conferencias-semanales-de-prensa-para-fortalecer-comunicacion-del-estado","status":"publish","type":"post","link":"https:\/\/diariodominicano.com\/?p=589273","title":{"rendered":"Portavoz Bendgy Tilias anuncia gobierno haitiano ofrecer\u00e1 conferencias semanales de prensa\u00a0para fortalecer comunicaci\u00f3n del Estado"},"content":{"rendered":"\n<p>diariodominicano.com<\/p>\n\n\n\n<p>Puerto Pr\u00edncipe, 15 ene (Prensa Latina) El secretario de Estado de Comunicaci\u00f3n de Hait\u00ed, Bendgy Tilias inform\u00f3 que la ciudadan\u00eda contar\u00e1 con el espacio Martes de la Naci\u00f3n, para saber de primera mano lo que ocurre hoy en el nivel nacional.<\/p>\n\n\n\n<p>Se trata de un proyecto de conferencias semanales de prensa y es una iniciativa con visi\u00f3n estrat\u00e9gica, pues tiene como objetivo crear una interacci\u00f3n proactiva con la poblaci\u00f3n, y esta conozca las acciones del gobierno.<\/p>\n\n\n\n<p>El proyecto es el resultado de un proceso de profunda reflexi\u00f3n que apunta a modernizar y fortalecer la comunicaci\u00f3n del Estado en transici\u00f3n, subray\u00f3 Tilias citado por el diario Le Nouvelliste.<\/p>\n\n\n\n<p>El fortalecimiento de esta iniciativa es fundamental para cumplir con las expectativas de la poblaci\u00f3n, sentenci\u00f3.<\/p>\n\n\n\n<p>\u00abMartes de la Naci\u00f3n no es solo una actividad de comunicaci\u00f3n, es una clara demostraci\u00f3n de la voluntad del gobierno de estar m\u00e1s cerca del pueblo, de compartir informaci\u00f3n precisa y de responder, con total transparencia, a las preocupaciones de la ciudadan\u00eda y de la prensa\u00bb, concluy\u00f3 Tilias.<\/p>\n\n\n\n<p>arc\/joe<\/p>\n","protected":false},"excerpt":{"rendered":"<p>diariodominicano.com Puerto Pr\u00edncipe, 15 ene (Prensa Latina) El secretario de Estado de Comunicaci\u00f3n de Hait\u00ed, Bendgy Tilias inform\u00f3 que la ciudadan\u00eda contar\u00e1 con el espacio Martes de la Naci\u00f3n, para saber de primera mano lo que ocurre hoy en el nivel nacional. Se trata de un proyecto de conferencias semanales de prensa y es una [&hellip;]<\/p>\n","protected":false},"author":5,"featured_media":589276,"comment_status":"closed","ping_status":"closed","sticky":true,"template":"","format":"standard","meta":{"footnotes":""},"categories":[112,23,27],"tags":[],"class_list":["post-589273","post","type-post","status-publish","format-standard","has-post-thumbnail","hentry","category-haiti","category-internacional","category-portada"],"_links":{"self":[{"href":"https:\/\/diariodominicano.com\/index.php?rest_route=\/wp\/v2\/posts\/589273","targetHints":{"allow":["GET"]}}],"collection":[{"href":"https:\/\/diariodominicano.com\/index.php?rest_route=\/wp\/v2\/posts"}],"about":[{"href":"https:\/\/diariodominicano.com\/index.php?rest_route=\/wp\/v2\/types\/post"}],"author":[{"embeddable":true,"href":"https:\/\/diariodominicano.com\/index.php?rest_route=\/wp\/v2\/users\/5"}],"replies":[{"embeddable":true,"href":"https:\/\/diariodominicano.com\/index.php?rest_route=%2Fwp%2Fv2%2Fcomments&post=589273"}],"version-history":[{"count":2,"href":"https:\/\/diariodominicano.com\/index.php?rest_route=\/wp\/v2\/posts\/589273\/revisions"}],"predecessor-version":[{"id":589381,"href":"https:\/\/diariodominicano.com\/index.php?rest_route=\/wp\/v2\/posts\/589273\/revisions\/589381"}],"wp:featuredmedia":[{"embeddable":true,"href":"https:\/\/diariodominicano.com\/index.php?rest_route=\/wp\/v2\/media\/589276"}],"wp:attachment":[{"href":"https:\/\/diariodominicano.com\/index.php?rest_route=%2Fwp%2Fv2%2Fmedia&parent=589273"}],"wp:term":[{"taxonomy":"category","embeddable":true,"href":"https:\/\/diariodominicano.com\/index.php?rest_route=%2Fwp%2Fv2%2Fcategories&post=589273"},{"taxonomy":"post_tag","embeddable":true,"href":"https:\/\/diariodominicano.com\/index.php?rest_route=%2Fwp%2Fv2%2Ftags&post=589273"}],"curies":[{"name":"wp","href":"https:\/\/api.w.org\/{rel}","templated":true}]}}