{"id":589264,"date":"2025-01-15T21:14:57","date_gmt":"2025-01-16T01:14:57","guid":{"rendered":"https:\/\/diariodominicano.com\/?p=589264"},"modified":"2025-01-15T21:15:06","modified_gmt":"2025-01-16T01:15:06","slug":"aerolineas-brasilenas-gol-y-azul-anuncian-plan-de-fusion-para-crear-gigante-de-aviacion","status":"publish","type":"post","link":"https:\/\/diariodominicano.com\/?p=589264","title":{"rendered":"Aerol\u00edneas brasile\u00f1as Gol y Azul anuncian plan de fusi\u00f3n para crear gigante de aviaci\u00f3n"},"content":{"rendered":"\n<p>diariodominicano.com<\/p>\n\n\n\n<p>SAO PAULO, 15 ene (Xinhua) &#8212; Las aerol\u00edneas brasile\u00f1as Azul y Gol anunciaron hoy la firma de un memorando de intenciones para concretar una fusi\u00f3n, con lo cual formar\u00edan una de las compa\u00f1\u00edas m\u00e1s grandes de Am\u00e9rica Latina. Ambas compa\u00f1\u00edas hicieron el anuncio en un comunicado emitido al mercado despu\u00e9s del cierre de las operaciones de la Bolsa de Valores de Sao Paulo (Bovespa). \u00abLas mejoras en la oferta a los clientes y las eficiencias generadas por esta operaci\u00f3n permitir\u00e1n a la entidad resultante seguir creciendo y fortaleciendo la aviaci\u00f3n en Brasil, a trav\u00e9s de una red que sirve al mayor n\u00famero de destinos en Brasil, apoyada por una flota flexible y centrado en la excelencia del servicio\u00bb, dice el comunicado de Azul. En caso de que sea aprobada la fusi\u00f3n, se generar\u00eda la primera empresa de aviaci\u00f3n de Brasil, con el 60 por ciento del mercado de la mayor econom\u00eda de Am\u00e9rica Latina. Esta fusi\u00f3n tendr\u00eda como principal competidora a la actual l\u00edder del mercado en cantidad de vuelos, Latam, de capitales chilenos y brasile\u00f1os. Gol se encuentra en un proceso de convocatoria de acreedores y de recuperaci\u00f3n judicial en Estados Unidos, por eso la operaci\u00f3n de fusi\u00f3n est\u00e1 siendo llevada a cabo por Abra, la sociedad controladora de Gol. En caso de cumplirse el memorando de intenciones, la empresa deber\u00e1 ser aprobada por la Agencia Nacional de Aviaci\u00f3n Civil y el Consejo Administrativo de Defensa Econ\u00f3mica (CADE), ente antimonopolio del Gobierno federal. La expectativa es que este proceso con los organismos reguladores demore un a\u00f1o, lo que permitir\u00e1 iniciar la operaci\u00f3n conjunta en 2026. El director general de Azul, John Rodgerson, dijo que habl\u00f3 con el presidente brasile\u00f1o, Luiz In\u00e1cio Lulda Silva, sobre la operaci\u00f3n hace unos ocho meses. Lula defendi\u00f3 una empresa nacional robusta, expres\u00f3 Rodgerson al diario Folha de Sao Paulo. El acuerdo, sin embargo, depende del cumplimiento de varias condiciones, como el cese del proceso de recuperaci\u00f3n judicial de Gol en Estados Unidos.<\/p>\n","protected":false},"excerpt":{"rendered":"<p>diariodominicano.com SAO PAULO, 15 ene (Xinhua) &#8212; Las aerol\u00edneas brasile\u00f1as Azul y Gol anunciaron hoy la firma de un memorando de intenciones para concretar una fusi\u00f3n, con lo cual formar\u00edan una de las compa\u00f1\u00edas m\u00e1s grandes de Am\u00e9rica Latina. Ambas compa\u00f1\u00edas hicieron el anuncio en un comunicado emitido al mercado despu\u00e9s del cierre de las [&hellip;]<\/p>\n","protected":false},"author":5,"featured_media":589266,"comment_status":"closed","ping_status":"closed","sticky":true,"template":"","format":"standard","meta":{"footnotes":""},"categories":[23,27],"tags":[],"class_list":["post-589264","post","type-post","status-publish","format-standard","has-post-thumbnail","hentry","category-internacional","category-portada"],"_links":{"self":[{"href":"https:\/\/diariodominicano.com\/index.php?rest_route=\/wp\/v2\/posts\/589264","targetHints":{"allow":["GET"]}}],"collection":[{"href":"https:\/\/diariodominicano.com\/index.php?rest_route=\/wp\/v2\/posts"}],"about":[{"href":"https:\/\/diariodominicano.com\/index.php?rest_route=\/wp\/v2\/types\/post"}],"author":[{"embeddable":true,"href":"https:\/\/diariodominicano.com\/index.php?rest_route=\/wp\/v2\/users\/5"}],"replies":[{"embeddable":true,"href":"https:\/\/diariodominicano.com\/index.php?rest_route=%2Fwp%2Fv2%2Fcomments&post=589264"}],"version-history":[{"count":1,"href":"https:\/\/diariodominicano.com\/index.php?rest_route=\/wp\/v2\/posts\/589264\/revisions"}],"predecessor-version":[{"id":589267,"href":"https:\/\/diariodominicano.com\/index.php?rest_route=\/wp\/v2\/posts\/589264\/revisions\/589267"}],"wp:featuredmedia":[{"embeddable":true,"href":"https:\/\/diariodominicano.com\/index.php?rest_route=\/wp\/v2\/media\/589266"}],"wp:attachment":[{"href":"https:\/\/diariodominicano.com\/index.php?rest_route=%2Fwp%2Fv2%2Fmedia&parent=589264"}],"wp:term":[{"taxonomy":"category","embeddable":true,"href":"https:\/\/diariodominicano.com\/index.php?rest_route=%2Fwp%2Fv2%2Fcategories&post=589264"},{"taxonomy":"post_tag","embeddable":true,"href":"https:\/\/diariodominicano.com\/index.php?rest_route=%2Fwp%2Fv2%2Ftags&post=589264"}],"curies":[{"name":"wp","href":"https:\/\/api.w.org\/{rel}","templated":true}]}}