{"id":589233,"date":"2025-01-15T17:45:56","date_gmt":"2025-01-15T21:45:56","guid":{"rendered":"https:\/\/diariodominicano.com\/?p=589233"},"modified":"2025-01-16T18:29:17","modified_gmt":"2025-01-16T22:29:17","slug":"tiktok-prepara-su-cierre-en-eeuu-para-el-domingo-segun-the-information","status":"publish","type":"post","link":"https:\/\/diariodominicano.com\/?p=589233","title":{"rendered":"TikTok prepara su cierre en EEUU para el domingo, seg\u00fan The Information"},"content":{"rendered":"\n<p>FOTO DE ARCHIVO: Una persona mira su tel\u00e9fono desde un balc\u00f3n en las oficinas de Tik Tok, en California, EE.UU., 13 de marzo de 2024. REUTERS<\/p>\n\n\n\n<p>enero 15, 2025<\/p>\n\n\n\n<ul class=\"wp-block-list\">\n<li><a href=\"https:\/\/www.vozdeamerica.com\/author\/reuters\/riv_i\">Reuters<\/a><\/li>\n<\/ul>\n\n\n\n<ul class=\"wp-block-list\">\n<li><a href=\"https:\/\/facebook.com\/sharer.php?u=https%3a%2f%2fwww.vozdeamerica.com%2fa%2ftiktok-prepara-su-cierre-en-eeuu-para-el-domingo-segun-the-information%2f7937535.html\" target=\"_blank\" rel=\"noreferrer noopener\"><\/a><\/li>\n\n\n\n<li><a href=\"https:\/\/twitter.com\/share?url=https%3a%2f%2fwww.vozdeamerica.com%2fa%2ftiktok-prepara-su-cierre-en-eeuu-para-el-domingo-segun-the-information%2f7937535.html&amp;text=TikTok+prepara+su+cierre+en+EEUU+para+el+domingo%2c+seg%c3%ban+The+Information\" target=\"_blank\" rel=\"noreferrer noopener\"><\/a><\/li>\n\n\n\n<li><\/li>\n\n\n\n<li><a href=\"mailto:?body=https%3a%2f%2fwww.vozdeamerica.com%2fa%2ftiktok-prepara-su-cierre-en-eeuu-para-el-domingo-segun-the-information%2f7937535.html&amp;subject=TikTok%20prepara%20su%20cierre%20en%20EEUU%20para%20el%20domingo,%20seg%C3%BAn%20The%20Information\"><\/a><\/li>\n<\/ul>\n\n\n\n<p><a href=\"https:\/\/www.vozdeamerica.com\/a\/tiktok-prepara-su-cierre-en-eeuu-para-el-domingo-segun-the-information\/7937535.html#comments\">&nbsp;Vea comentarios<\/a><\/p>\n\n\n\n<p>La ley s\u00f3lo prohibir\u00eda las nuevas descargas de TikTok en las tiendas de aplicaciones de Apple o Google, mientras que los usuarios actuales podr\u00edan seguir utilizando la aplicaci\u00f3n durante alg\u00fan tiempo.<\/p>\n\n\n\n<p>TikTok planea cerrar su aplicaci\u00f3n para los usuarios de Estados Unidos el domingo, cuando podr\u00eda entrar en vigor una prohibici\u00f3n federal sobre la aplicaci\u00f3n de redes sociales, inform\u00f3 la publicaci\u00f3n&nbsp;<em>The Information<\/em>&nbsp;el martes, a menos que la Corte Suprema se mueva para bloquearla.<\/p>\n\n\n\n<p>Si TikTok cierra para todos los usuarios de EEUU, el resultado ser\u00eda diferente del que exige la ley. La ley s\u00f3lo prohibir\u00eda las nuevas descargas de TikTok en las tiendas de aplicaciones de Apple AAPL.O o Google GOOGL.O, mientras que los usuarios actuales podr\u00edan seguir utilizando la aplicaci\u00f3n durante alg\u00fan tiempo.<\/p>\n\n\n\n<p><a href=\"https:\/\/www.vozdeamerica.com\/a\/trump-se-une-a-tik-tok-y-gana-tres-millones-de-seguidores-rapidamente\/7640294.html\"><\/a><\/p>\n\n\n\n<p><a href=\"https:\/\/www.vozdeamerica.com\/a\/trump-se-une-a-tik-tok-y-gana-tres-millones-de-seguidores-rapidamente\/7640294.html\">Tambi\u00e9n lea<\/a><\/p>\n\n\n\n<h4 class=\"wp-block-heading\"><a href=\"https:\/\/www.vozdeamerica.com\/a\/trump-se-une-a-tik-tok-y-gana-tres-millones-de-seguidores-rapidamente\/7640294.html\">Trump se une a Tik Tok y gana tres millones de seguidores r\u00e1pidamente<\/a><\/h4>\n\n\n\n<p>Seg\u00fan el plan de TikTok, las personas que intenten abrir la aplicaci\u00f3n ver\u00e1n un mensaje emergente que les dirigir\u00e1 a un sitio web con informaci\u00f3n sobre la prohibici\u00f3n, dice el medio, citando a personas familiarizadas con el asunto.<\/p>\n\n\n\n<p>TikTok tambi\u00e9n planea dar a los usuarios la opci\u00f3n de descargar todos sus datos para que puedan llevarse consigo un registro de su informaci\u00f3n personal, seg\u00fan el art\u00edculo.<\/p>\n\n\n\n<p>TikTok y su matriz china, ByteDance, no respondieron inmediatamente a una petici\u00f3n de comentarios de Reuters.<\/p>\n\n\n\n<p>El presidente de EEUU, Joe Biden, hab\u00eda firmado en abril del a\u00f1o pasado una ley que obligaba a Bytedance a vender sus activos en el pa\u00eds antes del 19 de enero de 2025 o se enfrentar\u00eda a una prohibici\u00f3n en todo el pa\u00eds.<\/p>\n\n\n\n<p>Las empresas han solicitado, como m\u00ednimo, un aplazamiento de la aplicaci\u00f3n de la ley, que dicen que viola la protecci\u00f3n de la Primera Enmienda de la Constituci\u00f3n de Estados Unidos contra la restricci\u00f3n gubernamental de la libertad de expresi\u00f3n.<\/p>\n\n\n\n<p>TikTok dijo en un recurso judicial el mes pasado que calcula que un tercio de los 170 millones de estadounidenses que utilizan su aplicaci\u00f3n dejar\u00edan de acceder a la plataforma si la prohibici\u00f3n dura un mes.<\/p>\n","protected":false},"excerpt":{"rendered":"<p>FOTO DE ARCHIVO: Una persona mira su tel\u00e9fono desde un balc\u00f3n en las oficinas de Tik Tok, en California, EE.UU., 13 de marzo de 2024. REUTERS enero 15, 2025 &nbsp;Vea comentarios La ley s\u00f3lo prohibir\u00eda las nuevas descargas de TikTok en las tiendas de aplicaciones de Apple o Google, mientras que los usuarios actuales podr\u00edan [&hellip;]<\/p>\n","protected":false},"author":28,"featured_media":589234,"comment_status":"closed","ping_status":"closed","sticky":true,"template":"","format":"standard","meta":{"footnotes":""},"categories":[36,23],"tags":[],"class_list":["post-589233","post","type-post","status-publish","format-standard","has-post-thumbnail","hentry","category-hombresmujeresycosas","category-internacional"],"_links":{"self":[{"href":"https:\/\/diariodominicano.com\/index.php?rest_route=\/wp\/v2\/posts\/589233","targetHints":{"allow":["GET"]}}],"collection":[{"href":"https:\/\/diariodominicano.com\/index.php?rest_route=\/wp\/v2\/posts"}],"about":[{"href":"https:\/\/diariodominicano.com\/index.php?rest_route=\/wp\/v2\/types\/post"}],"author":[{"embeddable":true,"href":"https:\/\/diariodominicano.com\/index.php?rest_route=\/wp\/v2\/users\/28"}],"replies":[{"embeddable":true,"href":"https:\/\/diariodominicano.com\/index.php?rest_route=%2Fwp%2Fv2%2Fcomments&post=589233"}],"version-history":[{"count":1,"href":"https:\/\/diariodominicano.com\/index.php?rest_route=\/wp\/v2\/posts\/589233\/revisions"}],"predecessor-version":[{"id":589235,"href":"https:\/\/diariodominicano.com\/index.php?rest_route=\/wp\/v2\/posts\/589233\/revisions\/589235"}],"wp:featuredmedia":[{"embeddable":true,"href":"https:\/\/diariodominicano.com\/index.php?rest_route=\/wp\/v2\/media\/589234"}],"wp:attachment":[{"href":"https:\/\/diariodominicano.com\/index.php?rest_route=%2Fwp%2Fv2%2Fmedia&parent=589233"}],"wp:term":[{"taxonomy":"category","embeddable":true,"href":"https:\/\/diariodominicano.com\/index.php?rest_route=%2Fwp%2Fv2%2Fcategories&post=589233"},{"taxonomy":"post_tag","embeddable":true,"href":"https:\/\/diariodominicano.com\/index.php?rest_route=%2Fwp%2Fv2%2Ftags&post=589233"}],"curies":[{"name":"wp","href":"https:\/\/api.w.org\/{rel}","templated":true}]}}