{"id":589224,"date":"2025-01-15T17:37:33","date_gmt":"2025-01-15T21:37:33","guid":{"rendered":"https:\/\/diariodominicano.com\/?p=589224"},"modified":"2025-01-15T17:40:03","modified_gmt":"2025-01-15T21:40:03","slug":"archivo-general-de-la-nacion-2024-un-legado-de-publicaciones","status":"publish","type":"post","link":"https:\/\/diariodominicano.com\/?p=589224","title":{"rendered":"Archivo General de la Naci\u00f3n, 2024.\u00a0 Un legado de publicaciones"},"content":{"rendered":"\n<p>Del 14 al 18 de octubre de 2024, el Archivo General de la Naci\u00f3n (AGN) celebr\u00f3 la und\u00e9cima edici\u00f3n de la Feria del Libro de Historia Dominicana. En esa ocasi\u00f3n, adem\u00e1s de un programa cultural bien diverso, se pusieron a circular doce nuevos libros. Mas el a\u00f1o continu\u00f3 su decurso, y asimismo el esfuerzo cultural hacia la sociedad dominicana que desde hace a\u00f1os realiza el AGN para cumplir con eficacia una de sus misiones fundamentales: difundir el patrimonio hist\u00f3rico de la naci\u00f3n.&nbsp;<\/p>\n\n\n\n<figure class=\"wp-block-image size-large\"><img loading=\"lazy\" decoding=\"async\" width=\"1024\" height=\"682\" src=\"https:\/\/diariodominicano.com\/wp-content\/uploads\/2025\/01\/WhatsApp-Image-2025-01-15-at-13.26.51-1024x682.jpeg\" alt=\"\" class=\"wp-image-589226\" srcset=\"https:\/\/diariodominicano.com\/wp-content\/uploads\/2025\/01\/WhatsApp-Image-2025-01-15-at-13.26.51-1024x682.jpeg 1024w, https:\/\/diariodominicano.com\/wp-content\/uploads\/2025\/01\/WhatsApp-Image-2025-01-15-at-13.26.51-300x200.jpeg 300w, https:\/\/diariodominicano.com\/wp-content\/uploads\/2025\/01\/WhatsApp-Image-2025-01-15-at-13.26.51-768x512.jpeg 768w, https:\/\/diariodominicano.com\/wp-content\/uploads\/2025\/01\/WhatsApp-Image-2025-01-15-at-13.26.51-1536x1024.jpeg 1536w, https:\/\/diariodominicano.com\/wp-content\/uploads\/2025\/01\/WhatsApp-Image-2025-01-15-at-13.26.51-2048x1365.jpeg 2048w, https:\/\/diariodominicano.com\/wp-content\/uploads\/2025\/01\/WhatsApp-Image-2025-01-15-at-13.26.51-816x544.jpeg 816w\" sizes=\"auto, (max-width: 1024px) 100vw, 1024px\" \/><\/figure>\n\n\n\n<p>De manera que al cierre de 2024, se alcanz\u00f3 la cifra de 33 t\u00edtulos publicados, un resultado que habla de la importancia que dicha instituci\u00f3n otorga al libro en tanto agente de trasmisi\u00f3n de conocimiento.<\/p>\n\n\n\n<p>Ese cat\u00e1logo recorre un amplio diapas\u00f3n tem\u00e1tico, con el denominador com\u00fan de la historia dominicana. Veamos algunos ejemplos.<\/p>\n\n\n\n<p>La traducci\u00f3n, por primera vez al espa\u00f1ol, de una selecci\u00f3n del&nbsp; tomo VI (1821-1826) y el tomo VIII completo (1843-1846) de <em>Historia de Hait\u00ed<\/em>, de Thomas Madiou, &nbsp;obra representativa de la historiograf\u00eda haitiana, que ofrece una versi\u00f3n de los acontecimientos que desembocaron en la proclamaci\u00f3n de la independencia dominicana el 27 de febrero de 1844. Esta publicaci\u00f3n se llev\u00f3 a cabo &nbsp;en coedici\u00f3n con la Sociedad Dominicana de Bibli\u00f3filos.<\/p>\n\n\n\n<p>Tres tomos de <em>Visita y residencia hecha al gobernador de La Espa\u00f1ola, don Antonio Osorio<\/em>, de Genaro Rodr\u00edguez Morel, transcripci\u00f3n de un expediente que recoge el juicio de residencia a que fue sometido el gobernador, Antonio Osorio, al concluir las devastaciones de los pueblos de la banda del norte y el oeste de la isla entre 1605 y 1606. Fueron coeditados con la Academia Dominicana de la Historia e impresos con el apoyo generoso del Grupo Mall\u00e9n.<\/p>\n\n\n\n<p>Gracias a la labor del investigador y editor Andr\u00e9s Blanco, se ha rescatado el pensamiento de relevantes intelectuales dominicanos, mediante antolog\u00edas que ilustran las principales preocupaciones de las \u00e9pocas que les toc\u00f3 vivir. En 2024, este esfuerzo de Blanco se materializ\u00f3 en cinco vol\u00famenes, tres dedicados a Javier Angulo Guridi (<em>Narrativa<\/em> y <em>Ensayos y art\u00edculos<\/em> I y II), y dos que recogen parte de la correspondencia de los baecistas (<em>Correspondencia pol\u00edtica de Manuel Mar\u00eda Gautier<\/em>, y <em>Cartas rojas, verdes y azules<\/em>).<\/p>\n\n\n\n<p>La econom\u00eda y la sociedad dominicanas, vistas con perspectiva hist\u00f3rica y con una visi\u00f3n que se proyecta hasta el presente, se abordaron en textos que constituyen acercamientos exhaustivos a esas zonas. Tales los casos de &nbsp;&nbsp;&nbsp;<em>Caos monetario en Santo Domingo<\/em>, de F\u00e9lix Calvo; <em>Econom\u00eda, circulaci\u00f3n monetaria y real hacienda en Santo Domingo en los siglos XVI, XVII y XVIII<\/em>, de Amadeo Juli\u00e1n; <em>Historia social y econ\u00f3mica de Rep\u00fablica Dominicana<\/em> y <em>Con la palabra de Dios<\/em>, &nbsp;de Roberto Cass\u00e1, ambos en colaboraci\u00f3n con la Facultad de Humanidades y el Instituto de Historia de la UASD, e <em>Historia impositiva del pueblo dominicano Crecimiento de la econom\u00eda y de los ingresos fiscales<\/em>, Arturo Mart\u00ednez Moya, libro que tambi\u00e9n cont\u00f3 con el apoyo del Grupo Mall\u00e9n.<\/p>\n\n\n\n<p>Ha continuado la publicaci\u00f3n de los libros de ficci\u00f3n hist\u00f3rica, una manera peculiar de recrear la historia y atraer al lector hacia ella, sobre todo a los j\u00f3venes.&nbsp; Dentro de esta modalidad, aparecieron &nbsp;<em>Isla madre<\/em>, de Ana Josefina \u00c1lvarez, autobiograf\u00eda novelada que desata los recuerdos de la infancia y la adolescencia en la era de Trujillo; &nbsp;y <em>El complot que tumb\u00f3 al jefe<\/em>, de Eduardo Garc\u00eda Michel, relato de las incidencias que concluyeron con el ajusticiamiento del tirano. &nbsp;&nbsp;Algunas de estas novelas se sumaron a la Colecci\u00f3n Juvenil, como <em>La gloria llam\u00f3 dos veces<\/em>, de Julio Gonz\u00e1lez Herrera, y <em>Eusebio Sapote. La historia y la novela de un tarado<\/em>, de Enrique Aguiar.<\/p>\n\n\n\n<p>Vieron la luz los n\u00fameros 165, 166 y 167 del <em>Bolet\u00edn del Archivo General de la Naci\u00f3n<\/em>, y se realizaron publicaciones conmemorativas, como la edici\u00f3n facsimilar de <em>Pueblo, sangre y canto<\/em>, testimonio po\u00e9tico de la lucha del pueblo dominicano, concebido por el Frente Cultural, agrupaci\u00f3n de intelectuales y artistas que enfrentaron al invasor durante la gesta de abril de 1965; <em>Inmolaci\u00f3n, <\/em>diario de campa\u00f1a de Juan Enrique Puigsubir\u00e1-Mini\u00f1o, h\u00e9roe de la expedici\u00f3n de 1959; y <em>Obras selectas<\/em>, antolog\u00eda de textos de Franc B\u00e1ez Evertz, uno de los renovadores de la sociolog\u00eda dominicana.<\/p>\n\n\n\n<p>Concluy\u00f3 2024 y, con \u00e9l, el programa de publicaciones del Archivo General de la Naci\u00f3n de ese a\u00f1o, legando al pueblo dominicano, como se puede apreciar en este breve recorrido, &nbsp;un caudal de conocimientos; legado que seguramente volveremos a disfrutar &nbsp;\u2014y eso esperamos\u2014 en este 2025. &nbsp;<\/p>\n\n\n\n<p>relacionespublicas<\/p>\n\n\n\n<p>relacionespublicas (De tus contactos de Google)<\/p>\n\n\n\n<p><a target=\"_blank\" href=\"mailto:relacionespublicas@agn.gob.do\" rel=\"noreferrer noopener\">relacionespublicas@agn.gob.<\/a><\/p>\n","protected":false},"excerpt":{"rendered":"<p>Del 14 al 18 de octubre de 2024, el Archivo General de la Naci\u00f3n (AGN) celebr\u00f3 la und\u00e9cima edici\u00f3n de la Feria del Libro de Historia Dominicana. En esa ocasi\u00f3n, adem\u00e1s de un programa cultural bien diverso, se pusieron a circular doce nuevos libros. Mas el a\u00f1o continu\u00f3 su decurso, y asimismo el esfuerzo cultural [&hellip;]<\/p>\n","protected":false},"author":28,"featured_media":589225,"comment_status":"closed","ping_status":"closed","sticky":true,"template":"","format":"standard","meta":{"footnotes":""},"categories":[21,36,26],"tags":[],"class_list":["post-589224","post","type-post","status-publish","format-standard","has-post-thumbnail","hentry","category-cultura","category-hombresmujeresycosas","category-efemerides"],"_links":{"self":[{"href":"https:\/\/diariodominicano.com\/index.php?rest_route=\/wp\/v2\/posts\/589224","targetHints":{"allow":["GET"]}}],"collection":[{"href":"https:\/\/diariodominicano.com\/index.php?rest_route=\/wp\/v2\/posts"}],"about":[{"href":"https:\/\/diariodominicano.com\/index.php?rest_route=\/wp\/v2\/types\/post"}],"author":[{"embeddable":true,"href":"https:\/\/diariodominicano.com\/index.php?rest_route=\/wp\/v2\/users\/28"}],"replies":[{"embeddable":true,"href":"https:\/\/diariodominicano.com\/index.php?rest_route=%2Fwp%2Fv2%2Fcomments&post=589224"}],"version-history":[{"count":3,"href":"https:\/\/diariodominicano.com\/index.php?rest_route=\/wp\/v2\/posts\/589224\/revisions"}],"predecessor-version":[{"id":589229,"href":"https:\/\/diariodominicano.com\/index.php?rest_route=\/wp\/v2\/posts\/589224\/revisions\/589229"}],"wp:featuredmedia":[{"embeddable":true,"href":"https:\/\/diariodominicano.com\/index.php?rest_route=\/wp\/v2\/media\/589225"}],"wp:attachment":[{"href":"https:\/\/diariodominicano.com\/index.php?rest_route=%2Fwp%2Fv2%2Fmedia&parent=589224"}],"wp:term":[{"taxonomy":"category","embeddable":true,"href":"https:\/\/diariodominicano.com\/index.php?rest_route=%2Fwp%2Fv2%2Fcategories&post=589224"},{"taxonomy":"post_tag","embeddable":true,"href":"https:\/\/diariodominicano.com\/index.php?rest_route=%2Fwp%2Fv2%2Ftags&post=589224"}],"curies":[{"name":"wp","href":"https:\/\/api.w.org\/{rel}","templated":true}]}}