{"id":589198,"date":"2025-01-15T16:51:28","date_gmt":"2025-01-15T20:51:28","guid":{"rendered":"https:\/\/diariodominicano.com\/?p=589198"},"modified":"2025-01-15T16:51:37","modified_gmt":"2025-01-15T20:51:37","slug":"israel-y-hamas-alcanzan-acuerdo-de-alto-el-fuego-para-poner-fin-a-guerra-en-gaza","status":"publish","type":"post","link":"https:\/\/diariodominicano.com\/?p=589198","title":{"rendered":"Israel y Ham\u00e1s alcanzan acuerdo de alto el fuego para poner fin a guerra en Gaza"},"content":{"rendered":"\n<p>Los palestinos reaccionan poco antes del anuncio de un acuerdo de alto el fuego con Israel, en Khan Younis, en el sur de la Franja de Gaza.<\/p>\n\n\n\n<p>enero 15, 2025<\/p>\n\n\n\n<ul class=\"wp-block-list\">\n<li><a href=\"https:\/\/www.vozdeamerica.com\/author\/voz-de-america-redaccion\/p_kym\">Voz de Am\u00e9rica &#8211; Redacci\u00f3n<\/a><\/li>\n<\/ul>\n\n\n\n<ul class=\"wp-block-list\">\n<li><a href=\"https:\/\/facebook.com\/sharer.php?u=https%3a%2f%2fwww.vozdeamerica.com%2fa%2fisrael-y-hamas-alcanzan-acuerdo-de-alto-el-fuego-para-poner-fin-a-guerra-en-gaza%2f7937885.html\" target=\"_blank\" rel=\"noreferrer noopener\"><\/a><\/li>\n\n\n\n<li><a href=\"https:\/\/twitter.com\/share?url=https%3a%2f%2fwww.vozdeamerica.com%2fa%2fisrael-y-hamas-alcanzan-acuerdo-de-alto-el-fuego-para-poner-fin-a-guerra-en-gaza%2f7937885.html&amp;text=Israel+y+Ham%c3%a1s+alcanzan+acuerdo+de+alto+el+fuego+para+poner+fin+a+guerra+en+Gaza\" target=\"_blank\" rel=\"noreferrer noopener\"><\/a><\/li>\n\n\n\n<li><\/li>\n\n\n\n<li><a href=\"mailto:?body=https%3a%2f%2fwww.vozdeamerica.com%2fa%2fisrael-y-hamas-alcanzan-acuerdo-de-alto-el-fuego-para-poner-fin-a-guerra-en-gaza%2f7937885.html&amp;subject=Israel%20y%20Ham%C3%A1s%20alcanzan%20acuerdo%20de%20alto%20el%20fuego%20para%20poner%20fin%20a%20guerra%20en%20Gaza\"><\/a><\/li>\n<\/ul>\n\n\n\n<p><a href=\"https:\/\/www.vozdeamerica.com\/a\/israel-y-hamas-alcanzan-acuerdo-de-alto-el-fuego-para-poner-fin-a-guerra-en-gaza\/7937885.html#comments\">&nbsp;Vea comentarios<\/a><\/p>\n\n\n\n<p>El anuncio del acuerdo de alto el fuego entre Israel y Ham\u00e1s el mi\u00e9rcoles abre el camino a un posible final de una guerra de 15 meses que tiene en vilo a Oriente Medio.<\/p>\n\n\n\n<p>Israel y Ham\u00e1s llegaron el mi\u00e9rcoles a un acuerdo para detener los combates en Gaza e intercambiar rehenes israel\u00edes por presos palestinos, seg\u00fan dijo a medios un funcionario informado sobre el acuerdo.<\/p>\n\n\n\n<p>La medida abre camino a un posible final de una guerra de 15 meses que tiene en vilo a Oriente Medio.<\/p>\n\n\n\n<p>El acuerdo llega tras meses de negociaciones intermitentes auspiciadas por mediadores egipcios y qatar\u00edes, con el respaldo de Estados Unidos, y justo antes de la toma de posesi\u00f3n el 20 de enero del presidente electo estadounidense, Donald Trump.<\/p>\n\n\n\n<p><a href=\"https:\/\/www.vozdeamerica.com\/a\/marco-rubio-candidato-de-trump-al-departamento-de-estado-promete-una-pol%C3%ADtica-exterior-centrada-en-eeuu\/7937846.html\"><\/a><\/p>\n\n\n\n<p><a href=\"https:\/\/www.vozdeamerica.com\/a\/marco-rubio-candidato-de-trump-al-departamento-de-estado-promete-una-pol%C3%ADtica-exterior-centrada-en-eeuu\/7937846.html\">Tambi\u00e9n lea<\/a><\/p>\n\n\n\n<h4 class=\"wp-block-heading\"><a href=\"https:\/\/www.vozdeamerica.com\/a\/marco-rubio-candidato-de-trump-al-departamento-de-estado-promete-una-pol%C3%ADtica-exterior-centrada-en-eeuu\/7937846.html\">Marco Rubio, candidato a secretario de Estado, advierte que China es la \u00abmayor amenaza\u00bb para EEUU<\/a><\/h4>\n\n\n\n<p>Las tropas israel\u00edes invadieron Gaza despu\u00e9s de que hombres armados dirigidos por Ham\u00e1s rompieron las barreras de seguridad e irrumpieron en comunidades israel\u00edes el 7 de octubre de 2023. El ataque dej\u00f3 1.200 soldados y civiles muertos y a m\u00e1s de 250 rehenes extranjeros e israel\u00edes en manos de Ham\u00e1s.<\/p>\n\n\n\n<p>La campa\u00f1a de Israel en Gaza ha acabado con la vida de m\u00e1s de 46.000 personas, seg\u00fan cifras del Ministerio de Salud, y ha dejado el estrecho enclave costero convertido en un p\u00e1ramo de escombros, con cientos de miles de personas sobreviviendo al fr\u00edo invernal en tiendas de campa\u00f1a y refugios improvisados.<\/p>\n\n\n\n<p>A medida que se acercaba su toma de posesi\u00f3n, el presidente electo Donald Trump repiti\u00f3 su exigencia de que se llegara a un acuerdo r\u00e1pido, advirtiendo en repetidas ocasiones de que se desencadenar\u00eda \u00abun infierno\u00bb si no se liberaba a los rehenes.<\/p>\n\n\n\n<p>El mi\u00e9rcoles, Trump dijo el mi\u00e9rcoles que se hab\u00eda llegado a un acuerdo para liberar a los rehenes retenidos en Gaza, en comentarios publicados en la plataforma Truth Social.<\/p>\n\n\n\n<p>Su enviado para Oriente Medio, Steve Witkoff, trabaj\u00f3 con el equipo del presidente Joe Biden para impulsar el acuerdo.<\/p>\n\n\n\n<p>En Israel, la devoluci\u00f3n de los rehenes puede aliviar parte de la ira p\u00fablica contra el primer ministro Benjamin Netanyahu y su Gobierno de derechas por el fallo de seguridad del 7 de octubre, que condujo al d\u00eda m\u00e1s letal en la historia del pa\u00eds.<\/p>\n\n\n\n<p>El conflicto se extendi\u00f3 por Oriente Medio, con ramificaciones respaldadas por Ir\u00e1n en L\u00edbano, Irak y Yemen que atacaron Israel en solidaridad con los palestinos. El acuerdo llega despu\u00e9s de que Israel matara a los m\u00e1ximos dirigentes de Ham\u00e1s y Hezbol\u00e1.<\/p>\n\n\n\n<p><a href=\"https:\/\/www.vozdeamerica.com\/a\/momentos-que-fueron-noticia-alrededor-del-mundo-2024\/7907068.html\"><\/a><\/p>\n\n\n\n<p><a href=\"https:\/\/www.vozdeamerica.com\/a\/momentos-que-fueron-noticia-alrededor-del-mundo-2024\/7907068.html\">Tambi\u00e9n lea<\/a><\/p>\n\n\n\n<h4 class=\"wp-block-heading\"><a href=\"https:\/\/www.vozdeamerica.com\/a\/momentos-que-fueron-noticia-alrededor-del-mundo-2024\/7907068.html\">10 momentos que fueron noticia alrededor del mundo en 2024<\/a><\/h4>\n\n\n\n<p>La campa\u00f1a de Israel en Gaza ha acabado con la vida de m\u00e1s de 46.000 personas, seg\u00fan cifras del Ministerio de Salud, y ha dejado el estrecho enclave costero convertido en un p\u00e1ramo de escombros, con cientos de miles de personas sobreviviendo al fr\u00edo invernal en tiendas de campa\u00f1a y refugios improvisados.<\/p>\n\n\n\n<p>A medida que se acercaba su toma de posesi\u00f3n, Trump repiti\u00f3 su exigencia de que se llegara a un acuerdo r\u00e1pido, advirtiendo en repetidas ocasiones de que se desencadenar\u00eda \u00abun infierno\u00bb si no se liberaba a los rehenes.<\/p>\n\n\n\n<p>Su enviado para Oriente Medio, Steve Witkoff, trabaj\u00f3 con el equipo del presidente Joe Biden para impulsar el acuerdo.<\/p>\n\n\n\n<p>En Israel, la devoluci\u00f3n de los rehenes puede aliviar parte de la ira p\u00fablica contra el primer ministro Benjamin Netanyahu y su Gobierno de derechas por el fallo de seguridad del 7 de octubre, que condujo al d\u00eda m\u00e1s letal en la historia del pa\u00eds.<\/p>\n\n\n\n<p>El conflicto se extendi\u00f3 por Oriente Medio, con ramificaciones respaldadas por Ir\u00e1n en L\u00edbano, Irak y Yemen que atacaron Israel en solidaridad con los palestinos. El acuerdo llega despu\u00e9s de que Israel matara a los m\u00e1ximos dirigentes de Ham\u00e1s y Hezbol\u00e1.<\/p>\n\n\n\n<p><em>[Con informaci\u00f3n de Reuters y The Associated Press]<\/em><\/p>\n","protected":false},"excerpt":{"rendered":"<p>Los palestinos reaccionan poco antes del anuncio de un acuerdo de alto el fuego con Israel, en Khan Younis, en el sur de la Franja de Gaza. enero 15, 2025 &nbsp;Vea comentarios El anuncio del acuerdo de alto el fuego entre Israel y Ham\u00e1s el mi\u00e9rcoles abre el camino a un posible final de una [&hellip;]<\/p>\n","protected":false},"author":28,"featured_media":589199,"comment_status":"closed","ping_status":"closed","sticky":true,"template":"","format":"standard","meta":{"footnotes":""},"categories":[23,27],"tags":[],"class_list":["post-589198","post","type-post","status-publish","format-standard","has-post-thumbnail","hentry","category-internacional","category-portada"],"_links":{"self":[{"href":"https:\/\/diariodominicano.com\/index.php?rest_route=\/wp\/v2\/posts\/589198","targetHints":{"allow":["GET"]}}],"collection":[{"href":"https:\/\/diariodominicano.com\/index.php?rest_route=\/wp\/v2\/posts"}],"about":[{"href":"https:\/\/diariodominicano.com\/index.php?rest_route=\/wp\/v2\/types\/post"}],"author":[{"embeddable":true,"href":"https:\/\/diariodominicano.com\/index.php?rest_route=\/wp\/v2\/users\/28"}],"replies":[{"embeddable":true,"href":"https:\/\/diariodominicano.com\/index.php?rest_route=%2Fwp%2Fv2%2Fcomments&post=589198"}],"version-history":[{"count":1,"href":"https:\/\/diariodominicano.com\/index.php?rest_route=\/wp\/v2\/posts\/589198\/revisions"}],"predecessor-version":[{"id":589200,"href":"https:\/\/diariodominicano.com\/index.php?rest_route=\/wp\/v2\/posts\/589198\/revisions\/589200"}],"wp:featuredmedia":[{"embeddable":true,"href":"https:\/\/diariodominicano.com\/index.php?rest_route=\/wp\/v2\/media\/589199"}],"wp:attachment":[{"href":"https:\/\/diariodominicano.com\/index.php?rest_route=%2Fwp%2Fv2%2Fmedia&parent=589198"}],"wp:term":[{"taxonomy":"category","embeddable":true,"href":"https:\/\/diariodominicano.com\/index.php?rest_route=%2Fwp%2Fv2%2Fcategories&post=589198"},{"taxonomy":"post_tag","embeddable":true,"href":"https:\/\/diariodominicano.com\/index.php?rest_route=%2Fwp%2Fv2%2Ftags&post=589198"}],"curies":[{"name":"wp","href":"https:\/\/api.w.org\/{rel}","templated":true}]}}