{"id":589193,"date":"2025-01-15T20:35:58","date_gmt":"2025-01-16T00:35:58","guid":{"rendered":"https:\/\/diariodominicano.com\/?p=589193"},"modified":"2025-01-15T20:36:24","modified_gmt":"2025-01-16T00:36:24","slug":"banco-multiple-lafise-anuncia-la-incorporacion-de-brian-paniagua-como-nuevo-gerente-general","status":"publish","type":"post","link":"https:\/\/diariodominicano.com\/?p=589193","title":{"rendered":"Banco M\u00faltiple LAFISE Anuncia la Incorporaci\u00f3n de Brian Paniagua como Nuevo Gerente General"},"content":{"rendered":"\n<p><em><strong>Santo Domingo<\/strong><\/em>\u2013 El Consejo de Administraci\u00f3n de Banco M\u00faltiple LAFISE incorpora al se\u00f1or Brian Paniagua como su nuevo Gerente General, quien asumir\u00e1 formalmente sus funciones a partir del 15 de enero de 2025. Con m\u00e1s de 30 a\u00f1os de experiencia en el sector bancario y Fintech, el Sr. Paniagua se ha destacado como l\u00edder en la implementaci\u00f3n de soluciones tecnol\u00f3gicas y en la transformaci\u00f3n digital del pa\u00eds.<\/p>\n\n\n\n<ul class=\"wp-block-list\">\n<li>A lo largo de su carrera, el se\u00f1or Paniagua ha fundado y liderado GCS Systems International, la primera y m\u00e1s destacada Fintech de la Rep\u00fablica Dominicana, y ha trabajado estrechamente con diversos sectores para promover la inclusi\u00f3n financiera.<\/li>\n<\/ul>\n\n\n\n<p>\u201cLa experiencia del se\u00f1or Paniagua ser\u00e1 clave para seguir impulsando el crecimiento de Banco M\u00faltiple LAFISE, fortaleciendo las relaciones con nuestros clientes, optimizando procesos y fomentando la innovaci\u00f3n dentro de la instituci\u00f3n. Todo esto con el objetivo de consolidar a\u00fan m\u00e1s nuestra presencia en el mercado\u201d, expres\u00f3 el presidente del Consejo de Administraci\u00f3n, Sr. Roberto Zamora Llanes.<\/p>\n\n\n\n<figure class=\"wp-block-table\"><table><tbody><tr><td colspan=\"2\"><strong>Orlando Jerez<\/strong>&nbsp;&lt;orlan2.jerez@gmail.com&gt;<\/td><\/tr><\/tbody><\/table><\/figure>\n\n\n\n<p> <\/p>\n","protected":false},"excerpt":{"rendered":"<p>Santo Domingo\u2013 El Consejo de Administraci\u00f3n de Banco M\u00faltiple LAFISE incorpora al se\u00f1or Brian Paniagua como su nuevo Gerente General, quien asumir\u00e1 formalmente sus funciones a partir del 15 de enero de 2025. Con m\u00e1s de 30 a\u00f1os de experiencia en el sector bancario y Fintech, el Sr. Paniagua se ha destacado como l\u00edder en [&hellip;]<\/p>\n","protected":false},"author":7,"featured_media":589248,"comment_status":"closed","ping_status":"closed","sticky":false,"template":"","format":"standard","meta":{"footnotes":""},"categories":[18],"tags":[1410],"class_list":["post-589193","post","type-post","status-publish","format-standard","has-post-thumbnail","hentry","category-economia","tag-banco-multiple-lafise"],"_links":{"self":[{"href":"https:\/\/diariodominicano.com\/index.php?rest_route=\/wp\/v2\/posts\/589193","targetHints":{"allow":["GET"]}}],"collection":[{"href":"https:\/\/diariodominicano.com\/index.php?rest_route=\/wp\/v2\/posts"}],"about":[{"href":"https:\/\/diariodominicano.com\/index.php?rest_route=\/wp\/v2\/types\/post"}],"author":[{"embeddable":true,"href":"https:\/\/diariodominicano.com\/index.php?rest_route=\/wp\/v2\/users\/7"}],"replies":[{"embeddable":true,"href":"https:\/\/diariodominicano.com\/index.php?rest_route=%2Fwp%2Fv2%2Fcomments&post=589193"}],"version-history":[{"count":1,"href":"https:\/\/diariodominicano.com\/index.php?rest_route=\/wp\/v2\/posts\/589193\/revisions"}],"predecessor-version":[{"id":589249,"href":"https:\/\/diariodominicano.com\/index.php?rest_route=\/wp\/v2\/posts\/589193\/revisions\/589249"}],"wp:featuredmedia":[{"embeddable":true,"href":"https:\/\/diariodominicano.com\/index.php?rest_route=\/wp\/v2\/media\/589248"}],"wp:attachment":[{"href":"https:\/\/diariodominicano.com\/index.php?rest_route=%2Fwp%2Fv2%2Fmedia&parent=589193"}],"wp:term":[{"taxonomy":"category","embeddable":true,"href":"https:\/\/diariodominicano.com\/index.php?rest_route=%2Fwp%2Fv2%2Fcategories&post=589193"},{"taxonomy":"post_tag","embeddable":true,"href":"https:\/\/diariodominicano.com\/index.php?rest_route=%2Fwp%2Fv2%2Ftags&post=589193"}],"curies":[{"name":"wp","href":"https:\/\/api.w.org\/{rel}","templated":true}]}}