{"id":589157,"date":"2025-01-15T13:26:31","date_gmt":"2025-01-15T17:26:31","guid":{"rendered":"https:\/\/diariodominicano.com\/?p=589157"},"modified":"2025-01-15T13:27:26","modified_gmt":"2025-01-15T17:27:26","slug":"bid-y-bid-invest-celebraran-sus-reuniones-anuales-en-chile-del-26-al-30-de-marzo","status":"publish","type":"post","link":"https:\/\/diariodominicano.com\/?p=589157","title":{"rendered":"BID y BID Invest celebrar\u00e1n sus Reuniones Anuales en Chile del 26 al 30 de marzo"},"content":{"rendered":"\n<p>El Banco Interamericano de Desarrollo (BID) y BID Invest celebrar\u00e1n del 26 al 30 de marzo, en Chile, sus Reuniones Anuales de las Asambleas de Gobernadores 2025. Los l\u00edderes econ\u00f3micos y financieros de los 48 pa\u00edses miembros del BID y del sector privado discutir\u00e1n los desaf\u00edos y oportunidades de desarrollo en Am\u00e9rica Latina y el Caribe, incluyendo la lucha contra la pobreza y el hambre, y como aprovechar la innovaci\u00f3n para fomentar el crecimiento y sostenibilidad de la regi\u00f3n.<\/p>\n\n\n\n<p>Las Reuniones se llevar\u00e1n a cabo en el Centro Cultural Estaci\u00f3n Mapocho, en Santiago. Este evento marca la 65.\u00aa Reuni\u00f3n Anual de la Asamblea de Gobernadores del BID y la 39.\u00aa Reuni\u00f3n Anual de la Asamblea de Gobernadores de BID Invest.<\/p>\n\n\n\n<p>Las Asambleas de Gobernadores del BID y BID Invest son las instancias m\u00e1ximas de toma de decisiones, y est\u00e1n integradas por ministros de finanzas y econom\u00eda, as\u00ed como por otros altos funcionarios.<\/p>\n\n\n\n<p>Los Gobernadores discutir\u00e1n las maneras en que el BID y BID Invest, en su car\u00e1cter de principales fuentes de financiamiento, conocimiento e investigaci\u00f3n para el desarrollo de Am\u00e9rica Latina y el Caribe, pueden aumentar el impacto y escala de su apoyo a la regi\u00f3n.<\/p>\n\n\n\n<p>Algunos de los temas clave que abordar\u00e1n los Gobernadores incluyen la implementaci\u00f3n de las reformas aprobadas durante las Reuniones Anuales en Punta Cana en 2024: BIDImpact+, EstrategiaBID+, BIDInvest+ y BIDLab+. Estas transformaciones elevan la capacidad del BID, BID Invest y BID Lab a un nuevo nivel de respuesta ante las necesidades de la regi\u00f3n, proporcionando asesor\u00eda especializada y nuevos instrumentos financieros, entre otros.<\/p>\n\n\n\n<p>Otras actividades incluyen una reuni\u00f3n con representantes de la sociedad civil de los pa\u00edses miembros del BID y seminarios sobre c\u00f3mo erradicar la pobreza y el hambre, ciudades resilientes y cambio clim\u00e1tico, el rol de la innovaci\u00f3n y la IA como como motor de impacto para el desarrollo, la integraci\u00f3n regional y el crecimiento econ\u00f3mico.<\/p>\n\n\n\n<p>Adem\u00e1s, las Reuniones Anuales contar\u00e1n con un foro de inversi\u00f3n empresarial. Los periodistas pueden inscribirse desde hoy y hasta antes del 19 de marzo de 2025. Solo los medios debidamente inscriptos recibir\u00e1n informaci\u00f3n sobre conferencias de prensa y otras actividades para los medios.<br>Por m\u00e1s informaci\u00f3n visite el<a href=\"https:\/\/liveevents.iadb.org\/\">\u202fsitio web\u202f<\/a>de las Reuniones Anuales. Reinoso Nunez, Patricia &lt;<a href=\"mailto:PATRICIAREI@iadb.org\">PATRICIAREI@iadb.org<\/a>&gt;<\/p>\n","protected":false},"excerpt":{"rendered":"<p>El Banco Interamericano de Desarrollo (BID) y BID Invest celebrar\u00e1n del 26 al 30 de marzo, en Chile, sus Reuniones Anuales de las Asambleas de Gobernadores 2025. Los l\u00edderes econ\u00f3micos y financieros de los 48 pa\u00edses miembros del BID y del sector privado discutir\u00e1n los desaf\u00edos y oportunidades de desarrollo en Am\u00e9rica Latina y el [&hellip;]<\/p>\n","protected":false},"author":7,"featured_media":589171,"comment_status":"closed","ping_status":"closed","sticky":false,"template":"","format":"standard","meta":{"footnotes":""},"categories":[18],"tags":[682,683],"class_list":["post-589157","post","type-post","status-publish","format-standard","has-post-thumbnail","hentry","category-economia","tag-bid","tag-bid-invest"],"_links":{"self":[{"href":"https:\/\/diariodominicano.com\/index.php?rest_route=\/wp\/v2\/posts\/589157","targetHints":{"allow":["GET"]}}],"collection":[{"href":"https:\/\/diariodominicano.com\/index.php?rest_route=\/wp\/v2\/posts"}],"about":[{"href":"https:\/\/diariodominicano.com\/index.php?rest_route=\/wp\/v2\/types\/post"}],"author":[{"embeddable":true,"href":"https:\/\/diariodominicano.com\/index.php?rest_route=\/wp\/v2\/users\/7"}],"replies":[{"embeddable":true,"href":"https:\/\/diariodominicano.com\/index.php?rest_route=%2Fwp%2Fv2%2Fcomments&post=589157"}],"version-history":[{"count":1,"href":"https:\/\/diariodominicano.com\/index.php?rest_route=\/wp\/v2\/posts\/589157\/revisions"}],"predecessor-version":[{"id":589172,"href":"https:\/\/diariodominicano.com\/index.php?rest_route=\/wp\/v2\/posts\/589157\/revisions\/589172"}],"wp:featuredmedia":[{"embeddable":true,"href":"https:\/\/diariodominicano.com\/index.php?rest_route=\/wp\/v2\/media\/589171"}],"wp:attachment":[{"href":"https:\/\/diariodominicano.com\/index.php?rest_route=%2Fwp%2Fv2%2Fmedia&parent=589157"}],"wp:term":[{"taxonomy":"category","embeddable":true,"href":"https:\/\/diariodominicano.com\/index.php?rest_route=%2Fwp%2Fv2%2Fcategories&post=589157"},{"taxonomy":"post_tag","embeddable":true,"href":"https:\/\/diariodominicano.com\/index.php?rest_route=%2Fwp%2Fv2%2Ftags&post=589157"}],"curies":[{"name":"wp","href":"https:\/\/api.w.org\/{rel}","templated":true}]}}