{"id":589125,"date":"2025-01-15T02:51:16","date_gmt":"2025-01-15T06:51:16","guid":{"rendered":"https:\/\/diariodominicano.com\/?p=589125"},"modified":"2025-01-15T02:51:21","modified_gmt":"2025-01-15T06:51:21","slug":"mexicanos-celebran-exclusion-de-cuba-de-listado-terrorista","status":"publish","type":"post","link":"https:\/\/diariodominicano.com\/?p=589125","title":{"rendered":"Mexicanos celebran exclusi\u00f3n de Cuba de listado terrorista"},"content":{"rendered":"\n<p>Ciudad de M\u00e9xico, 15 ene (Prensa Latina) El Movimiento Mexicano de Solidaridad con Cuba celebr\u00f3 la decisi\u00f3n del gobierno de Estados Unidos de excluir a la isla de la lista de pa\u00edses que supuestamente patrocinan el terrorismo.<\/p>\n\n\n\n<ul class=\"wp-block-list\">\n<li><a href=\"https:\/\/www.prensa-latina.cu\/2025\/01\/15\/\"><time>enero 15, 2025 | 00:02<\/time><\/a><\/li>\n<\/ul>\n\n\n\n<ul class=\"wp-block-list\">\n<li><a href=\"https:\/\/www.prensa-latina.cu\/2025\/01\/15\/mexicanos-celebran-exclusion-de-cuba-de-listado-terrorista\/#\"><\/a><\/li>\n\n\n\n<li><a href=\"https:\/\/www.prensa-latina.cu\/2025\/01\/15\/mexicanos-celebran-exclusion-de-cuba-de-listado-terrorista\/#\"><\/a><\/li>\n\n\n\n<li><a href=\"https:\/\/www.prensa-latina.cu\/2025\/01\/15\/mexicanos-celebran-exclusion-de-cuba-de-listado-terrorista\/#\"><\/a><\/li>\n\n\n\n<li><a href=\"https:\/\/www.prensa-latina.cu\/2025\/01\/15\/mexicanos-celebran-exclusion-de-cuba-de-listado-terrorista\/#\"><\/a><\/li>\n<\/ul>\n\n\n\n<p>En un pronunciamiento, la organizaci\u00f3n consider\u00f3 que este es un gran logro de la naci\u00f3n antillana, de la raz\u00f3n y de la solidaridad internacional.<\/p>\n\n\n\n<p>A su juicio, se trata de una determinaci\u00f3n acertada, pero que debi\u00f3 tomarse desde el primer momento en que el presidente Joe Biden arrib\u00f3 a su despacho, \u201cdado que nunca existi\u00f3 ni existir\u00e1 una raz\u00f3n que justifique mantener a Cuba en esa lista\u201d.<\/p>\n\n\n\n<p>\u201cEs una decisi\u00f3n correcta, pero insuficiente. No olvidamos que el bloqueo (econ\u00f3mico, comercial y financiero impuesto por Washington) se mantiene como parte de una pol\u00edtica punitiva cuyo principal objetivo es doblegar a la Revoluci\u00f3n cubana\u201d, asever\u00f3.<\/p>\n\n\n\n<p>Denunci\u00f3 la persistencia de las medidas coercitivas como reforzamiento de dicho cerco, en violaci\u00f3n del derecho internacional y de los derechos humanos de todo el pueblo cubano.<\/p>\n\n\n\n<p>\u201cContin\u00faa el ataque a la cooperaci\u00f3n m\u00e9dica cubana, las transacciones financieras permanecen bajo prohibici\u00f3n y represalias. Cuba sigue siendo un destino que el gobierno estadounidense proh\u00edbe a sus ciudadanos\u201d, record\u00f3.<\/p>\n\n\n\n<p>Al subrayar que la guerra econ\u00f3mica y medi\u00e1tica contra la isla permanece, el Movimiento reiter\u00f3 su compromiso con la defensa de la libre autodeterminaci\u00f3n de la naci\u00f3n caribe\u00f1a y la exigencia de poner fin a la pol\u00edtica hostil contra esta.<\/p>\n\n\n\n<p>\u201cLa lucha sigue. Continuaremos denunciando la pol\u00edtica de guerra contra la isla, y nos mantenemos pendientes a la llegada del presidente (electo) Donald Trump y su gabinete contrarrevolucionario, y lo que ello significa sobre esta decisi\u00f3n y su pol\u00edtica de asfixia contra Cuba\u201d, asegur\u00f3.<\/p>\n\n\n\n<p>El gobierno estadounidense comunic\u00f3 ayer la decisi\u00f3n de excluir a Cuba de la lista del Departamento de Estado de pa\u00edses que supuestamente patrocinan el terrorismo.<\/p>\n\n\n\n<p>Ante la noticia, Cuba consider\u00f3 que, pese a su car\u00e1cter limitado, se trata de una decisi\u00f3n en la direcci\u00f3n correcta y en l\u00ednea con el sostenido y firme reclamo de su pueblo y gobierno.<\/p>\n\n\n\n<p>Seg\u00fan refiri\u00f3 en un comunicado la Canciller\u00eda del pa\u00eds caribe\u00f1o, la determinaci\u00f3n anunciada por Estados Unidos corrige, de modo muy restringido, aspectos de una pol\u00edtica cruel e injusta.<\/p>\n\n\n\n<p>Denunci\u00f3 adem\u00e1s que la guerra econ\u00f3mica contra la isla permanece y persiste en plantear el obst\u00e1culo fundamental al desarrollo y la recuperaci\u00f3n de su econom\u00eda con un alto costo humano para la poblaci\u00f3n.<\/p>\n\n\n\n<p>oda\/las<\/p>\n\n\n\n<ul class=\"wp-block-list\">\n<li>#<a href=\"https:\/\/www.prensa-latina.cu\/etiqueta\/cuba\/\">cuba<\/a>\u00a0#<a href=\"https:\/\/www.prensa-latina.cu\/etiqueta\/eeuu\/\">eeuu<\/a>\u00a0#<a href=\"https:\/\/www.prensa-latina.cu\/etiqueta\/lista\/\">lista<\/a>\u00a0#<a href=\"https:\/\/www.prensa-latina.cu\/etiqueta\/mexico\/\">M\u00e9xico<\/a>\u00a0#<a href=\"https:\/\/www.prensa-latina.cu\/etiqueta\/terrorismo\/\">terrorismo<\/a><\/li>\n<\/ul>\n","protected":false},"excerpt":{"rendered":"<p>Ciudad de M\u00e9xico, 15 ene (Prensa Latina) El Movimiento Mexicano de Solidaridad con Cuba celebr\u00f3 la decisi\u00f3n del gobierno de Estados Unidos de excluir a la isla de la lista de pa\u00edses que supuestamente patrocinan el terrorismo. En un pronunciamiento, la organizaci\u00f3n consider\u00f3 que este es un gran logro de la naci\u00f3n antillana, de la [&hellip;]<\/p>\n","protected":false},"author":28,"featured_media":589126,"comment_status":"closed","ping_status":"closed","sticky":true,"template":"","format":"standard","meta":{"footnotes":""},"categories":[23],"tags":[],"class_list":["post-589125","post","type-post","status-publish","format-standard","has-post-thumbnail","hentry","category-internacional"],"_links":{"self":[{"href":"https:\/\/diariodominicano.com\/index.php?rest_route=\/wp\/v2\/posts\/589125","targetHints":{"allow":["GET"]}}],"collection":[{"href":"https:\/\/diariodominicano.com\/index.php?rest_route=\/wp\/v2\/posts"}],"about":[{"href":"https:\/\/diariodominicano.com\/index.php?rest_route=\/wp\/v2\/types\/post"}],"author":[{"embeddable":true,"href":"https:\/\/diariodominicano.com\/index.php?rest_route=\/wp\/v2\/users\/28"}],"replies":[{"embeddable":true,"href":"https:\/\/diariodominicano.com\/index.php?rest_route=%2Fwp%2Fv2%2Fcomments&post=589125"}],"version-history":[{"count":1,"href":"https:\/\/diariodominicano.com\/index.php?rest_route=\/wp\/v2\/posts\/589125\/revisions"}],"predecessor-version":[{"id":589127,"href":"https:\/\/diariodominicano.com\/index.php?rest_route=\/wp\/v2\/posts\/589125\/revisions\/589127"}],"wp:featuredmedia":[{"embeddable":true,"href":"https:\/\/diariodominicano.com\/index.php?rest_route=\/wp\/v2\/media\/589126"}],"wp:attachment":[{"href":"https:\/\/diariodominicano.com\/index.php?rest_route=%2Fwp%2Fv2%2Fmedia&parent=589125"}],"wp:term":[{"taxonomy":"category","embeddable":true,"href":"https:\/\/diariodominicano.com\/index.php?rest_route=%2Fwp%2Fv2%2Fcategories&post=589125"},{"taxonomy":"post_tag","embeddable":true,"href":"https:\/\/diariodominicano.com\/index.php?rest_route=%2Fwp%2Fv2%2Ftags&post=589125"}],"curies":[{"name":"wp","href":"https:\/\/api.w.org\/{rel}","templated":true}]}}