{"id":589122,"date":"2025-01-15T02:49:12","date_gmt":"2025-01-15T06:49:12","guid":{"rendered":"https:\/\/diariodominicano.com\/?p=589122"},"modified":"2025-01-15T02:49:21","modified_gmt":"2025-01-15T06:49:21","slug":"el-mundo-celebra-decision-de-eeuu-sobre-cuba-y-exige-fin-del-bloqueo","status":"publish","type":"post","link":"https:\/\/diariodominicano.com\/?p=589122","title":{"rendered":"El mundo celebra decisi\u00f3n de EEUU sobre Cuba y exige fin del bloqueo"},"content":{"rendered":"\n<p>La Habana, 15 ene (Prensa Latina) Cuba qued\u00f3 fuera de la lista estadounidense de pa\u00edses patrocinadores del terrorismo, decisi\u00f3n de la Casa Blanca celebrada hoy por l\u00edderes mundiales y organizaciones sociales que exigen tambi\u00e9n el fin del bloqueo de Estados Unidos.<\/p>\n\n\n\n<ul class=\"wp-block-list\">\n<li><a href=\"https:\/\/www.prensa-latina.cu\/2025\/01\/15\/\"><time>enero 15, 2025 | 00:45<\/time><\/a><\/li>\n<\/ul>\n\n\n\n<ul class=\"wp-block-list\">\n<li><a href=\"https:\/\/www.prensa-latina.cu\/2025\/01\/15\/el-mundo-celebra-decision-de-eeuu-sobre-cuba-y-exige-fin-del-bloqueo\/#\"><\/a><\/li>\n\n\n\n<li><a href=\"https:\/\/www.prensa-latina.cu\/2025\/01\/15\/el-mundo-celebra-decision-de-eeuu-sobre-cuba-y-exige-fin-del-bloqueo\/#\"><\/a><\/li>\n\n\n\n<li><a href=\"https:\/\/www.prensa-latina.cu\/2025\/01\/15\/el-mundo-celebra-decision-de-eeuu-sobre-cuba-y-exige-fin-del-bloqueo\/#\"><\/a><\/li>\n\n\n\n<li><a href=\"https:\/\/www.prensa-latina.cu\/2025\/01\/15\/el-mundo-celebra-decision-de-eeuu-sobre-cuba-y-exige-fin-del-bloqueo\/#\"><\/a><\/li>\n<\/ul>\n\n\n\n<p>La medida anunciada la v\u00edspera por la administraci\u00f3n de Joe Biden fue recibida con satisfacci\u00f3n en varios pa\u00edses, especialmente de Latinoam\u00e9rica, entre ellos Venezuela, Colombia y Bolivia, as\u00ed como representantes de movimientos de solidaridad con la naci\u00f3n caribe\u00f1a. El gobierno bolivariano del presidente Nicol\u00e1s Maduro calific\u00f3 la acci\u00f3n de Estados Unidos como limitada y sostuvo que tal designaci\u00f3n nunca debi\u00f3 aplicarse a la isla caribe\u00f1a.<\/p>\n\n\n\n<p>En tal sentido subray\u00f3 la necesidad de desmantelar el bloqueo econ\u00f3mico, financiero y comercial que afecta a la sociedad cubana desde hace m\u00e1s de 60 a\u00f1os.<\/p>\n\n\n\n<p>Por su parte, el jefe de Estado de Bolivia, Luis Arce, elogi\u00f3 la decisi\u00f3n estadounidense y afirm\u00f3 que \u201cla raz\u00f3n, la verdad y la justicia se han impuesto\u201d, tras la inclusi\u00f3n \u201cunilateral, arbitraria e infame (en esa lista) en 2021\u201d, asegur\u00f3 el dignatario en su cuenta de X.<\/p>\n\n\n\n<p>De su parte el presidente de Colombia, Gustavo Petro, tambi\u00e9n celebr\u00f3 la exclusi\u00f3n de Cuba de aquel engendro que de manera unilateral elabora Estados Unidos. El mandatario consider\u00f3 que eliminar medidas punitivas, as\u00ed sea parcialmente, constituye un avance.<\/p>\n\n\n\n<p>La canciller\u00eda de ese propio pa\u00eds expres\u00f3 la gratitud al pueblo cubano por el apoyo irrestricto en los procesos de negociaci\u00f3n y di\u00e1logo necesarios para alcanzar una convivencia pac\u00edfica en Colombia.<\/p>\n\n\n\n<p>\u201cPor nuestra firme convicci\u00f3n en el multilateralismo como principio de las relaciones internacionales, rechazamos la imposici\u00f3n de sanciones y medidas unilaterales y por ello, junto con otros pa\u00edses aliados de la regi\u00f3n, apoyamos las gestiones y solicitudes para que la hermana Rep\u00fablica de Cuba fuese excluida de este listado\u201d, a\u00f1adi\u00f3 la nota de esa cartera.<\/p>\n\n\n\n<p>La Alianza Bolivariana para los Pueblos de Nuestra Am\u00e9rica-Tratado de Comercio de los Pueblos recibi\u00f3 con satisfacci\u00f3n la noticia y alab\u00f3 tambi\u00e9n \u201cla eliminaci\u00f3n por el gobierno estadounidense de otras dos medidas coercitivas unilaterales\u201d, anunciadas por la Casa Blanca este martes<\/p>\n\n\n\n<p>De acuerdo con el bloque de integraci\u00f3n latinoamericano y caribe\u00f1o, pese al car\u00e1cter limitado de la decisi\u00f3n, \u00e9sta \u201cva en la direcci\u00f3n correcta y en l\u00ednea con el sostenido y firme reclamo de Cuba\u201d y de numerosos actores internacionales, al tiempo que favorece a la naci\u00f3n cubana en su camino soberano de desarrollo\u201d.<\/p>\n\n\n\n<p>En los Estados Unidos, la Red Nacional sobre Cuba (NNOC) reafirm\u00f3 su compromiso de lucha contra el bloqueo y destac\u00f3 los esfuerzos de la solidaridad para lograr el resultado hecho p\u00fablico la v\u00edspera por la administraci\u00f3n Biden.<\/p>\n\n\n\n<p>La copresidenta de la NNOC, Cheryl LaBash, declar\u00f3 a Prensa Latina que \u201cCuando luchamos, \u00a1ganamos!\u201d, en referencia a las \u201cmuchas resoluciones que representan a m\u00e1s de 60 millones de personas en los Estados Unidos \u2014concejos municipales, legislaturas estatales, sindicatos\u2014 que hicieron o\u00edr su voz\u201d.<\/p>\n\n\n\n<p>oda\/lld<\/p>\n\n\n\n<ul class=\"wp-block-list\">\n<li>#<a href=\"https:\/\/www.prensa-latina.cu\/etiqueta\/bloqueo\/\">bloqueo<\/a>\u00a0#<a href=\"https:\/\/www.prensa-latina.cu\/etiqueta\/cuba\/\">cuba<\/a>\u00a0#<a href=\"https:\/\/www.prensa-latina.cu\/etiqueta\/estadosunidos\/\">EstadosUNidos<\/a>\u00a0#<a href=\"https:\/\/www.prensa-latina.cu\/etiqueta\/lista\/\">lista<\/a>\u00a0#<a href=\"https:\/\/www.prensa-latina.cu\/etiqueta\/movimientos\/\">movimientos<\/a>\u00a0#<a href=\"https:\/\/www.prensa-latina.cu\/etiqueta\/solidaridad\/\">solidaridad<\/a>\u00a0#<a href=\"https:\/\/www.prensa-latina.cu\/etiqueta\/terrorismo\/\">terrorismo<\/a><\/li>\n<\/ul>\n","protected":false},"excerpt":{"rendered":"<p>La Habana, 15 ene (Prensa Latina) Cuba qued\u00f3 fuera de la lista estadounidense de pa\u00edses patrocinadores del terrorismo, decisi\u00f3n de la Casa Blanca celebrada hoy por l\u00edderes mundiales y organizaciones sociales que exigen tambi\u00e9n el fin del bloqueo de Estados Unidos. La medida anunciada la v\u00edspera por la administraci\u00f3n de Joe Biden fue recibida con [&hellip;]<\/p>\n","protected":false},"author":28,"featured_media":589123,"comment_status":"closed","ping_status":"closed","sticky":true,"template":"","format":"standard","meta":{"footnotes":""},"categories":[23,27],"tags":[],"class_list":["post-589122","post","type-post","status-publish","format-standard","has-post-thumbnail","hentry","category-internacional","category-portada"],"_links":{"self":[{"href":"https:\/\/diariodominicano.com\/index.php?rest_route=\/wp\/v2\/posts\/589122","targetHints":{"allow":["GET"]}}],"collection":[{"href":"https:\/\/diariodominicano.com\/index.php?rest_route=\/wp\/v2\/posts"}],"about":[{"href":"https:\/\/diariodominicano.com\/index.php?rest_route=\/wp\/v2\/types\/post"}],"author":[{"embeddable":true,"href":"https:\/\/diariodominicano.com\/index.php?rest_route=\/wp\/v2\/users\/28"}],"replies":[{"embeddable":true,"href":"https:\/\/diariodominicano.com\/index.php?rest_route=%2Fwp%2Fv2%2Fcomments&post=589122"}],"version-history":[{"count":1,"href":"https:\/\/diariodominicano.com\/index.php?rest_route=\/wp\/v2\/posts\/589122\/revisions"}],"predecessor-version":[{"id":589124,"href":"https:\/\/diariodominicano.com\/index.php?rest_route=\/wp\/v2\/posts\/589122\/revisions\/589124"}],"wp:featuredmedia":[{"embeddable":true,"href":"https:\/\/diariodominicano.com\/index.php?rest_route=\/wp\/v2\/media\/589123"}],"wp:attachment":[{"href":"https:\/\/diariodominicano.com\/index.php?rest_route=%2Fwp%2Fv2%2Fmedia&parent=589122"}],"wp:term":[{"taxonomy":"category","embeddable":true,"href":"https:\/\/diariodominicano.com\/index.php?rest_route=%2Fwp%2Fv2%2Fcategories&post=589122"},{"taxonomy":"post_tag","embeddable":true,"href":"https:\/\/diariodominicano.com\/index.php?rest_route=%2Fwp%2Fv2%2Ftags&post=589122"}],"curies":[{"name":"wp","href":"https:\/\/api.w.org\/{rel}","templated":true}]}}