{"id":589112,"date":"2025-01-15T02:42:24","date_gmt":"2025-01-15T06:42:24","guid":{"rendered":"https:\/\/diariodominicano.com\/?p=589112"},"modified":"2025-01-15T02:43:28","modified_gmt":"2025-01-15T06:43:28","slug":"presidente-de-cuba-anuncia-liberacion-de-553-presos-tras-conversaciones-con-el-vaticano","status":"publish","type":"post","link":"https:\/\/diariodominicano.com\/?p=589112","title":{"rendered":"Presidente de Cuba anuncia liberaci\u00f3n de 553 presos tras conversaciones con el Vaticano"},"content":{"rendered":"\n<p>El gobernante cubano Miguel D\u00edaz-Canel (centro), asiste a la toma de posesi\u00f3n del presidente de Venezuela, Nicol\u00e1s Maduro, para un tercer mandato de seis a\u00f1os, en Caracas, Venezuela, el 10 de enero de 2025. REUTERS\/Fausto Torrealba.<\/p>\n\n\n\n<p>enero 14, 2025<\/p>\n\n\n\n<ul class=\"wp-block-list\">\n<li><a href=\"https:\/\/www.vozdeamerica.com\/author\/reuters\/riv_i\">Reuters<\/a><\/li>\n<\/ul>\n\n\n\n<ul class=\"wp-block-list\">\n<li><a href=\"https:\/\/facebook.com\/sharer.php?u=https%3a%2f%2fwww.vozdeamerica.com%2fa%2fpresidente-cuba-anuncia-liberacion-553-presos-tras-conversaciones-vaticano-%2f7936919.html\" target=\"_blank\" rel=\"noreferrer noopener\"><\/a><\/li>\n\n\n\n<li><a href=\"https:\/\/twitter.com\/share?url=https%3a%2f%2fwww.vozdeamerica.com%2fa%2fpresidente-cuba-anuncia-liberacion-553-presos-tras-conversaciones-vaticano-%2f7936919.html&amp;text=Presidente+de+Cuba+anuncia+liberaci%c3%b3n+de+553+presos+tras+conversaciones+con+el+Vaticano\" target=\"_blank\" rel=\"noreferrer noopener\"><\/a><\/li>\n\n\n\n<li><\/li>\n\n\n\n<li><a href=\"mailto:?body=https%3a%2f%2fwww.vozdeamerica.com%2fa%2fpresidente-cuba-anuncia-liberacion-553-presos-tras-conversaciones-vaticano-%2f7936919.html&amp;subject=Presidente%20de%20Cuba%20anuncia%20liberaci%C3%B3n%20de%20553%20presos%20tras%20conversaciones%20con%20el%20Vaticano\"><\/a><\/li>\n<\/ul>\n\n\n\n<p><a href=\"https:\/\/www.vozdeamerica.com\/a\/presidente-cuba-anuncia-liberacion-553-presos-tras-conversaciones-vaticano-\/7936919.html#comments\">&nbsp;Vea comentarios<\/a><\/p>\n\n\n\n<p>Presidente de Cuba anuncia liberaci\u00f3n de 553 presos tras conversaciones con el Vaticano. EEUU anunci\u00f3 poco antes que eliminar\u00edaq al gobierno de la isla de la lista de pa\u00edses patrocinadores del terrorismo, adem\u00e1s de flexibilizar algunas otras medidas de presi\u00f3n.<\/p>\n\n\n\n<p>LA HABANA \u2014&nbsp;<\/p>\n\n\n\n<p>El presidente cubano, Miguel D\u00edaz-Canel, anunci\u00f3 el martes que su gobierno liberar\u00eda a 553 presos tras conversaciones con el Vaticano, una decisi\u00f3n anunciada pocas horas despu\u00e9s de que la administraci\u00f3n Biden dijo que&nbsp;<strong><em><a href=\"https:\/\/www.vozdeamerica.com\/a\/biden-retiraria-a-cuba-de-lista-de-patrocinadores-de-terrorismo-en-acuerdo-para-liberar-prisioneros-\/7936891.html\" target=\"_blank\" rel=\"noreferrer noopener\">flexibilizar\u00eda una serie de sanciones a la isla<\/a><\/em><\/strong>.<\/p>\n\n\n\n<p>\u00abComo es pr\u00e1ctica habitual en nuestro ordenamiento legal, tomamos la decisi\u00f3n unilateral y soberana de otorgar la libertad a 553 personas sancionadas por delitos diversos\u00bb, dijo D\u00edaz-Canel en un mensaje en la red social X.<\/p>\n\n\n\n<p>\u00abComo parte de las relaciones estrechas y fluidas con el Estado Vaticano, inform\u00e9 esta decisi\u00f3n al papa Francisco en el esp\u00edritu del Jubileo Ordinario de 2025 declarado por Su Santidad y que reci\u00e9n comienza\u00bb, agreg\u00f3 el l\u00edder.<\/p>\n\n\n\n<p>En tanto, el gobierno cubano elogi\u00f3 la decisi\u00f3n de Washington de suavizar las restricciones y la calific\u00f3 de \u00abmedida en la direcci\u00f3n correcta\u00bb, pero destac\u00f3 que podr\u00eda ser demasiado escasa y llegar demasiado tarde, a\u00f1adiendo que futuras administraciones estadounidenses podr\u00edan revertirlas.<\/p>\n\n\n\n<p>\u00abAgradezco a todos los que contribuyeron a la decisi\u00f3n anunciada hoy por EEUU de excluir a Cuba de la lista de estados patrocinadores del terrorismo en la que nunca debi\u00f3 estar y que, junto a otras dos medidas adoptadas, ha tenido un alto costo para el pa\u00eds y las familias cubanas\u00bb, se\u00f1al\u00f3 D\u00edaz-Canel en X.<\/p>\n","protected":false},"excerpt":{"rendered":"<p>El gobernante cubano Miguel D\u00edaz-Canel (centro), asiste a la toma de posesi\u00f3n del presidente de Venezuela, Nicol\u00e1s Maduro, para un tercer mandato de seis a\u00f1os, en Caracas, Venezuela, el 10 de enero de 2025. REUTERS\/Fausto Torrealba. enero 14, 2025 &nbsp;Vea comentarios Presidente de Cuba anuncia liberaci\u00f3n de 553 presos tras conversaciones con el Vaticano. EEUU [&hellip;]<\/p>\n","protected":false},"author":28,"featured_media":589113,"comment_status":"closed","ping_status":"closed","sticky":true,"template":"","format":"standard","meta":{"footnotes":""},"categories":[36,23,27],"tags":[],"class_list":["post-589112","post","type-post","status-publish","format-standard","has-post-thumbnail","hentry","category-hombresmujeresycosas","category-internacional","category-portada"],"_links":{"self":[{"href":"https:\/\/diariodominicano.com\/index.php?rest_route=\/wp\/v2\/posts\/589112","targetHints":{"allow":["GET"]}}],"collection":[{"href":"https:\/\/diariodominicano.com\/index.php?rest_route=\/wp\/v2\/posts"}],"about":[{"href":"https:\/\/diariodominicano.com\/index.php?rest_route=\/wp\/v2\/types\/post"}],"author":[{"embeddable":true,"href":"https:\/\/diariodominicano.com\/index.php?rest_route=\/wp\/v2\/users\/28"}],"replies":[{"embeddable":true,"href":"https:\/\/diariodominicano.com\/index.php?rest_route=%2Fwp%2Fv2%2Fcomments&post=589112"}],"version-history":[{"count":2,"href":"https:\/\/diariodominicano.com\/index.php?rest_route=\/wp\/v2\/posts\/589112\/revisions"}],"predecessor-version":[{"id":589116,"href":"https:\/\/diariodominicano.com\/index.php?rest_route=\/wp\/v2\/posts\/589112\/revisions\/589116"}],"wp:featuredmedia":[{"embeddable":true,"href":"https:\/\/diariodominicano.com\/index.php?rest_route=\/wp\/v2\/media\/589113"}],"wp:attachment":[{"href":"https:\/\/diariodominicano.com\/index.php?rest_route=%2Fwp%2Fv2%2Fmedia&parent=589112"}],"wp:term":[{"taxonomy":"category","embeddable":true,"href":"https:\/\/diariodominicano.com\/index.php?rest_route=%2Fwp%2Fv2%2Fcategories&post=589112"},{"taxonomy":"post_tag","embeddable":true,"href":"https:\/\/diariodominicano.com\/index.php?rest_route=%2Fwp%2Fv2%2Ftags&post=589112"}],"curies":[{"name":"wp","href":"https:\/\/api.w.org\/{rel}","templated":true}]}}