{"id":588960,"date":"2025-01-14T17:42:50","date_gmt":"2025-01-14T21:42:50","guid":{"rendered":"https:\/\/diariodominicano.com\/?p=588960"},"modified":"2025-01-14T17:42:54","modified_gmt":"2025-01-14T21:42:54","slug":"cancilleria-de-venezuela-impone-limitaciones-a-embajadas-de-paises-bajos-francia-e-italia","status":"publish","type":"post","link":"https:\/\/diariodominicano.com\/?p=588960","title":{"rendered":"Canciller\u00eda de Venezuela impone limitaciones a embajadas de Pa\u00edses Bajos, Francia e Italia"},"content":{"rendered":"\n<p>El presidente de Venezuela, Nicol\u00e1s Maduro, observa durante una ceremonia en la base militar de Fuerte Tiuna en Caracas, el 10 de enero de 2025.<\/p>\n\n\n\n<p>enero 14, 2025update&nbsp;hace 48 minutos<\/p>\n\n\n\n<ul class=\"wp-block-list\">\n<li><a href=\"https:\/\/www.vozdeamerica.com\/author\/voz-de-america-redaccion\/p_kym\">Voz de Am\u00e9rica &#8211; Redacci\u00f3n<\/a><\/li>\n<\/ul>\n\n\n\n<ul class=\"wp-block-list\">\n<li><a href=\"https:\/\/facebook.com\/sharer.php?u=https%3a%2f%2fwww.vozdeamerica.com%2fa%2fcancilleria-venezuela-impone-limitaciones-a-embajadas-de-paises-bajos-francia-e-italia-%2f7936534.html\" target=\"_blank\" rel=\"noreferrer noopener\"><\/a><\/li>\n\n\n\n<li><a href=\"https:\/\/twitter.com\/share?url=https%3a%2f%2fwww.vozdeamerica.com%2fa%2fcancilleria-venezuela-impone-limitaciones-a-embajadas-de-paises-bajos-francia-e-italia-%2f7936534.html&amp;text=Canciller%c3%ada+de+Venezuela+impone+limitaciones+a+embajadas+de+Pa%c3%adses+Bajos%2c+Francia+e+Italia+\" target=\"_blank\" rel=\"noreferrer noopener\"><\/a><\/li>\n\n\n\n<li><\/li>\n\n\n\n<li><a href=\"mailto:?body=https%3a%2f%2fwww.vozdeamerica.com%2fa%2fcancilleria-venezuela-impone-limitaciones-a-embajadas-de-paises-bajos-francia-e-italia-%2f7936534.html&amp;subject=Canciller%C3%ADa%20de%20Venezuela%20impone%20limitaciones%20a%20embajadas%20de%20Pa%C3%ADses%20Bajos,%20Francia%20e%20Italia\"><\/a><\/li>\n<\/ul>\n\n\n\n<p><a href=\"https:\/\/www.vozdeamerica.com\/a\/cancilleria-venezuela-impone-limitaciones-a-embajadas-de-paises-bajos-francia-e-italia-\/7936534.html#comments\">&nbsp;Vea comentarios<\/a><\/p>\n\n\n\n<p>La canciller\u00eda de Venezuela orden\u00f3 limitar el n\u00famero de diplom\u00e1ticos acreditados en las embajadas de Pa\u00edses Bajos, Francia e Italia, y les impuso limitaciones de movilidad en el pa\u00eds. El ministro de Asuntos Exteriores holand\u00e9s dijo que la medida complicar\u00e1 a\u00fan m\u00e1s el di\u00e1logo.<\/p>\n\n\n\n<p>La canciller\u00eda de Venezuela orden\u00f3 limitar a tres el n\u00famero de diplom\u00e1ticos acreditados en las embajadas de Pa\u00edses Bajos, Francia e Italia, en Venezuela, en respuesta a lo que calific\u00f3 de \u201cconducta hostil\u201d y su \u201cintromisi\u00f3n\u201d en asuntos internos.<\/p>\n\n\n\n<p>La medida, que deber\u00e1 cumplirse en 48 horas, tambi\u00e9n contempla que los diplom\u00e1ticos cuenten con una autorizaci\u00f3n escrita para desplazarse a m\u00e1s de 40 kil\u00f3metros desde la Plaza Bol\u00edvar, en el centro de Caracas, donde se ubica la sede de la canciller\u00eda.<\/p>\n\n\n\n<p>\u201cVenezuela exige respeto a la soberan\u00eda y la autodeterminaci\u00f3n, principios establecidos en la Carta de las Naciones Unidas, especialmente ante aquellos subordinados a las directrices de Washington\u201d, escribi\u00f3 en Telegram el ministro de Relaciones Exteriores venezolano, Yvan Gil.<\/p>\n\n\n\n<figure class=\"wp-block-embed\"><div class=\"wp-block-embed__wrapper\">\nhttps:\/\/t.me\/YvanGilPinto\/4369?embed=1\n<\/div><\/figure>\n\n\n\n<p>\u201cVenezuela seguir\u00e1 tomando acciones necesarias, seg\u00fan el derecho internacional, para garantizar su estabilidad, soberan\u00eda y el camino hacia la paz\u201d, continu\u00f3.<\/p>\n\n\n\n<p>Ante ello, el ministro de Asuntos Exteriores holand\u00e9s, Caspar Veldkamp, dijo a<em>&nbsp;AFP<\/em>&nbsp;que se trata de \u00abuna escalada de Maduro que complicar\u00e1 a\u00fan m\u00e1s el di\u00e1logo\u00bb, y a\u00f1adi\u00f3 que \u00abseguramente habr\u00e1 una respuesta\u00bb.<\/p>\n\n\n\n<p>La medida, a juicio del especialista en derecho internacional y diplomacia, Mariano de Alba, profundiza un \u00abauto-aislamiento\u00bb hacia occidente por parte del gobierno de Nicol\u00e1s Maduro.<\/p>\n\n\n\n<p>Las tensiones con varios pa\u00edses se han incrementado tras las elecciones presidenciales del 28 de julio, luego de que el gobernante Nicol\u00e1s Maduro fue proclamado ganador sin que la autoridad electoral presentara datos disgregados, a pesar de que parte de la comunidad internacional pidi\u00f3 resultados transparentes y verificables.<\/p>\n\n\n\n<p>La oposici\u00f3n, que public\u00f3 las actas que conservaron sus testigos de mesa, le adjudica el triunfo a Edmundo Gonz\u00e1lez Urrutia, quien ha sido reconocido como presidente electo por varios pa\u00edses, entre ellos Italia.<\/p>\n","protected":false},"excerpt":{"rendered":"<p>El presidente de Venezuela, Nicol\u00e1s Maduro, observa durante una ceremonia en la base militar de Fuerte Tiuna en Caracas, el 10 de enero de 2025. enero 14, 2025update&nbsp;hace 48 minutos &nbsp;Vea comentarios La canciller\u00eda de Venezuela orden\u00f3 limitar el n\u00famero de diplom\u00e1ticos acreditados en las embajadas de Pa\u00edses Bajos, Francia e Italia, y les impuso [&hellip;]<\/p>\n","protected":false},"author":28,"featured_media":588961,"comment_status":"closed","ping_status":"closed","sticky":true,"template":"","format":"standard","meta":{"footnotes":""},"categories":[23],"tags":[],"class_list":["post-588960","post","type-post","status-publish","format-standard","has-post-thumbnail","hentry","category-internacional"],"_links":{"self":[{"href":"https:\/\/diariodominicano.com\/index.php?rest_route=\/wp\/v2\/posts\/588960","targetHints":{"allow":["GET"]}}],"collection":[{"href":"https:\/\/diariodominicano.com\/index.php?rest_route=\/wp\/v2\/posts"}],"about":[{"href":"https:\/\/diariodominicano.com\/index.php?rest_route=\/wp\/v2\/types\/post"}],"author":[{"embeddable":true,"href":"https:\/\/diariodominicano.com\/index.php?rest_route=\/wp\/v2\/users\/28"}],"replies":[{"embeddable":true,"href":"https:\/\/diariodominicano.com\/index.php?rest_route=%2Fwp%2Fv2%2Fcomments&post=588960"}],"version-history":[{"count":1,"href":"https:\/\/diariodominicano.com\/index.php?rest_route=\/wp\/v2\/posts\/588960\/revisions"}],"predecessor-version":[{"id":588962,"href":"https:\/\/diariodominicano.com\/index.php?rest_route=\/wp\/v2\/posts\/588960\/revisions\/588962"}],"wp:featuredmedia":[{"embeddable":true,"href":"https:\/\/diariodominicano.com\/index.php?rest_route=\/wp\/v2\/media\/588961"}],"wp:attachment":[{"href":"https:\/\/diariodominicano.com\/index.php?rest_route=%2Fwp%2Fv2%2Fmedia&parent=588960"}],"wp:term":[{"taxonomy":"category","embeddable":true,"href":"https:\/\/diariodominicano.com\/index.php?rest_route=%2Fwp%2Fv2%2Fcategories&post=588960"},{"taxonomy":"post_tag","embeddable":true,"href":"https:\/\/diariodominicano.com\/index.php?rest_route=%2Fwp%2Fv2%2Ftags&post=588960"}],"curies":[{"name":"wp","href":"https:\/\/api.w.org\/{rel}","templated":true}]}}