{"id":588954,"date":"2025-01-14T17:36:48","date_gmt":"2025-01-14T21:36:48","guid":{"rendered":"https:\/\/diariodominicano.com\/?p=588954"},"modified":"2025-01-14T18:24:33","modified_gmt":"2025-01-14T22:24:33","slug":"biden-firma-orden-ejecutiva-destinada-a-aumentar-infraestructura-de-inteligencia-artificial-en-estados-unidos","status":"publish","type":"post","link":"https:\/\/diariodominicano.com\/?p=588954","title":{"rendered":"Biden firma orden ejecutiva destinada a aumentar infraestructura de inteligencia artificial en Estados Unidos"},"content":{"rendered":"\n<p>El presidente Joe Biden sonr\u00ede mientras recibe una gran ovaci\u00f3n antes de pronunciar un discurso sobre pol\u00edtica exterior en el Departamento de Estado en Washington, el lunes 13 de enero de 2025. AP<\/p>\n\n\n\n<p>enero 14, 2025<\/p>\n\n\n\n<ul class=\"wp-block-list\">\n<li><a href=\"https:\/\/www.vozdeamerica.com\/author\/associated-press\/v_kyr\">Associated Press<\/a><\/li>\n<\/ul>\n\n\n\n<ul class=\"wp-block-list\">\n<li><a href=\"https:\/\/facebook.com\/sharer.php?u=https%3a%2f%2fwww.vozdeamerica.com%2fa%2fbiden-firma-orden-ejecutiva-destinada-aumentar-infraestructura-inteligencia-artificial-estados-unidos%2f7936220.html\" target=\"_blank\" rel=\"noreferrer noopener\"><\/a><\/li>\n\n\n\n<li><a href=\"https:\/\/twitter.com\/share?url=https%3a%2f%2fwww.vozdeamerica.com%2fa%2fbiden-firma-orden-ejecutiva-destinada-aumentar-infraestructura-inteligencia-artificial-estados-unidos%2f7936220.html&amp;text=Biden+firma+orden+ejecutiva+destinada+a+aumentar+infraestructura+de+inteligencia+artificial+en+Estados+Unidos\" target=\"_blank\" rel=\"noreferrer noopener\"><\/a><\/li>\n\n\n\n<li><\/li>\n\n\n\n<li><a href=\"mailto:?body=https%3a%2f%2fwww.vozdeamerica.com%2fa%2fbiden-firma-orden-ejecutiva-destinada-aumentar-infraestructura-inteligencia-artificial-estados-unidos%2f7936220.html&amp;subject=Biden%20firma%20orden%20ejecutiva%20destinada%20a%20aumentar%20infraestructura%20de%20inteligencia%20artificial%20en%20Estados%20Unidos\"><\/a><\/li>\n<\/ul>\n\n\n\n<p><a href=\"https:\/\/www.vozdeamerica.com\/a\/biden-firma-orden-ejecutiva-destinada-aumentar-infraestructura-inteligencia-artificial-estados-unidos\/7936220.html#comments\">&nbsp;Vea comentarios<\/a><\/p>\n\n\n\n<p>La orden ejecutiva del mandatario Joe Biden busca garantizar que la infraestructura necesaria para operaciones avanzadas de IA, se pueda construir r\u00e1pidamente y a gran escala en Estados Unidos.<\/p>\n\n\n\n<p>LOS \u00c1NGELES \u2014&nbsp;<\/p>\n\n\n\n<p>El presidente Joe Biden firm\u00f3 el martes una ambiciosa orden ejecutiva sobre inteligencia artificial que busca garantizar que la infraestructura necesaria para operaciones avanzadas de IA, como centros de datos a gran escala y nuevas instalaciones de energ\u00eda limpia, se pueda construir r\u00e1pidamente y a gran escala en Estados Unidos.<\/p>\n\n\n\n<p>La orden ejecutiva ordena a las agencias federales acelerar el desarrollo de infraestructura de IA a gran escala en sitios gubernamentales, al tiempo que impone requisitos y salvaguardas a los desarrolladores que construyan en esos lugares. Tambi\u00e9n ordena a ciertas agencias que pongan sitios federales a disposici\u00f3n para centros de datos de IA y nuevas instalaciones de energ\u00eda limpia. Esas agencias ayudar\u00e1n a facilitar la interconexi\u00f3n de la infraestructura a la red el\u00e9ctrica y ayudar\u00e1n a acelerar el proceso de permisos.<\/p>\n\n\n\n<p><a href=\"https:\/\/www.vozdeamerica.com\/a\/administracin-biden-revela-nuevas-reglas-exportacion-chips-modelos-inteligencia-artificial-\/7935590.html\"><\/a><\/p>\n\n\n\n<p><a href=\"https:\/\/www.vozdeamerica.com\/a\/administracin-biden-revela-nuevas-reglas-exportacion-chips-modelos-inteligencia-artificial-\/7935590.html\">Tambi\u00e9n lea<\/a><\/p>\n\n\n\n<h4 class=\"wp-block-heading\"><a href=\"https:\/\/www.vozdeamerica.com\/a\/administracin-biden-revela-nuevas-reglas-exportacion-chips-modelos-inteligencia-artificial-\/7935590.html\">La administraci\u00f3n Biden revela nuevas reglas para la exportaci\u00f3n de chips y modelos de inteligencia artificial<\/a><\/h4>\n\n\n\n<p>En un comunicado, Biden dijo que la IA tendr\u00e1 \u00abprofundas implicaciones para la seguridad nacional y un enorme potencial para mejorar la vida de los estadounidenses si se aprovecha de manera responsable, desde ayudar a curar enfermedades hasta mantener seguras a las comunidades al mitigar los efectos del cambio clim\u00e1tico\u00bb.<\/p>\n\n\n\n<p>\u00abSin embargo, no podemos dar por sentado nuestro liderazgo\u00bb, dijo el presidente dem\u00f3crata. \u201cNo permitiremos que Estados Unidos se quede atr\u00e1s en cuanto a la tecnolog\u00eda que definir\u00e1 el futuro, ni debemos sacrificar est\u00e1ndares ambientales cr\u00edticos y nuestros esfuerzos compartidos para proteger el aire limpio y el agua limpia\u201d.<\/p>\n\n\n\n<p>Seg\u00fan las nuevas reglas, los departamentos de Defensa y Energ\u00eda identificar\u00e1n cada uno al menos tres sitios donde el sector privado puede construir centros de datos de IA. Las agencias realizar\u00e1n \u201clicitaciones competitivas\u201d de empresas privadas para construir centros de datos de IA en esos sitios federales, dijeron altos funcionarios de la administraci\u00f3n.<\/p>\n\n\n\n<p>Los desarrolladores que construyan en esos sitios deber\u00e1n, entre otras cosas, pagar la construcci\u00f3n de esas instalaciones y generar suficiente energ\u00eda limpia para satisfacer las necesidades de capacidad total de sus centros de datos. Aunque el gobierno de Estados Unidos arrendar\u00e1 el terreno a una empresa, esa empresa ser\u00e1 propietaria de los materiales que cree all\u00ed, dijeron los funcionarios.<\/p>\n\n\n\n<p><a href=\"https:\/\/www.vozdeamerica.com\/a\/la-ia-y-el-periodismo-en-2024-que-depara-esa-tecnologia-para-2025-en-los-medios-de-comunicacion\/7903545.html\"><\/a><\/p>\n\n\n\n<p><a href=\"https:\/\/www.vozdeamerica.com\/a\/la-ia-y-el-periodismo-en-2024-que-depara-esa-tecnologia-para-2025-en-los-medios-de-comunicacion\/7903545.html\">Tambi\u00e9n lea<\/a><\/p>\n\n\n\n<h4 class=\"wp-block-heading\"><a href=\"https:\/\/www.vozdeamerica.com\/a\/la-ia-y-el-periodismo-en-2024-que-depara-esa-tecnologia-para-2025-en-los-medios-de-comunicacion\/7903545.html\">La IA y el periodismo en 2024 \u00bfQu\u00e9 depara esa tecnolog\u00eda para 2025 en los medios de comunicaci\u00f3n?<\/a><\/h4>\n\n\n\n<p>Biden dijo que los esfuerzos est\u00e1n dise\u00f1ados para acelerar la transici\u00f3n a la energ\u00eda limpia de una manera que sea \u201cresponsable y respetuosa con las comunidades locales\u201d y no agregue costos al estadounidense promedio. Los desarrolladores seleccionados para construir en sitios gubernamentales deber\u00e1n pagar todos los costos de construcci\u00f3n y operaci\u00f3n de la infraestructura de IA para que el desarrollo no aumente los precios de la electricidad para los consumidores, dijo la administraci\u00f3n.<\/p>\n\n\n\n<p>Las \u00f3rdenes tambi\u00e9n ordenan que la construcci\u00f3n de centros de datos de IA en sitios federales se realice con acuerdos laborales p\u00fablicos. Algunos de los sitios est\u00e1n reservados para empresas de IA de tama\u00f1o peque\u00f1o y mediano, seg\u00fan los funcionarios del gobierno.<\/p>\n\n\n\n<p>Las agencias gubernamentales tambi\u00e9n completar\u00e1n un estudio sobre los efectos de todos los centros de datos de IA en los precios de la electricidad, y el Departamento de Energ\u00eda brindar\u00e1 asistencia t\u00e9cnica a las comisiones de servicios p\u00fablicos estatales con respecto a los dise\u00f1os de tarifas de electricidad que puedan respaldar la conexi\u00f3n de nuevos grandes clientes con energ\u00eda limpia.<\/p>\n\n\n\n<p>Como parte de la orden, el Departamento del Interior identificar\u00e1 las tierras que administra que son adecuadas para el desarrollo de energ\u00eda limpia y pueden respaldar centros de datos en sitios gubernamentales, dijeron los funcionarios de la administraci\u00f3n.<\/p>\n","protected":false},"excerpt":{"rendered":"<p>El presidente Joe Biden sonr\u00ede mientras recibe una gran ovaci\u00f3n antes de pronunciar un discurso sobre pol\u00edtica exterior en el Departamento de Estado en Washington, el lunes 13 de enero de 2025. AP enero 14, 2025 &nbsp;Vea comentarios La orden ejecutiva del mandatario Joe Biden busca garantizar que la infraestructura necesaria para operaciones avanzadas de [&hellip;]<\/p>\n","protected":false},"author":28,"featured_media":588955,"comment_status":"closed","ping_status":"closed","sticky":true,"template":"","format":"standard","meta":{"footnotes":""},"categories":[36,23,27],"tags":[],"class_list":["post-588954","post","type-post","status-publish","format-standard","has-post-thumbnail","hentry","category-hombresmujeresycosas","category-internacional","category-portada"],"_links":{"self":[{"href":"https:\/\/diariodominicano.com\/index.php?rest_route=\/wp\/v2\/posts\/588954","targetHints":{"allow":["GET"]}}],"collection":[{"href":"https:\/\/diariodominicano.com\/index.php?rest_route=\/wp\/v2\/posts"}],"about":[{"href":"https:\/\/diariodominicano.com\/index.php?rest_route=\/wp\/v2\/types\/post"}],"author":[{"embeddable":true,"href":"https:\/\/diariodominicano.com\/index.php?rest_route=\/wp\/v2\/users\/28"}],"replies":[{"embeddable":true,"href":"https:\/\/diariodominicano.com\/index.php?rest_route=%2Fwp%2Fv2%2Fcomments&post=588954"}],"version-history":[{"count":1,"href":"https:\/\/diariodominicano.com\/index.php?rest_route=\/wp\/v2\/posts\/588954\/revisions"}],"predecessor-version":[{"id":588956,"href":"https:\/\/diariodominicano.com\/index.php?rest_route=\/wp\/v2\/posts\/588954\/revisions\/588956"}],"wp:featuredmedia":[{"embeddable":true,"href":"https:\/\/diariodominicano.com\/index.php?rest_route=\/wp\/v2\/media\/588955"}],"wp:attachment":[{"href":"https:\/\/diariodominicano.com\/index.php?rest_route=%2Fwp%2Fv2%2Fmedia&parent=588954"}],"wp:term":[{"taxonomy":"category","embeddable":true,"href":"https:\/\/diariodominicano.com\/index.php?rest_route=%2Fwp%2Fv2%2Fcategories&post=588954"},{"taxonomy":"post_tag","embeddable":true,"href":"https:\/\/diariodominicano.com\/index.php?rest_route=%2Fwp%2Fv2%2Ftags&post=588954"}],"curies":[{"name":"wp","href":"https:\/\/api.w.org\/{rel}","templated":true}]}}