{"id":588935,"date":"2025-01-15T01:06:33","date_gmt":"2025-01-15T05:06:33","guid":{"rendered":"https:\/\/diariodominicano.com\/?p=588935"},"modified":"2025-01-15T01:10:33","modified_gmt":"2025-01-15T05:10:33","slug":"inefi-entrega-kits-de-natacion-al-hogar-escuela-mercedes-amiama-blandino","status":"publish","type":"post","link":"https:\/\/diariodominicano.com\/?p=588935","title":{"rendered":"INEFI entrega kits de nataci\u00f3n al Hogar Escuela Mercedes Amiama Blandino"},"content":{"rendered":"\n<p>El Instituto Nacional de Educaci\u00f3n F\u00edsica firm\u00f3 un acuerdo con la Federaci\u00f3n Dominicana de Nataci\u00f3n con la finalidad de promover el desarrollo de esa disciplina en alumnos de escuelas p\u00fablicas y privadas.<\/p>\n\n\n\n<p>SANTO DOMINGO.- Cumpliendo con el convenio de colaboraci\u00f3n institucional firmado con la Federaci\u00f3n Dominicana de Nataci\u00f3n, el Instituto Nacional de Educaci\u00f3n F\u00edsica (INEFI) realiz\u00f3 este lunes una importante donaci\u00f3n de kits de nataci\u00f3n al Hogar Escuela Mercedes Amiama Blandino, como parte de su compromiso con el fomento del deporte en la ni\u00f1ez y juventud.<\/p>\n\n\n\n<p>La entrega fue realizada por C\u00e9sar Ru\u00edz, sub-director administrativo y financiero del INEFI, en representaci\u00f3n del director ejecutivo, Alberto Rodr\u00edguez, al profesor Oscar Luis Monz\u00f3n, quien estuvo acompa\u00f1ado por otros t\u00e9cnicos y alumnas de ese centro educativo.<\/p>\n\n\n\n<figure class=\"wp-block-image\"><img decoding=\"async\" src=\"https:\/\/diariodominicano.com\/wp-content\/uploads\/2025\/01\/El-director-financiero-del-Instituto-Nacional-de-Educacion-Fisica-INEFI-Cesar-Ruiz-1024x731.jpg\" alt=\"\"\/><\/figure>\n\n\n\n<p>Durante el acto Ru\u00edz expres\u00f3 que con el suministro de la utiler\u00eda el Ministerio de Educaci\u00f3n (MINERD), a trav\u00e9s del INEFI, tiene como prop\u00f3sito seguir fomentando el deporte y la recreaci\u00f3n en todos los planteles escolares del pa\u00eds.<\/p>\n\n\n\n<p>\u201cEsperamos que esta utiler\u00eda deportiva sea de gran utilidad para el equipo de nataci\u00f3n de esta instituci\u00f3n. Nuestro director, Alberto Rodr\u00edguez, no dud\u00f3 en respaldar esta iniciativa tan pronto conoci\u00f3 la necesidad, y gracias a nuestro amigo de infancia, \u00d3scar Luis, logramos canalizar esta colaboraci\u00f3n\u201d, revel\u00f3 Ru\u00edz.<\/p>\n\n\n\n<p>En su discurso el funcionario enfatiz\u00f3 el apoyo continuo del INEFI hacia este centro y asegur\u00f3 que tanto \u00e9l como el director del INEFI est\u00e1n a disposici\u00f3n para colaborar en cualquier necesidad que surja.<\/p>\n\n\n\n<p>\u201cEl director les envi\u00f3 un mensaje de que est\u00e1 a su disposici\u00f3n, as\u00ed como yo personalmente, en todo lo que puedan requerir. No duden en contactarnos a trav\u00e9s de \u00d3scar Luis para gestionar cualquier ayuda que necesiten\u201d, afirm\u00f3.<\/p>\n\n\n\n<p>Al finalizar su intervenci\u00f3n, Ru\u00edz exhort\u00f3 a las j\u00f3venes nadadoras a continuar esforz\u00e1ndose en este deporte y les motiv\u00f3 a no rendirse en la b\u00fasqueda de sus metas.<\/p>\n\n\n\n<p>\u201cSigan esforz\u00e1ndose en las pr\u00e1cticas y tengan presente que el director siempre estar\u00e1 dispuesto a canalizar cualquier apoyo necesario para ustedes\u201d, concluy\u00f3.<\/p>\n\n\n\n<p>Las palabras de agradecimiento fueron expresadas por las estudiantes de nataci\u00f3n Rosa de Jes\u00fas, G\u00e9nesis Garc\u00eda, Yismairi Mora y Leona Torres, quienes manifestaron su gratitud por el gesto solidario del INEFI.<\/p>\n\n\n\n<p>Asimismo, \u00d3scar Luis Monz\u00f3n, entrenador de la piscina ol\u00edmpica del Hogar Escuela, valor\u00f3 el apoyo recibido, destacando la importancia de estas donaciones para el desarrollo del deporte acu\u00e1tico en la instituci\u00f3n.<\/p>\n\n\n\n<p>Con iniciativas como esta el INEFI reafirma su compromiso con la formaci\u00f3n integral de los estudiantes, impulsando el deporte como una herramienta fundamental para su crecimiento f\u00edsico, mental y social.<\/p>\n\n\n\n<p><strong>PRENSA INEFI<\/strong>\u00a0&lt;prensainefi@gmail.com> <\/p>\n","protected":false},"excerpt":{"rendered":"<p>El Instituto Nacional de Educaci\u00f3n F\u00edsica firm\u00f3 un acuerdo con la Federaci\u00f3n Dominicana de Nataci\u00f3n con la finalidad de promover el desarrollo de esa disciplina en alumnos de escuelas p\u00fablicas y privadas. SANTO DOMINGO.- Cumpliendo con el convenio de colaboraci\u00f3n institucional firmado con la Federaci\u00f3n Dominicana de Nataci\u00f3n, el Instituto Nacional de Educaci\u00f3n F\u00edsica (INEFI) [&hellip;]<\/p>\n","protected":false},"author":7,"featured_media":589049,"comment_status":"closed","ping_status":"closed","sticky":false,"template":"","format":"standard","meta":{"footnotes":""},"categories":[17],"tags":[491],"class_list":["post-588935","post","type-post","status-publish","format-standard","has-post-thumbnail","hentry","category-deportes","tag-inefi"],"_links":{"self":[{"href":"https:\/\/diariodominicano.com\/index.php?rest_route=\/wp\/v2\/posts\/588935","targetHints":{"allow":["GET"]}}],"collection":[{"href":"https:\/\/diariodominicano.com\/index.php?rest_route=\/wp\/v2\/posts"}],"about":[{"href":"https:\/\/diariodominicano.com\/index.php?rest_route=\/wp\/v2\/types\/post"}],"author":[{"embeddable":true,"href":"https:\/\/diariodominicano.com\/index.php?rest_route=\/wp\/v2\/users\/7"}],"replies":[{"embeddable":true,"href":"https:\/\/diariodominicano.com\/index.php?rest_route=%2Fwp%2Fv2%2Fcomments&post=588935"}],"version-history":[{"count":2,"href":"https:\/\/diariodominicano.com\/index.php?rest_route=\/wp\/v2\/posts\/588935\/revisions"}],"predecessor-version":[{"id":589051,"href":"https:\/\/diariodominicano.com\/index.php?rest_route=\/wp\/v2\/posts\/588935\/revisions\/589051"}],"wp:featuredmedia":[{"embeddable":true,"href":"https:\/\/diariodominicano.com\/index.php?rest_route=\/wp\/v2\/media\/589049"}],"wp:attachment":[{"href":"https:\/\/diariodominicano.com\/index.php?rest_route=%2Fwp%2Fv2%2Fmedia&parent=588935"}],"wp:term":[{"taxonomy":"category","embeddable":true,"href":"https:\/\/diariodominicano.com\/index.php?rest_route=%2Fwp%2Fv2%2Fcategories&post=588935"},{"taxonomy":"post_tag","embeddable":true,"href":"https:\/\/diariodominicano.com\/index.php?rest_route=%2Fwp%2Fv2%2Ftags&post=588935"}],"curies":[{"name":"wp","href":"https:\/\/api.w.org\/{rel}","templated":true}]}}