{"id":588934,"date":"2025-01-15T00:30:44","date_gmt":"2025-01-15T04:30:44","guid":{"rendered":"https:\/\/diariodominicano.com\/?p=588934"},"modified":"2025-01-15T00:31:38","modified_gmt":"2025-01-15T04:31:38","slug":"america-latina-y-el-caribe-reflexionara-sobre-su-modelo-de-crecimiento-en-el-primer-foro-economico-regional","status":"publish","type":"post","link":"https:\/\/diariodominicano.com\/?p=588934","title":{"rendered":"Am\u00e9rica Latina y el Caribe reflexionar\u00e1 sobre su modelo de crecimiento en el primer Foro Econ\u00f3mico regional"},"content":{"rendered":"\n<p><em>El Foro Econ\u00f3mico Internacional Am\u00e9rica Latina y el Caribe 2025, organizado en Panam\u00e1 por CAF, el Grupo PRISA y WIP contar\u00e1 con la participaci\u00f3n de expositores de 15 pa\u00edses, entre los que destacan el presidente de Paraguay, dos ex primeros ministros de pa\u00edses de la UE y expertos de talla global como el soci\u00f3logo y economista&nbsp;Jeremy Rifkin.<\/em><strong><\/strong><\/p>\n\n\n\n<p><strong><em>(Panam\u00e1, 14 de enero de 2025).<\/em><\/strong>&nbsp;CAF -banco de desarrollo de Am\u00e9rica Latina y el Caribe- y el Grupo PRISA en conjunto con&nbsp;<em>World in Progress (WIP)<\/em>&nbsp;organizan el Foro Econ\u00f3mico Internacional Am\u00e9rica Latina y el Caribe 2025: \u00bfC\u00f3mo retomar la senda del crecimiento?, un evento de alto nivel que se llevar\u00e1 a cabo el 29 y 30 de enero en el Centro de Convenciones de Panam\u00e1 y reunir\u00e1 a l\u00edderes globales y regionales para debatir y formular estrategias destinadas a impulsar el crecimiento econ\u00f3mico sostenible y mejorar el bienestar de los habitantes de la regi\u00f3n.<\/p>\n\n\n\n<figure class=\"wp-block-gallery has-nested-images columns-default is-cropped wp-block-gallery-1 is-layout-flex wp-block-gallery-is-layout-flex\">\n<figure class=\"wp-block-image size-large\"><img loading=\"lazy\" decoding=\"async\" width=\"1024\" height=\"721\" data-id=\"589043\" src=\"https:\/\/diariodominicano.com\/wp-content\/uploads\/2025\/01\/America-Latina-y-el-Caribe-reflexionara-sobre-su-modelo-crecimiento-en-el-primer-Foro-Economico-regional-1024x721.jpg\" alt=\"\" class=\"wp-image-589043\" srcset=\"https:\/\/diariodominicano.com\/wp-content\/uploads\/2025\/01\/America-Latina-y-el-Caribe-reflexionara-sobre-su-modelo-crecimiento-en-el-primer-Foro-Economico-regional-1024x721.jpg 1024w, https:\/\/diariodominicano.com\/wp-content\/uploads\/2025\/01\/America-Latina-y-el-Caribe-reflexionara-sobre-su-modelo-crecimiento-en-el-primer-Foro-Economico-regional-300x211.jpg 300w, https:\/\/diariodominicano.com\/wp-content\/uploads\/2025\/01\/America-Latina-y-el-Caribe-reflexionara-sobre-su-modelo-crecimiento-en-el-primer-Foro-Economico-regional-768x541.jpg 768w, https:\/\/diariodominicano.com\/wp-content\/uploads\/2025\/01\/America-Latina-y-el-Caribe-reflexionara-sobre-su-modelo-crecimiento-en-el-primer-Foro-Economico-regional-1536x1081.jpg 1536w, https:\/\/diariodominicano.com\/wp-content\/uploads\/2025\/01\/America-Latina-y-el-Caribe-reflexionara-sobre-su-modelo-crecimiento-en-el-primer-Foro-Economico-regional-816x575.jpg 816w, https:\/\/diariodominicano.com\/wp-content\/uploads\/2025\/01\/America-Latina-y-el-Caribe-reflexionara-sobre-su-modelo-crecimiento-en-el-primer-Foro-Economico-regional.jpg 1666w\" sizes=\"auto, (max-width: 1024px) 100vw, 1024px\" \/><\/figure>\n<\/figure>\n\n\n\n<p>El evento discutir\u00e1 temas como la baja inversi\u00f3n, la desigualdad y los efectos del cambio clim\u00e1tico, as\u00ed como el papel clave del sector privado para impulsar el desarrollo sostenible y la innovaci\u00f3n. La tem\u00e1tica principal aborda c\u00f3mo superar el estancamiento econ\u00f3mico y aprovechar las ventajas competitivas de la regi\u00f3n.<\/p>\n\n\n\n<figure class=\"wp-block-gallery has-nested-images columns-default is-cropped wp-block-gallery-2 is-layout-flex wp-block-gallery-is-layout-flex\">\n<figure class=\"wp-block-image size-large\"><img loading=\"lazy\" decoding=\"async\" width=\"1024\" height=\"682\" data-id=\"589045\" src=\"https:\/\/diariodominicano.com\/wp-content\/uploads\/2025\/01\/America-Latina-y-el-Caribe-reflexionara-sobre-su-modelo-de-crecimiento-en-primer-Foro-Economico-regional-1024x682.jpeg\" alt=\"\" class=\"wp-image-589045\" srcset=\"https:\/\/diariodominicano.com\/wp-content\/uploads\/2025\/01\/America-Latina-y-el-Caribe-reflexionara-sobre-su-modelo-de-crecimiento-en-primer-Foro-Economico-regional-1024x682.jpeg 1024w, https:\/\/diariodominicano.com\/wp-content\/uploads\/2025\/01\/America-Latina-y-el-Caribe-reflexionara-sobre-su-modelo-de-crecimiento-en-primer-Foro-Economico-regional-300x200.jpeg 300w, https:\/\/diariodominicano.com\/wp-content\/uploads\/2025\/01\/America-Latina-y-el-Caribe-reflexionara-sobre-su-modelo-de-crecimiento-en-primer-Foro-Economico-regional-768x512.jpeg 768w, https:\/\/diariodominicano.com\/wp-content\/uploads\/2025\/01\/America-Latina-y-el-Caribe-reflexionara-sobre-su-modelo-de-crecimiento-en-primer-Foro-Economico-regional-816x544.jpeg 816w, https:\/\/diariodominicano.com\/wp-content\/uploads\/2025\/01\/America-Latina-y-el-Caribe-reflexionara-sobre-su-modelo-de-crecimiento-en-primer-Foro-Economico-regional.jpeg 1280w\" sizes=\"auto, (max-width: 1024px) 100vw, 1024px\" \/><\/figure>\n<\/figure>\n\n\n\n<p>\u201cAm\u00e9rica Latina y el Caribe enfrenta enormes desaf\u00edos, pero tambi\u00e9n cuenta con un potencial extraordinario para liderar \u00e1reas clave como la transici\u00f3n energ\u00e9tica, la seguridad alimentaria, las econom\u00edas creativas o la acci\u00f3n clim\u00e1tica. Este Foro busca ser un espacio para que l\u00edderes de toda la regi\u00f3n dise\u00f1en juntos soluciones innovadoras y realistas que permitan retomar la senda del crecimiento y construir un futuro m\u00e1s pr\u00f3spero e inclusivo para nuestra gente\u201d, dijo Sergio D\u00edaz-Granados, presidente ejecutivo de CAF.<\/p>\n\n\n\n<figure class=\"wp-block-gallery has-nested-images columns-default is-cropped wp-block-gallery-3 is-layout-flex wp-block-gallery-is-layout-flex\">\n<figure class=\"wp-block-image size-large\"><img loading=\"lazy\" decoding=\"async\" width=\"1024\" height=\"752\" data-id=\"589046\" src=\"https:\/\/diariodominicano.com\/wp-content\/uploads\/2025\/01\/America-Latina-y-el-Caribe-reflexionara-sobre-su-modelo-de-crecimiento-primer-Foro-Economico-regional-1024x752.jpg\" alt=\"\" class=\"wp-image-589046\" srcset=\"https:\/\/diariodominicano.com\/wp-content\/uploads\/2025\/01\/America-Latina-y-el-Caribe-reflexionara-sobre-su-modelo-de-crecimiento-primer-Foro-Economico-regional-1024x752.jpg 1024w, https:\/\/diariodominicano.com\/wp-content\/uploads\/2025\/01\/America-Latina-y-el-Caribe-reflexionara-sobre-su-modelo-de-crecimiento-primer-Foro-Economico-regional-300x220.jpg 300w, https:\/\/diariodominicano.com\/wp-content\/uploads\/2025\/01\/America-Latina-y-el-Caribe-reflexionara-sobre-su-modelo-de-crecimiento-primer-Foro-Economico-regional-768x564.jpg 768w, https:\/\/diariodominicano.com\/wp-content\/uploads\/2025\/01\/America-Latina-y-el-Caribe-reflexionara-sobre-su-modelo-de-crecimiento-primer-Foro-Economico-regional-1536x1128.jpg 1536w, https:\/\/diariodominicano.com\/wp-content\/uploads\/2025\/01\/America-Latina-y-el-Caribe-reflexionara-sobre-su-modelo-de-crecimiento-primer-Foro-Economico-regional-816x599.jpg 816w, https:\/\/diariodominicano.com\/wp-content\/uploads\/2025\/01\/America-Latina-y-el-Caribe-reflexionara-sobre-su-modelo-de-crecimiento-primer-Foro-Economico-regional.jpg 1622w\" sizes=\"auto, (max-width: 1024px) 100vw, 1024px\" \/><\/figure>\n<\/figure>\n\n\n\n<p>El Foro contar\u00e1 con la participaci\u00f3n de destacados expositores provenientes de 15 pa\u00edses, entre ellos altas autoridades de gobiernos latinoamericanos y caribe\u00f1os, representantes de organismos multilaterales y personalidades influyentes del sector empresarial. Entre los participantes confirmados destacan:<\/p>\n\n\n\n<p>\u00b7&nbsp;&nbsp;&nbsp;&nbsp;&nbsp;&nbsp;&nbsp;Santiago Pe\u00f1a, Presidente de la Rep\u00fablica de Paraguay<\/p>\n\n\n\n<p>\u00b7&nbsp;&nbsp;Sergio D\u00edaz-Granados, presidente ejecutivo de CAF.<\/p>\n\n\n\n<p>\u00b7&nbsp;&nbsp;&nbsp;&nbsp;&nbsp;&nbsp;&nbsp;Joseph Oughourlian, presidente del Grupo Prisa.<\/p>\n\n\n\n<p>\u00b7&nbsp;&nbsp;&nbsp;&nbsp;&nbsp;&nbsp;&nbsp;Mateo Renzi, ex primer ministro de Italia&nbsp;<\/p>\n\n\n\n<p>\u00b7&nbsp;&nbsp;&nbsp;&nbsp;&nbsp;&nbsp;&nbsp;Helle Thorning Schmidt: Ex Primera Dama de Dinamarca<\/p>\n\n\n\n<p>\u00b7&nbsp;&nbsp;&nbsp;&nbsp;&nbsp;&nbsp;&nbsp;Jeremy Rifkin, reconocido soci\u00f3logo y economista&nbsp;<\/p>\n\n\n\n<p>\u00b7&nbsp;Rebeca Grynspan, secretaria general de la Conferencia de las Naciones Unidas sobre Comercio y Desarrollo (UNCTAD).<\/p>\n\n\n\n<p>\u00b7&nbsp;&nbsp;&nbsp;&nbsp;&nbsp;&nbsp;&nbsp;Laura Richardson, general retirada del ej\u00e9rcito de los Estados Unidos&nbsp;<\/p>\n\n\n\n<p>\u00b7&nbsp;&nbsp;&nbsp;&nbsp;&nbsp;&nbsp;&nbsp;Rachel Adams: Directora y fundadora del Global Center of AI Governance<\/p>\n\n\n\n<p>\u00b7&nbsp;&nbsp;&nbsp;&nbsp;&nbsp;&nbsp;&nbsp;Carlos Felipe Jaramillo, vicepresidente del Banco Mundial para Am\u00e9rica Latina y el Caribe.<\/p>\n\n\n\n<p>\u00b7&nbsp;Andr\u00e9s Allamand, Secretario General Iberoamericano.<\/p>\n\n\n\n<p>\u00b7&nbsp; &nbsp;Jos\u00e9 Manuel Salazar-Xirinachs, secretario ejecutivo de la CEPAL.<\/p>\n\n\n\n<p>\u00b7&nbsp;&nbsp;&nbsp;&nbsp;&nbsp;&nbsp;&nbsp;Susan Segal, presidenta del Council of the Americas.<\/p>\n\n\n\n<p>\u00b7&nbsp;&nbsp;&nbsp;&nbsp;&nbsp;&nbsp;&nbsp;N\u00faria Vilanova, presidenta de CEAPI.<\/p>\n\n\n\n<p>\u00b7&nbsp;Rebecca Bill Chavez, directora de Di\u00e1logo Interamericano.<\/p>\n\n\n\n<p>Am\u00e9rica Latina y el Caribe enfrenta vulnerabilidades significativas, como el bajo crecimiento econ\u00f3mico (1.6% promedio anual desde 2010), alta desigualdad, inseguridad y los efectos adversos de conflictos internacionales y crisis globales como la deuda y el cambio clim\u00e1tico. Sin embargo, tambi\u00e9n cuenta con grandes oportunidades en sectores como la miner\u00eda responsable, la energ\u00eda renovable, los agronegocios, la econom\u00eda creativa y el turismo sostenible, que pueden convertirse en motores clave de desarrollo si se gestionan de forma estrat\u00e9gica y sostenible<strong>Desarrollo del evento<br><\/strong><br>Durante los dos d\u00edas del evento, se llevar\u00e1n a cabo paneles de discusi\u00f3n, conferencias magistrales y talleres interactivos. Las sesiones abordar\u00e1n tem\u00e1ticas prioritarias como:<\/p>\n\n\n\n<p>\u00b7&nbsp;<strong>Coyuntura econ\u00f3mica 2025.<\/strong>&nbsp;An\u00e1lisis de los desaf\u00edos y oportunidades econ\u00f3micas de la regi\u00f3n.<\/p>\n\n\n\n<p>\u00b7&nbsp;<strong>Econom\u00eda circular en la regi\u00f3n.<\/strong>&nbsp;Pr\u00e1cticas sostenibles en la gesti\u00f3n de residuos s\u00f3lidos urbanos.<\/p>\n\n\n\n<p>\u00b7&nbsp;&nbsp;&nbsp;&nbsp;&nbsp;&nbsp;<strong>Conectividad para el desarrollo regional.<\/strong>&nbsp;El rol de la conectividad a\u00e9rea, portuaria y log\u00edstica en la transici\u00f3n verde y digital.<\/p>\n\n\n\n<p>\u00b7&nbsp;&nbsp;<strong>Emprendimiento como motor de desarrollo.<\/strong>&nbsp;Impacto del emprendimiento en la sostenibilidad.<\/p>\n\n\n\n<p>\u00b7&nbsp;&nbsp;&nbsp;&nbsp;&nbsp;<strong>Transici\u00f3n energ\u00e9tica.<\/strong>&nbsp;Exploraci\u00f3n del potencial de energ\u00edas renovables en la regi\u00f3n.<\/p>\n\n\n\n<p>\u00b7&nbsp;<strong>Inclusi\u00f3n financiera mediante tecnolog\u00eda.<\/strong>&nbsp;Herramientas digitales para cerrar brechas sociales.<\/p>\n\n\n\n<p><strong>Luis Mor\u00e1n<\/strong>\u00a0&lt;lmoran@mccomunicaciones.com.pa> <\/p>\n","protected":false},"excerpt":{"rendered":"<p>El Foro Econ\u00f3mico Internacional Am\u00e9rica Latina y el Caribe 2025, organizado en Panam\u00e1 por CAF, el Grupo PRISA y WIP contar\u00e1 con la participaci\u00f3n de expositores de 15 pa\u00edses, entre los que destacan el presidente de Paraguay, dos ex primeros ministros de pa\u00edses de la UE y expertos de talla global como el soci\u00f3logo y [&hellip;]<\/p>\n","protected":false},"author":7,"featured_media":589044,"comment_status":"closed","ping_status":"closed","sticky":false,"template":"","format":"standard","meta":{"footnotes":""},"categories":[18],"tags":[1403],"class_list":["post-588934","post","type-post","status-publish","format-standard","has-post-thumbnail","hentry","category-economia","tag-foro-economico-regional"],"_links":{"self":[{"href":"https:\/\/diariodominicano.com\/index.php?rest_route=\/wp\/v2\/posts\/588934","targetHints":{"allow":["GET"]}}],"collection":[{"href":"https:\/\/diariodominicano.com\/index.php?rest_route=\/wp\/v2\/posts"}],"about":[{"href":"https:\/\/diariodominicano.com\/index.php?rest_route=\/wp\/v2\/types\/post"}],"author":[{"embeddable":true,"href":"https:\/\/diariodominicano.com\/index.php?rest_route=\/wp\/v2\/users\/7"}],"replies":[{"embeddable":true,"href":"https:\/\/diariodominicano.com\/index.php?rest_route=%2Fwp%2Fv2%2Fcomments&post=588934"}],"version-history":[{"count":1,"href":"https:\/\/diariodominicano.com\/index.php?rest_route=\/wp\/v2\/posts\/588934\/revisions"}],"predecessor-version":[{"id":589047,"href":"https:\/\/diariodominicano.com\/index.php?rest_route=\/wp\/v2\/posts\/588934\/revisions\/589047"}],"wp:featuredmedia":[{"embeddable":true,"href":"https:\/\/diariodominicano.com\/index.php?rest_route=\/wp\/v2\/media\/589044"}],"wp:attachment":[{"href":"https:\/\/diariodominicano.com\/index.php?rest_route=%2Fwp%2Fv2%2Fmedia&parent=588934"}],"wp:term":[{"taxonomy":"category","embeddable":true,"href":"https:\/\/diariodominicano.com\/index.php?rest_route=%2Fwp%2Fv2%2Fcategories&post=588934"},{"taxonomy":"post_tag","embeddable":true,"href":"https:\/\/diariodominicano.com\/index.php?rest_route=%2Fwp%2Fv2%2Ftags&post=588934"}],"curies":[{"name":"wp","href":"https:\/\/api.w.org\/{rel}","templated":true}]}}