{"id":588844,"date":"2025-01-14T02:15:59","date_gmt":"2025-01-14T06:15:59","guid":{"rendered":"https:\/\/diariodominicano.com\/?p=588844"},"modified":"2025-01-14T02:16:03","modified_gmt":"2025-01-14T06:16:03","slug":"incendio-en-parque-natural-de-la-patagonia-argentina-avanza-y-ya-ha-destruido-mas-de-3-000-hectareas","status":"publish","type":"post","link":"https:\/\/diariodominicano.com\/?p=588844","title":{"rendered":"Incendio en parque natural de la Patagonia argentina avanza y ya ha destruido m\u00e1s de 3.000 hect\u00e1reas"},"content":{"rendered":"\n<p>ARCHIVO &#8211; El humo se eleva desde un campo en llamas en medio de altas temperaturas y fuertes vientos entre Puerto Madryn y Puerto Pir\u00e1mides en la Patagonia argentina, el martes 4 de enero de 2022.<\/p>\n\n\n\n<p>enero 13, 2025<\/p>\n\n\n\n<ul class=\"wp-block-list\">\n<li><a href=\"https:\/\/www.vozdeamerica.com\/author\/associated-press\/v_kyr\">Associated Press<\/a><\/li>\n<\/ul>\n\n\n\n<ul class=\"wp-block-list\">\n<li><a href=\"https:\/\/facebook.com\/sharer.php?u=https%3a%2f%2fwww.vozdeamerica.com%2fa%2fincendio-parque-natural-patagonia-argentina-avanza-destruido-mas-3-000-hectareas%2f7935287.html\" target=\"_blank\" rel=\"noreferrer noopener\"><\/a><\/li>\n\n\n\n<li><a href=\"https:\/\/twitter.com\/share?url=https%3a%2f%2fwww.vozdeamerica.com%2fa%2fincendio-parque-natural-patagonia-argentina-avanza-destruido-mas-3-000-hectareas%2f7935287.html&amp;text=Incendio+en+parque+natural+de+la+Patagonia+argentina+avanza+y+ya+ha+destruido+m%c3%a1s+de+3.000+hect%c3%a1reas\" target=\"_blank\" rel=\"noreferrer noopener\"><\/a><\/li>\n\n\n\n<li><\/li>\n\n\n\n<li><a href=\"mailto:?body=https%3a%2f%2fwww.vozdeamerica.com%2fa%2fincendio-parque-natural-patagonia-argentina-avanza-destruido-mas-3-000-hectareas%2f7935287.html&amp;subject=Incendio%20en%20parque%20natural%20de%20la%20Patagonia%20argentina%20avanza%20y%20ya%20ha%20destruido%20m%C3%A1s%20de%203.000%20hect%C3%A1reas\"><\/a><\/li>\n<\/ul>\n\n\n\n<p><a href=\"https:\/\/www.vozdeamerica.com\/a\/incendio-parque-natural-patagonia-argentina-avanza-destruido-mas-3-000-hectareas\/7935287.html#comments\">&nbsp;Vea comentarios<\/a><\/p>\n\n\n\n<p>Un incendio forestal que comenz\u00f3 en una reserva natural argentina, cercana a la frontera con Chile, contin\u00faa creciendo, consumiendo miles de hect\u00e1reas.<\/p>\n\n\n\n<p>BUENOS AIRES \u2014&nbsp;<\/p>\n\n\n\n<p>El incendio forestal que comenz\u00f3 hace casi tres semanas en el Parque Nacional Nahuel Huapi, una de las reservas m\u00e1s bellas de la Patagonia argentina, avanza por las dificultades topogr\u00e1ficas y climatol\u00f3gicas con las que se han topado los brigadistas y ya ha consumido m\u00e1s de 3.000 hect\u00e1reas.<\/p>\n\n\n\n<p>Nelson Leal, subjefe del Servicio de Prevenci\u00f3n y Lucha contra los Incendios Forestales de la ciudad de Bariloche, indic\u00f3 el lunes a medios de prensa que las llamas consumen vegetaci\u00f3n tupida en \u00e1reas de muy dif\u00edcil acceso.<\/p>\n\n\n\n<p>\u201cNo hay forma de acceder con veh\u00edculos, el \u00fanico ingreso es con helic\u00f3pteros\u201d, describi\u00f3 Leal.<\/p>\n\n\n\n<p>El Parque Nacional Nahuel Huapi, con unas 710.000 hect\u00e1reas, est\u00e1 situado en el distrito de los Lagos y es cercano a la frontera con Chile. Es conocido por el Nahuel Huapi, un lago de origen glaciar. Se extiende entre las provincias sure\u00f1as de Neuqu\u00e9n y R\u00edo Negro, contiene localidades como Traful y es vecino de tur\u00edsticas ciudades como San Carlos de Bariloche.<\/p>\n\n\n\n<p>El ingreso la v\u00edspera de un frente fr\u00edo con fuertes r\u00e1fagas de viento provoc\u00f3 la reavivaci\u00f3n del fuego, que genera grandes columnas de humo en la zona de Cerro Colorado, las cuales son visibles desde varios puntos lejanos, dijo un informe del comit\u00e9 de emergencia, coordinado por el Parque Nacional Nahuel Huapi y la Direcci\u00f3n de Lucha Contra Incendios Forestales y Emergencias.<\/p>\n\n\n\n<p>Las r\u00e1fagas de 70 kil\u00f3metros impidieron el ingreso de brigadistas a la zona del incendio.<\/p>\n\n\n\n<p>La regi\u00f3n que causa m\u00e1s preocupaci\u00f3n es la de Cascada Los Alerces, donde un equipo del comit\u00e9 de emergencia permanece junto a pobladores monitoreando el comportamiento del fuego.<\/p>\n\n\n\n<p>Por ahora, su avance se mantiene bajo control en las zonas m\u00e1s tur\u00edsticas.<\/p>\n\n\n\n<p>Se desconocen las causas del incendio, aunque hay una sospecha de que pudo haberlo provocado actividad el\u00e9ctrica, como un rayo.<\/p>\n","protected":false},"excerpt":{"rendered":"<p>ARCHIVO &#8211; El humo se eleva desde un campo en llamas en medio de altas temperaturas y fuertes vientos entre Puerto Madryn y Puerto Pir\u00e1mides en la Patagonia argentina, el martes 4 de enero de 2022. enero 13, 2025 &nbsp;Vea comentarios Un incendio forestal que comenz\u00f3 en una reserva natural argentina, cercana a la frontera [&hellip;]<\/p>\n","protected":false},"author":28,"featured_media":588845,"comment_status":"closed","ping_status":"closed","sticky":true,"template":"","format":"standard","meta":{"footnotes":""},"categories":[23],"tags":[],"class_list":["post-588844","post","type-post","status-publish","format-standard","has-post-thumbnail","hentry","category-internacional"],"_links":{"self":[{"href":"https:\/\/diariodominicano.com\/index.php?rest_route=\/wp\/v2\/posts\/588844","targetHints":{"allow":["GET"]}}],"collection":[{"href":"https:\/\/diariodominicano.com\/index.php?rest_route=\/wp\/v2\/posts"}],"about":[{"href":"https:\/\/diariodominicano.com\/index.php?rest_route=\/wp\/v2\/types\/post"}],"author":[{"embeddable":true,"href":"https:\/\/diariodominicano.com\/index.php?rest_route=\/wp\/v2\/users\/28"}],"replies":[{"embeddable":true,"href":"https:\/\/diariodominicano.com\/index.php?rest_route=%2Fwp%2Fv2%2Fcomments&post=588844"}],"version-history":[{"count":1,"href":"https:\/\/diariodominicano.com\/index.php?rest_route=\/wp\/v2\/posts\/588844\/revisions"}],"predecessor-version":[{"id":588846,"href":"https:\/\/diariodominicano.com\/index.php?rest_route=\/wp\/v2\/posts\/588844\/revisions\/588846"}],"wp:featuredmedia":[{"embeddable":true,"href":"https:\/\/diariodominicano.com\/index.php?rest_route=\/wp\/v2\/media\/588845"}],"wp:attachment":[{"href":"https:\/\/diariodominicano.com\/index.php?rest_route=%2Fwp%2Fv2%2Fmedia&parent=588844"}],"wp:term":[{"taxonomy":"category","embeddable":true,"href":"https:\/\/diariodominicano.com\/index.php?rest_route=%2Fwp%2Fv2%2Fcategories&post=588844"},{"taxonomy":"post_tag","embeddable":true,"href":"https:\/\/diariodominicano.com\/index.php?rest_route=%2Fwp%2Fv2%2Ftags&post=588844"}],"curies":[{"name":"wp","href":"https:\/\/api.w.org\/{rel}","templated":true}]}}