{"id":588806,"date":"2025-01-14T01:25:54","date_gmt":"2025-01-14T05:25:54","guid":{"rendered":"https:\/\/diariodominicano.com\/?p=588806"},"modified":"2025-01-14T01:28:17","modified_gmt":"2025-01-14T05:28:17","slug":"museo-judio-exhibe-muestra-en-alianza-con-museo-de-la-resistencia","status":"publish","type":"post","link":"https:\/\/diariodominicano.com\/?p=588806","title":{"rendered":"Museo Jud\u00edo exhibe muestra en alianza con Museo de la Resistencia"},"content":{"rendered":"\n<p>\u00b7&nbsp;&nbsp;&nbsp;&nbsp;&nbsp;&nbsp;&nbsp;<em>La muestra se exhibe en los jardines del Museo Jud\u00edo en horario de 10:00 de la ma\u00f1ana a 3:00 de la tarde<\/em><\/p>\n\n\n\n<figure class=\"wp-block-image size-large\"><img loading=\"lazy\" decoding=\"async\" width=\"768\" height=\"1024\" src=\"https:\/\/diariodominicano.com\/wp-content\/uploads\/2025\/01\/Expo-Museo-Judio4-768x1024.jpeg\" alt=\"\" class=\"wp-image-588810\" srcset=\"https:\/\/diariodominicano.com\/wp-content\/uploads\/2025\/01\/Expo-Museo-Judio4-768x1024.jpeg 768w, https:\/\/diariodominicano.com\/wp-content\/uploads\/2025\/01\/Expo-Museo-Judio4-225x300.jpeg 225w, https:\/\/diariodominicano.com\/wp-content\/uploads\/2025\/01\/Expo-Museo-Judio4-1152x1536.jpeg 1152w, https:\/\/diariodominicano.com\/wp-content\/uploads\/2025\/01\/Expo-Museo-Judio4-1536x2048.jpeg 1536w, https:\/\/diariodominicano.com\/wp-content\/uploads\/2025\/01\/Expo-Museo-Judio4-816x1088.jpeg 816w, https:\/\/diariodominicano.com\/wp-content\/uploads\/2025\/01\/Expo-Museo-Judio4-scaled.jpeg 1920w\" sizes=\"auto, (max-width: 768px) 100vw, 768px\" \/><\/figure>\n\n\n\n<p><em><u>Sos\u00faa, Puerto Plata, 13\/1\/2025.-<\/u><\/em>En un esfuerzo conjunto, el Museo Memorial de la Resistencia Dominicana (MMRD) y el Museo Jud\u00edo de Sos\u00faa dejaron instalada la exposici\u00f3n temporal \u201cLa Llegada de los Jud\u00edos a Sos\u00faa\u201d, una iniciativa que busca acercar la cultura a la comunidad.<\/p>\n\n\n\n<p>La exposici\u00f3n, que se enmarca dentro de los esfuerzos del Museo Jud\u00edo de Sos\u00faa para lograr su reapertura al p\u00fablico, cuenta la historia de la llegada de los inmigrantes a nuestra isla en 1941 y el contexto internacional que dio lugar a este hecho, \u00fanico en su clase, dado que fue la Rep\u00fablica Dominicana el \u00fanico pa\u00eds que recibi\u00f3 refugiados jud\u00edos cuando hu\u00edan de los nazis en medio de la Segunda Guerra Mundial.<\/p>\n\n\n\n<figure class=\"wp-block-image size-large\"><img loading=\"lazy\" decoding=\"async\" width=\"768\" height=\"1024\" src=\"https:\/\/diariodominicano.com\/wp-content\/uploads\/2025\/01\/Expo-Museo-Judio3-768x1024.jpeg\" alt=\"\" class=\"wp-image-588812\" srcset=\"https:\/\/diariodominicano.com\/wp-content\/uploads\/2025\/01\/Expo-Museo-Judio3-768x1024.jpeg 768w, https:\/\/diariodominicano.com\/wp-content\/uploads\/2025\/01\/Expo-Museo-Judio3-225x300.jpeg 225w, https:\/\/diariodominicano.com\/wp-content\/uploads\/2025\/01\/Expo-Museo-Judio3-1152x1536.jpeg 1152w, https:\/\/diariodominicano.com\/wp-content\/uploads\/2025\/01\/Expo-Museo-Judio3-1536x2048.jpeg 1536w, https:\/\/diariodominicano.com\/wp-content\/uploads\/2025\/01\/Expo-Museo-Judio3-816x1088.jpeg 816w, https:\/\/diariodominicano.com\/wp-content\/uploads\/2025\/01\/Expo-Museo-Judio3-scaled.jpeg 1920w\" sizes=\"auto, (max-width: 768px) 100vw, 768px\" \/><\/figure>\n\n\n\n<p>El acto de inauguraci\u00f3n de la exposici\u00f3n en los jardines del Museo Jud\u00edo de Sos\u00faa cont\u00f3 con la presencia del embajador de Israel para la Rep\u00fablica Dominicana, se\u00f1or Raslan Abu Rukun, el alcalde del muicipio, se\u00f1or Willy Olivences, el presidente de la Parroquia Israelita de Sos\u00faa, Joe Benjamin y la&nbsp;presidenta de la C\u00e1mara de Comercio de Puerto Plata, se\u00f1ora Mileyka Brugal, entre otras personalidades e integrantes de la comunidad jud\u00eda del municipio.<\/p>\n\n\n\n<p>Encabezaron el acto de inauguraci\u00f3n&nbsp;Ivonne Strauss, directora del Museo Jud\u00edo de Sos\u00faa y Luisa De Pe\u00f1a D\u00edaz, directora-fundadora del MMRD, y Noris Gonz\u00e1lez Mirabal, presidenta de la Fundaci\u00f3n Museo Memorial, quienes dejaron abierta al p\u00fablico la muestra en horario de 10:00 de la ma\u00f1ana a 3:00 de la tarde, de lunes a viernes, en los jardines del Museo Jud\u00edo, situado en la calle Dr. Alejo Mart\u00ednez casi esquina Dr. Rosen, en la zona El Batey de Sos\u00faa.<\/p>\n\n\n\n<p>De Pe\u00f1a D\u00edaz dijo que con la exposici\u00f3n se busca que los dominicanos conozcan la historia de una comunidad que encontr\u00f3 refugio en nuestro pa\u00eds en momentos de presecuci\u00f3n y muerte en Europa, y que fue un ejemplo de integraci\u00f3n y trabajo en Sos\u00faa, donde empezaron a desarrollarse, principalmente en las \u00e1reas del comercio.<\/p>\n\n\n\n<p>Sostuvo que la muestra, que ya ha sido visitada por la embajadora de la Rep\u00fablica Federal de Alemania en el pa\u00eds, la se\u00f1ora Maike Friedrichsen y la embajadora de la Comunidad Europea, Katja Afheldt, es parte del programa \u201cEl museo se mueve\u201d que desarrolla el MMRD y que consiste en llevar las exposiciones temporales a diversos puntos del territorio, con el inter\u00e9s de acercar las historias de lucha y resistencia a diferentes p\u00fablicos, muy especialmente a aquellos que est\u00e1n en edad escolar.<\/p>\n\n\n\n<p>De su lado, la directora del Museo Jud\u00edo, Ivonne Strauss, sostuvo que esta exhibici\u00f3n se integra en un espacio con una relevancia hist\u00f3rica: la Sinagoga y el Museo Jud\u00edo de Sos\u00faa, tras se\u00f1alar que desde la instituci\u00f3n asumen con gran responsabilidad la misi\u00f3n de preservar esa memoria hist\u00f3rica y de transmitirla a las generaciones futuras.<\/p>\n\n\n\n<p>\u201cPor ello, quiero compartir con ustedes que nos encontramos trabajando desde hace ya un tiempo en un emocionante proyecto de renovaci\u00f3n del museo y, con iniciativas como esta exhibici\u00f3n y con los proyectos futuros que planeamos implementar, queremos que este museo sea como un faro que ilumine el pasado, inspire el presente y nos motive a construir un futuro basado en los valores de solidaridad y el respeto mutuo\u201d, destac\u00f3 Strauss.&#8211;<\/p>\n\n\n\n<p>Raisa Marte<\/p>\n\n\n\n<p>Raisa Marte (De tus contactos de Google)<\/p>\n\n\n\n<p><a target=\"_blank\" href=\"mailto:raisamarte1@gmail.com\" rel=\"noreferrer noopener\">raisamarte1@gmail.com<\/a><\/p>\n\n\n\n<p><\/p>\n","protected":false},"excerpt":{"rendered":"<p>\u00b7&nbsp;&nbsp;&nbsp;&nbsp;&nbsp;&nbsp;&nbsp;La muestra se exhibe en los jardines del Museo Jud\u00edo en horario de 10:00 de la ma\u00f1ana a 3:00 de la tarde Sos\u00faa, Puerto Plata, 13\/1\/2025.-En un esfuerzo conjunto, el Museo Memorial de la Resistencia Dominicana (MMRD) y el Museo Jud\u00edo de Sos\u00faa dejaron instalada la exposici\u00f3n temporal \u201cLa Llegada de los Jud\u00edos a Sos\u00faa\u201d, [&hellip;]<\/p>\n","protected":false},"author":28,"featured_media":588808,"comment_status":"closed","ping_status":"closed","sticky":true,"template":"","format":"standard","meta":{"footnotes":""},"categories":[21,36,26],"tags":[],"class_list":["post-588806","post","type-post","status-publish","format-standard","has-post-thumbnail","hentry","category-cultura","category-hombresmujeresycosas","category-efemerides"],"_links":{"self":[{"href":"https:\/\/diariodominicano.com\/index.php?rest_route=\/wp\/v2\/posts\/588806","targetHints":{"allow":["GET"]}}],"collection":[{"href":"https:\/\/diariodominicano.com\/index.php?rest_route=\/wp\/v2\/posts"}],"about":[{"href":"https:\/\/diariodominicano.com\/index.php?rest_route=\/wp\/v2\/types\/post"}],"author":[{"embeddable":true,"href":"https:\/\/diariodominicano.com\/index.php?rest_route=\/wp\/v2\/users\/28"}],"replies":[{"embeddable":true,"href":"https:\/\/diariodominicano.com\/index.php?rest_route=%2Fwp%2Fv2%2Fcomments&post=588806"}],"version-history":[{"count":2,"href":"https:\/\/diariodominicano.com\/index.php?rest_route=\/wp\/v2\/posts\/588806\/revisions"}],"predecessor-version":[{"id":588813,"href":"https:\/\/diariodominicano.com\/index.php?rest_route=\/wp\/v2\/posts\/588806\/revisions\/588813"}],"wp:featuredmedia":[{"embeddable":true,"href":"https:\/\/diariodominicano.com\/index.php?rest_route=\/wp\/v2\/media\/588808"}],"wp:attachment":[{"href":"https:\/\/diariodominicano.com\/index.php?rest_route=%2Fwp%2Fv2%2Fmedia&parent=588806"}],"wp:term":[{"taxonomy":"category","embeddable":true,"href":"https:\/\/diariodominicano.com\/index.php?rest_route=%2Fwp%2Fv2%2Fcategories&post=588806"},{"taxonomy":"post_tag","embeddable":true,"href":"https:\/\/diariodominicano.com\/index.php?rest_route=%2Fwp%2Fv2%2Ftags&post=588806"}],"curies":[{"name":"wp","href":"https:\/\/api.w.org\/{rel}","templated":true}]}}