{"id":588789,"date":"2025-01-14T01:00:38","date_gmt":"2025-01-14T05:00:38","guid":{"rendered":"https:\/\/diariodominicano.com\/?p=588789"},"modified":"2025-01-14T01:00:42","modified_gmt":"2025-01-14T05:00:42","slug":"el-departamento-de-estado-organiza-un-dialogo-tecnologico-entre-estados-unidos-y-nigeria-y-firma-una-subvencion-de-2-millones-de-dolares-para-estudios-sobre-banda-ancha","status":"publish","type":"post","link":"https:\/\/diariodominicano.com\/?p=588789","title":{"rendered":"El Departamento de Estado organiza un di\u00e1logo tecnol\u00f3gico entre Estados Unidos y Nigeria y firma una subvenci\u00f3n de 2 millones de d\u00f3lares para estudios sobre banda ancha"},"content":{"rendered":"\n<p>13 de enero de 2025<\/p>\n\n\n\n<p>El subsecretario Kurt Campbell encabez\u00f3 el Di\u00e1logo Tecnol\u00f3gico inaugural entre Estados Unidos y Nigeria en Washington, DC, el 10 de enero, recibiendo a una delegaci\u00f3n de alto nivel del gobierno nigeriano encabezada por el Honorable Ministro de Comunicaciones, Innovaci\u00f3n y Econom\u00eda Digital, Bosun Tijani.<\/p>\n\n\n\n<p>Este evento se bas\u00f3 en el impulso de la visita del subsecretario Campbell a Abuja para la sexta Comisi\u00f3n Binacional Estados Unidos-Nigeria (BNC) organizada conjuntamente con el ministro de Relaciones Exteriores de Nigeria, Yusuf Tuggar, del 29 al 30 de abril de 2024, el evento \u00abInclusividad global e inteligencia artificial (IA)\u00bb financiado por el Departamento de Estado de los EE. UU. y el Gobierno de Nigeria, celebrado en Lagos del 9 al 11 de septiembre de 2024, y el evento sobre IA de la Asamblea General de las Naciones Unidas (AGNU) organizado por el Departamento de Estado de los EE. UU. el 23 de septiembre de 2024, en el que particip\u00f3 el ministro nigeriano Tijani.<\/p>\n\n\n\n<p>El Di\u00e1logo Tecnol\u00f3gico entre Estados Unidos y Nigeria tiene por objeto mejorar la cooperaci\u00f3n bilateral en sectores tecnol\u00f3gicos cr\u00edticos, aprovechar las oportunidades en materia de tecnolog\u00eda e innovaci\u00f3n y fortalecer la colaboraci\u00f3n interinstitucional y la participaci\u00f3n de las partes interesadas en ambos pa\u00edses. Estos objetivos impulsan la iniciativa Transformaci\u00f3n Digital con \u00c1frica (DTA), al facilitar un entorno de inversi\u00f3n m\u00e1s propicio para la transformaci\u00f3n digital, promover la infraestructura y la conectividad digitales y apoyar el desarrollo de habilidades digitales y la formaci\u00f3n de talentos.<\/p>\n\n\n\n<p>En el marco del Di\u00e1logo sobre Tecnolog\u00eda, Estados Unidos y Nigeria firmaron una nueva subvenci\u00f3n de 2.095.000 d\u00f3lares para evaluar la viabilidad de la instalaci\u00f3n de al menos 90.000 km de nueva infraestructura de fibra \u00f3ptica en todo el pa\u00eds. El proyecto, financiado por la Agencia de Comercio y Desarrollo de Estados Unidos, apoya el Plan Nacional de Banda Ancha de Nigeria 2020-2025 con el objetivo de aumentar la tasa de penetraci\u00f3n de banda ancha del pa\u00eds del 42,27 por ciento al 70 por ciento y garantizar que al menos el 90 por ciento de la poblaci\u00f3n de Nigeria tenga acceso a una cobertura de banda ancha asequible y fiable.<\/p>\n\n\n\n<p>Durante el Di\u00e1logo Tecnol\u00f3gico, las partes discutieron sobre c\u00f3mo mejorar la resiliencia y la seguridad de los servicios e instalaciones esenciales; promover el comercio digital, el comercio electr\u00f3nico y el crecimiento econ\u00f3mico impulsado por la innovaci\u00f3n; desarrollar una fuerza laboral calificada para satisfacer las demandas de la era digital; expandir nuestra asociaci\u00f3n en materia de inteligencia artificial relacionada con el desarrollo de capacidades, infraestructura y enfoques de gobernanza que respeten los derechos; y promover la integridad de la informaci\u00f3n.<\/p>\n\n\n\n<p>Tras el Di\u00e1logo Tecnol\u00f3gico formal, las delegaciones participaron en una mesa redonda con representantes de la industria organizada por la C\u00e1mara de Comercio de los Estados Unidos. Entre los participantes de la industria se encontraban representantes de m\u00e1s de 25 empresas estadounidenses y nigerianas activas en sectores tecnol\u00f3gicos, como inteligencia artificial, telecomunicaciones, infraestructura digital, sat\u00e9lites, aeroespacial, tecnolog\u00eda financiera y ciberseguridad. El programa incluy\u00f3 una mesa redonda sobre el fomento de la inversi\u00f3n del sector p\u00fablico y privado en innovaci\u00f3n y desarrollo de talento digital. En esta mesa redonda se destacaron las oportunidades de colaboraci\u00f3n p\u00fablico-privada y las soluciones de inversi\u00f3n para estimular la innovaci\u00f3n y promover el desarrollo de talento digital a trav\u00e9s de la asociaci\u00f3n comercial entre los Estados Unidos y Nigeria. En una segunda mesa redonda sobre el papel de la infraestructura cr\u00edtica en el fomento del uso de la IA se examin\u00f3 la interacci\u00f3n entre la infraestructura que es esencial para el desarrollo de la IA y los marcos de gobernanza que pueden ayudar a impulsar el despliegue de tecnolog\u00edas emergentes para apoyar el crecimiento inclusivo.<\/p>\n\n\n\n<p>En el marco del Di\u00e1logo sobre Tecnolog\u00eda, Estados Unidos y Nigeria acordaron celebrar un intercambio virtual de expertos sobre biotecnolog\u00eda basada en inteligencia artificial. En este debate se analizar\u00e1 c\u00f3mo la convergencia de la inteligencia artificial y la biotecnolog\u00eda puede impulsar avances en materia de salud mundial, seguridad alimentaria y ciencia, con especial atenci\u00f3n al \u00c1frica subsahariana.<\/p>\n\n\n\n<p>Para obtener m\u00e1s informaci\u00f3n, comun\u00edquese con AF Press en\u00a0<a href=\"mailto:AF-Press@state.gov\" target=\"_blank\" rel=\"noreferrer noopener\">AF-Press@state.gov<\/a>\u00a0y siga a\u00a0<a href=\"https:\/\/links-2.govdelivery.com\/CL0\/https:%2F%2Fx.com%2FAsstSecStateAF\/1\/0101019461d2802e-b24c95c6-f4c3-4c12-8457-014d5e8b569c-000000\/oa_McD9wmb_5SXZgZDMciOPzLwSChUT3LuGJPpf3xaE=387\" target=\"_blank\" rel=\"noreferrer noopener\">@AsstSecStateAF<\/a>\u00a0para obtener actualizaciones sobre X.<\/p>\n\n\n\n<p>U.S. Department of State<\/p>\n\n\n\n<p>U.S. Department of State ()<\/p>\n\n\n\n<p><a target=\"_blank\" href=\"mailto:usstatebpa@public.govdelivery.com\" rel=\"noreferrer noopener\">usstatebpa@public.govdelivery.com<\/a><\/p>\n\n\n\n<p><\/p>\n","protected":false},"excerpt":{"rendered":"<p>13 de enero de 2025 El subsecretario Kurt Campbell encabez\u00f3 el Di\u00e1logo Tecnol\u00f3gico inaugural entre Estados Unidos y Nigeria en Washington, DC, el 10 de enero, recibiendo a una delegaci\u00f3n de alto nivel del gobierno nigeriano encabezada por el Honorable Ministro de Comunicaciones, Innovaci\u00f3n y Econom\u00eda Digital, Bosun Tijani. Este evento se bas\u00f3 en el [&hellip;]<\/p>\n","protected":false},"author":28,"featured_media":508724,"comment_status":"closed","ping_status":"closed","sticky":true,"template":"","format":"standard","meta":{"footnotes":""},"categories":[23],"tags":[],"class_list":["post-588789","post","type-post","status-publish","format-standard","has-post-thumbnail","hentry","category-internacional"],"_links":{"self":[{"href":"https:\/\/diariodominicano.com\/index.php?rest_route=\/wp\/v2\/posts\/588789","targetHints":{"allow":["GET"]}}],"collection":[{"href":"https:\/\/diariodominicano.com\/index.php?rest_route=\/wp\/v2\/posts"}],"about":[{"href":"https:\/\/diariodominicano.com\/index.php?rest_route=\/wp\/v2\/types\/post"}],"author":[{"embeddable":true,"href":"https:\/\/diariodominicano.com\/index.php?rest_route=\/wp\/v2\/users\/28"}],"replies":[{"embeddable":true,"href":"https:\/\/diariodominicano.com\/index.php?rest_route=%2Fwp%2Fv2%2Fcomments&post=588789"}],"version-history":[{"count":1,"href":"https:\/\/diariodominicano.com\/index.php?rest_route=\/wp\/v2\/posts\/588789\/revisions"}],"predecessor-version":[{"id":588790,"href":"https:\/\/diariodominicano.com\/index.php?rest_route=\/wp\/v2\/posts\/588789\/revisions\/588790"}],"wp:featuredmedia":[{"embeddable":true,"href":"https:\/\/diariodominicano.com\/index.php?rest_route=\/wp\/v2\/media\/508724"}],"wp:attachment":[{"href":"https:\/\/diariodominicano.com\/index.php?rest_route=%2Fwp%2Fv2%2Fmedia&parent=588789"}],"wp:term":[{"taxonomy":"category","embeddable":true,"href":"https:\/\/diariodominicano.com\/index.php?rest_route=%2Fwp%2Fv2%2Fcategories&post=588789"},{"taxonomy":"post_tag","embeddable":true,"href":"https:\/\/diariodominicano.com\/index.php?rest_route=%2Fwp%2Fv2%2Ftags&post=588789"}],"curies":[{"name":"wp","href":"https:\/\/api.w.org\/{rel}","templated":true}]}}