{"id":588728,"date":"2025-01-13T16:21:23","date_gmt":"2025-01-13T20:21:23","guid":{"rendered":"https:\/\/diariodominicano.com\/?p=588728"},"modified":"2025-01-13T16:21:27","modified_gmt":"2025-01-13T20:21:27","slug":"palestina-reclamo-al-mundo-poner-fin-a-la-agresion-israeli","status":"publish","type":"post","link":"https:\/\/diariodominicano.com\/?p=588728","title":{"rendered":"Palestina reclam\u00f3 al mundo poner fin a la agresi\u00f3n israel\u00ed"},"content":{"rendered":"\n<p>Ramala, 13 ene (Prensa Latina) La presidencia palestina pidi\u00f3 hoy, otra vez, al Consejo de Seguridad de la ONU obligar a Israel a finalizar su campa\u00f1a b\u00e9lica contra la Franja de Gaza e impulsar la entrada sin restricciones de ayuda para la poblaci\u00f3n.<\/p>\n\n\n\n<ul class=\"wp-block-list\">\n<li><a href=\"https:\/\/www.prensa-latina.cu\/2025\/01\/13\/\"><time>enero 13, 2025 | 02:14<\/time><\/a><\/li>\n<\/ul>\n\n\n\n<ul class=\"wp-block-list\">\n<li><a href=\"https:\/\/www.prensa-latina.cu\/2025\/01\/13\/palestina-reclamo-al-mundo-poner-fin-a-la-agresion-israeli\/#\"><\/a><\/li>\n\n\n\n<li><a href=\"https:\/\/www.prensa-latina.cu\/2025\/01\/13\/palestina-reclamo-al-mundo-poner-fin-a-la-agresion-israeli\/#\"><\/a><\/li>\n\n\n\n<li><a href=\"https:\/\/www.prensa-latina.cu\/2025\/01\/13\/palestina-reclamo-al-mundo-poner-fin-a-la-agresion-israeli\/#\"><\/a><\/li>\n\n\n\n<li><a href=\"https:\/\/www.prensa-latina.cu\/2025\/01\/13\/palestina-reclamo-al-mundo-poner-fin-a-la-agresion-israeli\/#\"><\/a><\/li>\n<\/ul>\n\n\n\n<p>El vocero Nabil Abu Rudeina destac\u00f3 la ofensiva diplom\u00e1tica del gobierno palestino para terminar la agresi\u00f3n contra el enclave costero, donde viven m\u00e1s de dos millones de personas.<\/p>\n\n\n\n<p>En un comunicado, el funcionario acus\u00f3 a las autoridades del vecino pa\u00eds por las \u201cmatanzas, destrucci\u00f3n y desplazamiento\u201d de la poblaci\u00f3n.<\/p>\n\n\n\n<p>Abu Rudeina detall\u00f3 que el presidente Mahmoud Abbas desarrolla una campa\u00f1a de contactos y reuniones con l\u00edderes de diversas latitudes para acelerar el fin de la guerra.<\/p>\n\n\n\n<p>Al respecto, reclam\u00f3 la implementaci\u00f3n de resoluci\u00f3n 2735 del Consejo de Seguridad de la ONU, aprobada el pasado a\u00f1o, que estipula un alto el fuego y la entrada de ayuda urgente en la Franja.<\/p>\n\n\n\n<p>El vocero tambi\u00e9n critic\u00f3 las operaciones castrenses del Ej\u00e9rcito israel\u00ed en la ocupada Cisjordania.<\/p>\n\n\n\n<p>M\u00e1s de 46 mil palestinos murieron en los \u00faltimos 15 meses en el enclave costero y m\u00e1s de 107 mil resultaron heridos, seg\u00fan datos oficiales.<\/p>\n\n\n\n<p>jcm\/rob<\/p>\n\n\n\n<ul class=\"wp-block-list\">\n<li>#<a href=\"https:\/\/www.prensa-latina.cu\/etiqueta\/gaza\/\">gaza<\/a>\u00a0#<a href=\"https:\/\/www.prensa-latina.cu\/etiqueta\/israel\/\">Israel<\/a>\u00a0#<a href=\"https:\/\/www.prensa-latina.cu\/etiqueta\/palestina\/\">PALESTINA<\/a><\/li>\n<\/ul>\n","protected":false},"excerpt":{"rendered":"<p>Ramala, 13 ene (Prensa Latina) La presidencia palestina pidi\u00f3 hoy, otra vez, al Consejo de Seguridad de la ONU obligar a Israel a finalizar su campa\u00f1a b\u00e9lica contra la Franja de Gaza e impulsar la entrada sin restricciones de ayuda para la poblaci\u00f3n. El vocero Nabil Abu Rudeina destac\u00f3 la ofensiva diplom\u00e1tica del gobierno palestino [&hellip;]<\/p>\n","protected":false},"author":28,"featured_media":588729,"comment_status":"closed","ping_status":"closed","sticky":true,"template":"","format":"standard","meta":{"footnotes":""},"categories":[23],"tags":[],"class_list":["post-588728","post","type-post","status-publish","format-standard","has-post-thumbnail","hentry","category-internacional"],"_links":{"self":[{"href":"https:\/\/diariodominicano.com\/index.php?rest_route=\/wp\/v2\/posts\/588728","targetHints":{"allow":["GET"]}}],"collection":[{"href":"https:\/\/diariodominicano.com\/index.php?rest_route=\/wp\/v2\/posts"}],"about":[{"href":"https:\/\/diariodominicano.com\/index.php?rest_route=\/wp\/v2\/types\/post"}],"author":[{"embeddable":true,"href":"https:\/\/diariodominicano.com\/index.php?rest_route=\/wp\/v2\/users\/28"}],"replies":[{"embeddable":true,"href":"https:\/\/diariodominicano.com\/index.php?rest_route=%2Fwp%2Fv2%2Fcomments&post=588728"}],"version-history":[{"count":1,"href":"https:\/\/diariodominicano.com\/index.php?rest_route=\/wp\/v2\/posts\/588728\/revisions"}],"predecessor-version":[{"id":588730,"href":"https:\/\/diariodominicano.com\/index.php?rest_route=\/wp\/v2\/posts\/588728\/revisions\/588730"}],"wp:featuredmedia":[{"embeddable":true,"href":"https:\/\/diariodominicano.com\/index.php?rest_route=\/wp\/v2\/media\/588729"}],"wp:attachment":[{"href":"https:\/\/diariodominicano.com\/index.php?rest_route=%2Fwp%2Fv2%2Fmedia&parent=588728"}],"wp:term":[{"taxonomy":"category","embeddable":true,"href":"https:\/\/diariodominicano.com\/index.php?rest_route=%2Fwp%2Fv2%2Fcategories&post=588728"},{"taxonomy":"post_tag","embeddable":true,"href":"https:\/\/diariodominicano.com\/index.php?rest_route=%2Fwp%2Fv2%2Ftags&post=588728"}],"curies":[{"name":"wp","href":"https:\/\/api.w.org\/{rel}","templated":true}]}}