{"id":588725,"date":"2025-01-13T16:19:35","date_gmt":"2025-01-13T20:19:35","guid":{"rendered":"https:\/\/diariodominicano.com\/?p=588725"},"modified":"2025-01-13T20:42:21","modified_gmt":"2025-01-14T00:42:21","slug":"onu-advierte-sobre-peligros-para-la-infancia-en-2025","status":"publish","type":"post","link":"https:\/\/diariodominicano.com\/?p=588725","title":{"rendered":"ONU advierte sobre peligros para la infancia en 2025"},"content":{"rendered":"\n<p>Naciones Unidas, 13 ene (Prensa Latina) El n\u00famero de ni\u00f1os que viven en zonas de conflicto se duplica, asegura hoy un informe de Naciones Unidas que examina los riesgos esperados para la infancia en 2025 y sugiere soluciones posibles.<\/p>\n\n\n\n<p><time>enero 13, 2025 | 12:18<\/time> <\/p>\n\n\n\n<p>M\u00e1s de 473 millones de ni\u00f1os, al menos uno de cada seis en todo el mundo, habitan ahora en zonas afectadas por conflictos, mientras el porcentaje de menores en ciudades y pa\u00edses en guerra aument\u00f3 de alrededor del 10 por ciento en 1990, al 19 por ciento en la actualidad.<\/p>\n\n\n\n<p>Adem\u00e1s de los peligros para sus vidas, los infantes se enfrentan al desplazamiento y a la amenaza de la hambruna y las enfermedades, lo que impacta en su bienestar psicol\u00f3gico, seg\u00fan el documento Perspectivas para la infancia 2025: Construir sistemas resilientes para el futuro de los ni\u00f1os.<\/p>\n\n\n\n<p>Cerca de 400 millones de ellos viven en naciones con problemas de endeudamiento, mientras a los gobiernos de los pa\u00edses en desarrollo les resulta cada vez m\u00e1s dif\u00edcil financiar inversiones clave en la infancia, debido a la lentitud del crecimiento y la insuficiencia de los ingresos fiscales.<\/p>\n\n\n\n<p>Los autores del informe refieren adem\u00e1s las consecuencias negativas que implican para los menores las desigualdades de acceso a las oportunidades generadas por el desarrollo de las tecnolog\u00edas digitales.<\/p>\n\n\n\n<p>Para mejorar la vida y las perspectivas de los ni\u00f1os, el documento destaca la importancia cr\u00edtica de adoptar y promover sistemas que incorporen los principios de inclusi\u00f3n, equidad y rendici\u00f3n de cuentas, garanticen los derechos de la infancia y se anticipen y preparen para el futuro.<\/p>\n\n\n\n<p>ro\/ymr\/abp <\/p>\n\n\n\n<p>#<a href=\"https:\/\/www.prensa-latina.cu\/etiqueta\/infancia\/\">infancia<\/a>\u00a0#<a href=\"https:\/\/www.prensa-latina.cu\/etiqueta\/onu\/\">ONU<\/a> <\/p>\n","protected":false},"excerpt":{"rendered":"<p>Naciones Unidas, 13 ene (Prensa Latina) El n\u00famero de ni\u00f1os que viven en zonas de conflicto se duplica, asegura hoy un informe de Naciones Unidas que examina los riesgos esperados para la infancia en 2025 y sugiere soluciones posibles. enero 13, 2025 | 12:18 M\u00e1s de 473 millones de ni\u00f1os, al menos uno de cada [&hellip;]<\/p>\n","protected":false},"author":28,"featured_media":588726,"comment_status":"closed","ping_status":"closed","sticky":true,"template":"","format":"standard","meta":{"footnotes":""},"categories":[36,23],"tags":[],"class_list":["post-588725","post","type-post","status-publish","format-standard","has-post-thumbnail","hentry","category-hombresmujeresycosas","category-internacional"],"_links":{"self":[{"href":"https:\/\/diariodominicano.com\/index.php?rest_route=\/wp\/v2\/posts\/588725","targetHints":{"allow":["GET"]}}],"collection":[{"href":"https:\/\/diariodominicano.com\/index.php?rest_route=\/wp\/v2\/posts"}],"about":[{"href":"https:\/\/diariodominicano.com\/index.php?rest_route=\/wp\/v2\/types\/post"}],"author":[{"embeddable":true,"href":"https:\/\/diariodominicano.com\/index.php?rest_route=\/wp\/v2\/users\/28"}],"replies":[{"embeddable":true,"href":"https:\/\/diariodominicano.com\/index.php?rest_route=%2Fwp%2Fv2%2Fcomments&post=588725"}],"version-history":[{"count":3,"href":"https:\/\/diariodominicano.com\/index.php?rest_route=\/wp\/v2\/posts\/588725\/revisions"}],"predecessor-version":[{"id":588759,"href":"https:\/\/diariodominicano.com\/index.php?rest_route=\/wp\/v2\/posts\/588725\/revisions\/588759"}],"wp:featuredmedia":[{"embeddable":true,"href":"https:\/\/diariodominicano.com\/index.php?rest_route=\/wp\/v2\/media\/588726"}],"wp:attachment":[{"href":"https:\/\/diariodominicano.com\/index.php?rest_route=%2Fwp%2Fv2%2Fmedia&parent=588725"}],"wp:term":[{"taxonomy":"category","embeddable":true,"href":"https:\/\/diariodominicano.com\/index.php?rest_route=%2Fwp%2Fv2%2Fcategories&post=588725"},{"taxonomy":"post_tag","embeddable":true,"href":"https:\/\/diariodominicano.com\/index.php?rest_route=%2Fwp%2Fv2%2Ftags&post=588725"}],"curies":[{"name":"wp","href":"https:\/\/api.w.org\/{rel}","templated":true}]}}