{"id":588715,"date":"2025-01-13T16:07:24","date_gmt":"2025-01-13T20:07:24","guid":{"rendered":"https:\/\/diariodominicano.com\/?p=588715"},"modified":"2025-01-13T16:11:06","modified_gmt":"2025-01-13T20:11:06","slug":"93-tenistas-participaron-en-el-i-torneo-nacional-juvenil-grado-1-de-fedotenis","status":"publish","type":"post","link":"https:\/\/diariodominicano.com\/?p=588715","title":{"rendered":"93 tenistas participaron en el I\u00a0Torneo Nacional\u00a0Juvenil\u00a0Grado 1, de Fedotenis"},"content":{"rendered":"\n<p>Elaine Mart\u00ednez, campeona U12 del torneo.<\/p>\n\n\n\n<figure class=\"wp-block-image size-large\"><img loading=\"lazy\" decoding=\"async\" width=\"1024\" height=\"683\" src=\"https:\/\/diariodominicano.com\/wp-content\/uploads\/2025\/01\/Guillermo-Andres-Rodriguez-1024x683.jpg\" alt=\"\" class=\"wp-image-588719\" srcset=\"https:\/\/diariodominicano.com\/wp-content\/uploads\/2025\/01\/Guillermo-Andres-Rodriguez-1024x683.jpg 1024w, https:\/\/diariodominicano.com\/wp-content\/uploads\/2025\/01\/Guillermo-Andres-Rodriguez-300x200.jpg 300w, https:\/\/diariodominicano.com\/wp-content\/uploads\/2025\/01\/Guillermo-Andres-Rodriguez-768x512.jpg 768w, https:\/\/diariodominicano.com\/wp-content\/uploads\/2025\/01\/Guillermo-Andres-Rodriguez-816x544.jpg 816w, https:\/\/diariodominicano.com\/wp-content\/uploads\/2025\/01\/Guillermo-Andres-Rodriguez.jpg 1500w\" sizes=\"auto, (max-width: 1024px) 100vw, 1024px\" \/><\/figure>\n\n\n\n<p> Guillermo Rodr\u00edguez, campe\u00f3n U16.<\/p>\n\n\n\n<p>SANTO DOMINGO, RD.- La Federaci\u00f3n Dominicana de Tenis (Fedotenis), dio a conocer los ganadores del I\u00a0Torneo\u00a0Nacional\u00a0Juvenil\u00a02025, Grado 1, que fue celebrado el fin de semana entre s\u00e1bado y domingo, en las instalaciones del Centro\u00a0Nacional\u00a0de Tenis del Parque del Este, en el que tomaron parte 93 ni\u00f1os en ambas ramas.<\/p>\n\n\n\n<p>El&nbsp;torneo&nbsp;Grado 1, se realiz\u00f3 bajo la direcci\u00f3n t\u00e9cnica de Francisco De Los Santos, en todas las categor\u00edas, en sencillos y dobles. &nbsp;<\/p>\n\n\n\n<p>En la&nbsp;categor\u00eda 10 a\u00f1os, Dylan Turbi \u00c1lvarez fue el campe\u00f3n, Aeron Jad Pauilino, qued\u00f3 segundo. Mientras que Ana G\u00f3mez [1] se coron\u00f3, Amalia Rosario [3], la subcampeona.<\/p>\n\n\n\n<p>Dylan Canario venci\u00f3 en la final al primer favorito Michael Almeida [1], por 7-5 y 6-4. Elaine Mart\u00ednez [1] no defraud\u00f3 su condici\u00f3n de favorita, al vencer a Sofia Nina, por doble 6-1, en la rama U12.<\/p>\n\n\n\n<p>Daniel Suero [1] gan\u00f3 la categor\u00eda U14, tras derrotar en el tramo final a Eliezer Santos [2], por 6-1 y 6-2, en la final de su serie.<\/p>\n\n\n\n<p>Guillermo Rodr\u00edguez [3] dio cuentas del favorito Eduardo Licairac [1], por 6-3 y 6-2, para coronarse en la U16. Por su parte, Daniela Castillo Macario [4] venci\u00f3 a Mar\u00eda Rozhkova, con doble 6-3.<\/p>\n\n\n\n<p>En la U18, Diego Lovat\u00f3n fue el campe\u00f3n, tras vencer a Alejandro Mart\u00ednez, por sets de 6-1 y 6-3.<\/p>\n\n\n\n<p><strong>Campeones de dobles<\/strong><\/p>\n\n\n\n<p>Benjamin Abousawan y Aeron Jad Pauilino ganaron la categor\u00eda U10 en dobles, mientras que Rodrigo Montero y Daniel Suero lo hicieron en la categor\u00eda U14, al igual que Andre Monestina [2] y Erik Schleich en la U16.<\/p>\n\n\n\n<p>En el \u00e1mbito femenino, fueron campeonas de dobles Mia Kislitsyn [1] y Elaine Mart\u00ednez, en la U12, Kyara Khayyat e Isabella Cross, en la U16.<\/p>\n\n\n\n<p>Los eventos organizados por la Fedotenis son gracias al Ministerio de Turismo, Banco De Reservas, Ekatex, El Nuevo Diario, Creso y Wilson.<\/p>\n\n\n\n<p>El segundo torneo Grado 1 de este 2025 ser\u00e1 celebrado el fin de semana en Santiago, en el Centro Espa\u00f1ol.<\/p>\n\n\n\n<p>Federacion Dominicana de Tenis Fedotenis<\/p>\n\n\n\n<p>Federacion Dominicana de Tenis Fedotenis (De tus contactos de Google)<\/p>\n\n\n\n<p><a target=\"_blank\" href=\"mailto:prensafedotenis@gmail.com\" rel=\"noreferrer noopener\">prensafedotenis@gmail.com<\/a><\/p>\n\n\n\n<p>PRENSA FEDOTENIS&nbsp;<\/p>\n","protected":false},"excerpt":{"rendered":"<p>Elaine Mart\u00ednez, campeona U12 del torneo. Guillermo Rodr\u00edguez, campe\u00f3n U16. SANTO DOMINGO, RD.- La Federaci\u00f3n Dominicana de Tenis (Fedotenis), dio a conocer los ganadores del I\u00a0Torneo\u00a0Nacional\u00a0Juvenil\u00a02025, Grado 1, que fue celebrado el fin de semana entre s\u00e1bado y domingo, en las instalaciones del Centro\u00a0Nacional\u00a0de Tenis del Parque del Este, en el que tomaron parte 93 [&hellip;]<\/p>\n","protected":false},"author":28,"featured_media":588716,"comment_status":"closed","ping_status":"closed","sticky":true,"template":"","format":"standard","meta":{"footnotes":""},"categories":[17],"tags":[],"class_list":["post-588715","post","type-post","status-publish","format-standard","has-post-thumbnail","hentry","category-deportes"],"_links":{"self":[{"href":"https:\/\/diariodominicano.com\/index.php?rest_route=\/wp\/v2\/posts\/588715","targetHints":{"allow":["GET"]}}],"collection":[{"href":"https:\/\/diariodominicano.com\/index.php?rest_route=\/wp\/v2\/posts"}],"about":[{"href":"https:\/\/diariodominicano.com\/index.php?rest_route=\/wp\/v2\/types\/post"}],"author":[{"embeddable":true,"href":"https:\/\/diariodominicano.com\/index.php?rest_route=\/wp\/v2\/users\/28"}],"replies":[{"embeddable":true,"href":"https:\/\/diariodominicano.com\/index.php?rest_route=%2Fwp%2Fv2%2Fcomments&post=588715"}],"version-history":[{"count":3,"href":"https:\/\/diariodominicano.com\/index.php?rest_route=\/wp\/v2\/posts\/588715\/revisions"}],"predecessor-version":[{"id":588721,"href":"https:\/\/diariodominicano.com\/index.php?rest_route=\/wp\/v2\/posts\/588715\/revisions\/588721"}],"wp:featuredmedia":[{"embeddable":true,"href":"https:\/\/diariodominicano.com\/index.php?rest_route=\/wp\/v2\/media\/588716"}],"wp:attachment":[{"href":"https:\/\/diariodominicano.com\/index.php?rest_route=%2Fwp%2Fv2%2Fmedia&parent=588715"}],"wp:term":[{"taxonomy":"category","embeddable":true,"href":"https:\/\/diariodominicano.com\/index.php?rest_route=%2Fwp%2Fv2%2Fcategories&post=588715"},{"taxonomy":"post_tag","embeddable":true,"href":"https:\/\/diariodominicano.com\/index.php?rest_route=%2Fwp%2Fv2%2Ftags&post=588715"}],"curies":[{"name":"wp","href":"https:\/\/api.w.org\/{rel}","templated":true}]}}