{"id":588711,"date":"2025-01-13T16:01:49","date_gmt":"2025-01-13T20:01:49","guid":{"rendered":"https:\/\/diariodominicano.com\/?p=588711"},"modified":"2025-01-13T16:01:59","modified_gmt":"2025-01-13T20:01:59","slug":"el-2024-fue-el-ano-mas-calido-desde-el-siglo-xix-segun-nasa-y-noaa","status":"publish","type":"post","link":"https:\/\/diariodominicano.com\/?p=588711","title":{"rendered":"El 2024 fue el a\u00f1o m\u00e1s c\u00e1lido desde el siglo XIX, seg\u00fan NASA y NOAA"},"content":{"rendered":"\n<p>ARCHIVO &#8211; La gente se refresca con atomizadores a lo largo del Strip de Las Vegas, el 7 de julio de 2024, en Las Vegas.<\/p>\n\n\n\n<p>enero 13, 2025<\/p>\n\n\n\n<ul class=\"wp-block-list\">\n<li><a href=\"https:\/\/www.vozdeamerica.com\/author\/antoni-belchi\/mymyv\">Antoni Belchi<\/a><\/li>\n<\/ul>\n\n\n\n<ul class=\"wp-block-list\">\n<li><a href=\"https:\/\/facebook.com\/sharer.php?u=https%3a%2f%2fwww.vozdeamerica.com%2fa%2fel-2024-fue-el-anio-mas-calido-desde-el-siglo-xix-segun-nasa-y-noaa%2f7934216.html\" target=\"_blank\" rel=\"noreferrer noopener\"><\/a><\/li>\n\n\n\n<li><a href=\"https:\/\/twitter.com\/share?url=https%3a%2f%2fwww.vozdeamerica.com%2fa%2fel-2024-fue-el-anio-mas-calido-desde-el-siglo-xix-segun-nasa-y-noaa%2f7934216.html&amp;text=El+2024+fue+el+a%c3%b1o+m%c3%a1s+c%c3%a1lido+desde+el+siglo+XIX%2c+seg%c3%ban+NASA+y+NOAA\" target=\"_blank\" rel=\"noreferrer noopener\"><\/a><\/li>\n\n\n\n<li><\/li>\n\n\n\n<li><a href=\"mailto:?body=https%3a%2f%2fwww.vozdeamerica.com%2fa%2fel-2024-fue-el-anio-mas-calido-desde-el-siglo-xix-segun-nasa-y-noaa%2f7934216.html&amp;subject=El%202024%20fue%20el%20a%C3%B1o%20m%C3%A1s%20c%C3%A1lido%20desde%20el%20siglo%20XIX,%20seg%C3%BAn%20NASA%20y%20NOAA\"><\/a><\/li>\n<\/ul>\n\n\n\n<p><a href=\"https:\/\/www.vozdeamerica.com\/a\/el-2024-fue-el-anio-mas-calido-desde-el-siglo-xix-segun-nasa-y-noaa\/7934216.html#comments\">&nbsp;Vea comentarios<\/a><\/p>\n\n\n\n<p>NASA y NOAA confirmaron que 2024 fue el a\u00f1o m\u00e1s c\u00e1lido de la historia, con una temperatura global 1,3 grados Celsius superior al promedio hist\u00f3rico, y alertaron sobre el impacto de los gases de efecto invernadero.<\/p>\n\n\n\n<p>MIAMI, EEUU \u2014&nbsp;<\/p>\n\n\n\n<p>La temperatura global de la Tierra en 2024 fue 1,3 grados Celsius superior al promedio hist\u00f3rico registrado hasta ahora, una cifra r\u00e9cord que nunca se hab\u00eda alcanzado, seg\u00fan un informe elaborado por la Administraci\u00f3n Nacional de Aeron\u00e1utica y el Espacio (NASA) y la Administraci\u00f3n Nacional Oce\u00e1nica y Atmosf\u00e9rica (NOAA).<\/p>\n\n\n\n<p>\u201cEl 2024 ha sido el a\u00f1o m\u00e1s c\u00e1lido seg\u00fan el registro de temperaturas que va hasta el siglo XIX. Esto significa que, lamentablemente, como seres humanos estamos aportando cada vez m\u00e1s al aumento de los gases de efecto invernadero al planeta\u201d, explic\u00f3 la Dra. Marangelly Fuentes, directora cient\u00edfica en el Centro de Vuelo Espacial Goddard de NASA, en declaraciones a la&nbsp;<strong><em>Voz de Am\u00e9rica<\/em><\/strong>.<\/p>\n\n\n\n<p>Seg\u00fan la experta, esta situaci\u00f3n est\u00e1 \u201cdirectamente relacionada con la cantidad de combustible f\u00f3sil que tanto los seres humanos como la industria quema\u201d, que provoca que \u201clas temperaturas globales aumenten\u201d.<\/p>\n\n\n\n<figure class=\"wp-block-image\"><img decoding=\"async\" src=\"https:\/\/gdb.voanews.com\/07eadc6b-b3de-444a-885c-41dcf9614f0d_tv_w650_r1.jpg\" alt=\"\u00bfQu\u00e9 contribuye a las altas temperaturas del planeta?\" title=\"\u00bfQu\u00e9 contribuye a las altas temperaturas del planeta?\"\/><\/figure>\n\n\n\n<p><video poster=\"https:\/\/gdb.voanews.com\/07eadc6b-b3de-444a-885c-41dcf9614f0d_tv_w650_r1.jpg\" src=\"blob:https:\/\/www.vozdeamerica.com\/05cf4833-41de-4dc6-8abd-21170c96c1a3\" height=\"381\" width=\"676\"><\/video><\/p>\n\n\n\n<p>&nbsp;Insertar&nbsp;share<\/p>\n\n\n\n<h5 class=\"wp-block-heading\"><a href=\"https:\/\/www.vozdeamerica.com\/a\/el-2024-fue-el-anio-mas-calido-desde-el-siglo-xix-segun-nasa-y-noaa\/7934214.html\" target=\"_blank\" rel=\"noreferrer noopener\">\u00bfQu\u00e9 contribuye a las altas temperaturas del planeta?<\/a><\/h5>\n\n\n\n<p>&nbsp;Insertar&nbsp;share<\/p>\n\n\n\n<p>El c\u00f3digo se ha copiado en su portapapeles.<\/p>\n\n\n\n<hr class=\"wp-block-separator has-alpha-channel-opacity\"\/>\n\n\n\n<p>Ancho&nbsp;&nbsp;pxAltura&nbsp;&nbsp;px<\/p>\n\n\n\n<ul class=\"wp-block-list\">\n<li><a href=\"https:\/\/facebook.com\/sharer.php?u=https%3a%2f%2fwww.vozdeamerica.com%2fa%2f7934214.html\" target=\"_blank\" rel=\"noreferrer noopener\">Comparta en Facebook<\/a><\/li>\n\n\n\n<li><a href=\"https:\/\/twitter.com\/share?url=https%3a%2f%2fwww.vozdeamerica.com%2fa%2f7934214.html&amp;text=%c2%bfQu%c3%a9+contribuye+a+las+altas+temperaturas+del+planeta%3f\" target=\"_blank\" rel=\"noreferrer noopener\">Comparta en Twitter<\/a><\/li>\n<\/ul>\n\n\n\n<hr class=\"wp-block-separator has-alpha-channel-opacity\"\/>\n\n\n\n<p>The URL has been copied to your clipboard<\/p>\n\n\n\n<ul class=\"wp-block-list\">\n<li>Auto<\/li>\n\n\n\n<li>240p<\/li>\n\n\n\n<li>360p<\/li>\n\n\n\n<li>480p<\/li>\n\n\n\n<li>720p<\/li>\n\n\n\n<li>1080p<\/li>\n<\/ul>\n\n\n\n<p>No media source currently available<\/p>\n\n\n\n<p>0:000:330:00<\/p>\n\n\n\n<ul class=\"wp-block-list\">\n<li><\/li>\n\n\n\n<li><\/li>\n\n\n\n<li><\/li>\n\n\n\n<li><\/li>\n\n\n\n<li><\/li>\n\n\n\n<li><\/li>\n<\/ul>\n\n\n\n<p><a href=\"https:\/\/www.vozdeamerica.com\/embed\/player\/Article\/7934214.html?type=video&amp;FullScreenMode=True\" target=\"_blank\" rel=\"noreferrer noopener\"><\/a><\/p>\n\n\n\n<p>\u201cLos \u00faltimos diez a\u00f1os han sido los m\u00e1s c\u00e1lidos en el registro. Eso es preocupante por el impacto que esto tiene en los cambios clim\u00e1ticos\u201d, agreg\u00f3 al respecto.<\/p>\n\n\n\n<p>Pese a esta situaci\u00f3n, la cient\u00edfica asegura que \u201ca\u00fan estamos a tiempo\u201d para revertir ciertas tendencias, pero es necesario actuar cuanto antes.<\/p>\n\n\n\n<p>\u201cTenemos esperanzas de que s\u00ed se puedan revertir lo que hemos estado haciendo ahora y que han tenido estas consecuencias\u201d, subray\u00f3 Fuentes.<\/p>\n\n\n\n<h3 class=\"wp-block-heading\">\u00bfC\u00f3mo se mide la temperatura global del planeta?<\/h3>\n\n\n\n<p>Tanto NASA como NOAA utilizan herramientas de gran precisi\u00f3n que sirven para monitorear el estado del planeta y controlar cu\u00e1l es el comportamiento que adopta en cuanto a las temperaturas.<\/p>\n\n\n\n<p><a href=\"https:\/\/www.vozdeamerica.com\/a\/el-cambio-climatico-anadio-41-dias-de-calor-extremo-en-todo-el-mundo-en-2024\/7915724.html\"><\/a><\/p>\n\n\n\n<p><a href=\"https:\/\/www.vozdeamerica.com\/a\/el-cambio-climatico-anadio-41-dias-de-calor-extremo-en-todo-el-mundo-en-2024\/7915724.html\">Tambi\u00e9n lea<\/a><\/p>\n\n\n\n<h4 class=\"wp-block-heading\"><a href=\"https:\/\/www.vozdeamerica.com\/a\/el-cambio-climatico-anadio-41-dias-de-calor-extremo-en-todo-el-mundo-en-2024\/7915724.html\">El cambio clim\u00e1tico a\u00f1adi\u00f3 41 d\u00edas de calor extremo en todo el mundo en 2024<\/a><\/h4>\n\n\n\n<p>\u201cTenemos miles de estaciones de colecci\u00f3n de datos alrededor del globo terr\u00e1queo que nos dan datos que recopilamos en barcos, en boyas flotantes, en estaciones f\u00edsicas, etc\u201d, expuso.<\/p>\n\n\n\n<p>Despu\u00e9s de recopilar esa informaci\u00f3n, los cient\u00edficos de ambas agencias federales se encargan de estudiarla para luego poder elaborar los informes.<\/p>\n\n\n\n<p>\u201cLo analizamos de diferentes maneras: haciendo una media anual, luego seg\u00fan la estaci\u00f3n del a\u00f1o, por regiones, por las condiciones atmosf\u00e9ricas y clim\u00e1ticas de esa regi\u00f3n, c\u00f3mo impacta en el tiempo de agricultura o en huracanes\u201d, indic\u00f3 aclarando que es necesaria la supervisi\u00f3n de un cient\u00edfico para identificar posibles errores cometidos a la hora de recopilar estos datos.<\/p>\n\n\n\n<h3 class=\"wp-block-heading\">El uso de sat\u00e9lites para vigilar el planeta<\/h3>\n\n\n\n<p>NASA tambi\u00e9n utiliza los sat\u00e9lites en el espacio para verificar los datos. \u201cPor ejemplo, el sat\u00e9lite PACE que nos deja ver microorganismos en el oc\u00e9ano, incluso su interacci\u00f3n con las part\u00edculas peque\u00f1as en la atm\u00f3sfera y c\u00f3mo eso contribuye a los diferentes fen\u00f3menos atmosf\u00e9ricos\u201d, indica.<\/p>\n\n\n\n<p>De hecho, este sat\u00e9lite se puso en marcha a principios del a\u00f1o pasado con el objetivo de monitorear los signos vitales del planeta. En entrevista con la&nbsp;<strong><em>Voz de Am\u00e9rica<\/em><\/strong>, Laura Lorenzoni, cient\u00edfica de programa de la agencia espacial, asegur\u00f3 que el programa \u201cseguir\u00e1 el legado\u201d de otros que se enviaron en el pasado y cuyo objetivo es \u201cel de entender los cambios que se dan a largo plazo\u201d.<\/p>\n\n\n\n<p><a href=\"https:\/\/www.vozdeamerica.com\/a\/informe-2024-apunta-a-convertirse-en-el-anio-mas-caliente-del-que-se-tenga-registro\/7892377.html\"><\/a><\/p>\n\n\n\n<p><a href=\"https:\/\/www.vozdeamerica.com\/a\/informe-2024-apunta-a-convertirse-en-el-anio-mas-caliente-del-que-se-tenga-registro\/7892377.html\">Tambi\u00e9n lea<\/a><\/p>\n\n\n\n<h4 class=\"wp-block-heading\"><a href=\"https:\/\/www.vozdeamerica.com\/a\/informe-2024-apunta-a-convertirse-en-el-anio-mas-caliente-del-que-se-tenga-registro\/7892377.html\">Informe: 2024 apunta a convertirse en el a\u00f1o m\u00e1s caliente del que se tenga registro<\/a><\/h4>\n\n\n\n<p>El sat\u00e9lite de Plancton, Aerosoles, Nubes y Ecosistemas Oce\u00e1nicos, cuyas siglas en ingl\u00e9s forman PACE, supone una \u201cpotente plataforma\u201d de observaci\u00f3n gracias a los sensores de \u00faltima generaci\u00f3n que se utilizan para recoger datos que ser\u00e1n analizados por los cient\u00edficos de NASA.<\/p>\n\n\n\n<p>\u201cPACE va a tener capacidades \u00fanicas porque hasta ahora hemos estado observando el oc\u00e9ano simplemente con ciertos colores\u201d, explic\u00f3 la cient\u00edfica.<\/p>\n\n\n\n<p>Hasta ahora solo se pod\u00edan hacer observaciones mucho m\u00e1s simples en las que \u00fanicamente se distingu\u00edan los colores como el \u201cazul, el verde, tal vez anaranjado y un poco de marr\u00f3n\u201d, pero ahora se podr\u00e1n observar otras tonalidades de acuerdo con la emisi\u00f3n de luz del fitoplancton en diferentes longitudes de onda.<\/p>\n\n\n\n<p>\u201cEs como una huella digital que nos permitir\u00eda entender qu\u00e9 tipo de especies est\u00e1n en el mar\u201d, se\u00f1al\u00f3 la cient\u00edfica venezolana, que lleva m\u00e1s de ocho a\u00f1os trabajando en la NASA. En esa l\u00ednea, dijo que \u201cPACE va a ser capaz de observar todo el espectro de luz visible en escaloncitos muy chiquititos\u201d.<\/p>\n\n\n\n<p><a href=\"https:\/\/www.vozdeamerica.com\/a\/fenomenos-astronomicos-2024-eclipse-total-explosion-estelar\/7915617.html\"><\/a><\/p>\n\n\n\n<p><a href=\"https:\/\/www.vozdeamerica.com\/a\/fenomenos-astronomicos-2024-eclipse-total-explosion-estelar\/7915617.html\">Tambi\u00e9n lea<\/a><\/p>\n\n\n\n<h4 class=\"wp-block-heading\"><a href=\"https:\/\/www.vozdeamerica.com\/a\/fenomenos-astronomicos-2024-eclipse-total-explosion-estelar\/7915617.html\">Los fen\u00f3menos astron\u00f3micos del 2024: del eclipse total de Sol a la explosi\u00f3n estelar<\/a><\/h4>\n\n\n\n<p>\u201cO sea, que vamos a poder entender -por primera vez desde el espacio- cu\u00e1l es la composici\u00f3n de las comunidades acu\u00e1ticas, lo cual es important\u00edsimo para las pesquer\u00edas o para detectar especies nocivas\u201d, a\u00f1adi\u00f3.<\/p>\n\n\n\n<p>NASA tambi\u00e9n ha puesto en marcha el sat\u00e9lite de \u00faltima generaci\u00f3n GOES-U, cuya tecnolog\u00eda permitir\u00e1 a los cient\u00edficos y meteor\u00f3logos monitorear y predecir la trayectoria de tormentas.<\/p>\n\n\n\n<p>\u201cEste sat\u00e9lite es el \u00faltimo de la serie de sat\u00e9lites GOES-R, que son en total cuatro sat\u00e9lites, de alta tecnolog\u00eda, que va a ser capaz de tomar muchos datos de electrificaci\u00f3n y rayos que nos van a servir para pronosticar inundaciones y lluvias intensas\u201d, explic\u00f3 Jos\u00e9 Manuel G\u00e1lvez, investigador y meteor\u00f3logo en el servicio internacional de NOAA.<\/p>\n\n\n\n<p>El nuevo sistema tambi\u00e9n contar\u00e1 con un coron\u00f3grafo que \u201cva a permitir tomar informaci\u00f3n mejor de las erupciones solares\u201d, fen\u00f3meno que ocurre cuando el sol libera grandes cantidades de energ\u00eda almacenada en el campo magn\u00e9tico.<\/p>\n\n\n\n<p>Esta innovadora tecnolog\u00eda no solo ayudar\u00e1 a predecir las tormentas con mucha mayor antelaci\u00f3n, sino que \u201cespecialmente permitir\u00e1 monitorear su evoluci\u00f3n r\u00e1pida\u201d.<\/p>\n\n\n\n<figure class=\"wp-block-image\"><img decoding=\"async\" src=\"https:\/\/gdb.voanews.com\/e46236d1-9462-4829-bf66-0a60ab7b86c2_tv_w650_r1.jpg\" alt=\"Calentamiento global empeora clima en el mundo, seg\u00fan estudio\" title=\"Calentamiento global empeora clima en el mundo, seg\u00fan estudio\"\/><\/figure>\n\n\n\n<p><video poster=\"https:\/\/gdb.voanews.com\/e46236d1-9462-4829-bf66-0a60ab7b86c2_tv_w650_r1.jpg\" src=\"blob:https:\/\/www.vozdeamerica.com\/c3ca85d6-2779-42a0-af5a-2166bf7cb1e5\" height=\"381\" width=\"676\"><\/video><\/p>\n\n\n\n<p>&nbsp;Insertar&nbsp;share<\/p>\n\n\n\n<h5 class=\"wp-block-heading\"><a href=\"https:\/\/www.vozdeamerica.com\/a\/el-2024-fue-el-anio-mas-calido-desde-el-siglo-xix-segun-nasa-y-noaa\/7916406.html\" target=\"_blank\" rel=\"noreferrer noopener\">Calentamiento global empeora clima en el mundo, seg\u00fan estudio<\/a><\/h5>\n\n\n\n<p>&nbsp;Insertar&nbsp;share<\/p>\n\n\n\n<p>El c\u00f3digo se ha copiado en su portapapeles.<\/p>\n\n\n\n<hr class=\"wp-block-separator has-alpha-channel-opacity\"\/>\n\n\n\n<p>Ancho&nbsp;&nbsp;pxAltura&nbsp;&nbsp;px<\/p>\n\n\n\n<ul class=\"wp-block-list\">\n<li><a href=\"https:\/\/facebook.com\/sharer.php?u=https%3a%2f%2fwww.vozdeamerica.com%2fa%2f7916406.html\" target=\"_blank\" rel=\"noreferrer noopener\">Comparta en Facebook<\/a><\/li>\n\n\n\n<li><a href=\"https:\/\/twitter.com\/share?url=https%3a%2f%2fwww.vozdeamerica.com%2fa%2f7916406.html&amp;text=Calentamiento+global+empeora+clima+en+el+mundo%2c+seg%c3%ban+estudio\" target=\"_blank\" rel=\"noreferrer noopener\">Comparta en Twitter<\/a><\/li>\n<\/ul>\n\n\n\n<hr class=\"wp-block-separator has-alpha-channel-opacity\"\/>\n\n\n\n<p>The URL has been copied to your clipboard<\/p>\n\n\n\n<ul class=\"wp-block-list\">\n<li>Auto<\/li>\n\n\n\n<li>240p<\/li>\n\n\n\n<li>360p<\/li>\n\n\n\n<li>480p<\/li>\n\n\n\n<li>720p<\/li>\n\n\n\n<li>1080p<\/li>\n<\/ul>\n\n\n\n<p>No media source currently available<\/p>\n\n\n\n<p>0:001:450:00<\/p>\n\n\n\n<ul class=\"wp-block-list\">\n<li><\/li>\n\n\n\n<li><\/li>\n\n\n\n<li><\/li>\n\n\n\n<li><\/li>\n\n\n\n<li><\/li>\n\n\n\n<li><\/li>\n<\/ul>\n\n\n\n<p><a href=\"https:\/\/www.vozdeamerica.com\/embed\/player\/Article\/7916406.html?type=video&amp;FullScreenMode=True\" target=\"_blank\" rel=\"noreferrer noopener\"><\/a><\/p>\n\n\n\n<p>&nbsp;Descargar&nbsp;<\/p>\n\n\n\n<p>\u201cB\u00e1sicamente cuando la tormenta se est\u00e1 aproximando a un lugar cr\u00edtico, nos ayuda a entender mejor si la tormenta se est\u00e1 intensificando, debilitando o qu\u00e9 podr\u00eda pasar. Es lo que se conoce en el mundo de la meteorolog\u00eda como&nbsp;<em>nowcasting<\/em>&nbsp;o pron\u00f3stico a muy corto plazo\u201d, expuso G\u00e1lvez.<\/p>\n\n\n\n<p>Esto ser\u00e1 posible gracias a la incorporaci\u00f3n de nuevos sensores que son capaces de \u201cmedir nubes y tipos de nubes con diferentes estructuras con muy alta resoluci\u00f3n espacial y temporal\u201d.<\/p>\n\n\n\n<p>\u201cAs\u00ed mismo, tambi\u00e9n podemos tomar datos de rayos desde el espacio con alt\u00edsimo resoluci\u00f3n temporal y espacial tambi\u00e9n. Esos cambios en las nubes y en la electrificaci\u00f3n nos ayudan a entender qu\u00e9 es lo que est\u00e1 haciendo la tormenta\u201d, agreg\u00f3.<\/p>\n\n\n\n<h3 class=\"wp-block-heading\">Herramientas mucho m\u00e1s fiables para la predicci\u00f3n<\/h3>\n\n\n\n<p>Con todo, la directora cient\u00edfica de NASA insiste que los datos que ahora se recopilan gracias a la puesta en marcha de sat\u00e9lites y otras herramientas, proporcionan informaci\u00f3n mucho m\u00e1s fiable, aunque a\u00fan con posibles errores, para poder elaborar pron\u00f3sticos del tiempo a largo plazo.<\/p>\n\n\n\n<p>\u201cEl modelo de predicci\u00f3n meteorol\u00f3gica necesita saber el estado de la atm\u00f3sfera en este momento y de ah\u00ed utiliza unas ecuaciones matem\u00e1ticas para llegar a una conclusi\u00f3n\u201d, agreg\u00f3.<\/p>\n","protected":false},"excerpt":{"rendered":"<p>ARCHIVO &#8211; La gente se refresca con atomizadores a lo largo del Strip de Las Vegas, el 7 de julio de 2024, en Las Vegas. enero 13, 2025 &nbsp;Vea comentarios NASA y NOAA confirmaron que 2024 fue el a\u00f1o m\u00e1s c\u00e1lido de la historia, con una temperatura global 1,3 grados Celsius superior al promedio hist\u00f3rico, [&hellip;]<\/p>\n","protected":false},"author":28,"featured_media":588713,"comment_status":"closed","ping_status":"closed","sticky":true,"template":"","format":"standard","meta":{"footnotes":""},"categories":[36,23,27],"tags":[],"class_list":["post-588711","post","type-post","status-publish","format-standard","has-post-thumbnail","hentry","category-hombresmujeresycosas","category-internacional","category-portada"],"_links":{"self":[{"href":"https:\/\/diariodominicano.com\/index.php?rest_route=\/wp\/v2\/posts\/588711","targetHints":{"allow":["GET"]}}],"collection":[{"href":"https:\/\/diariodominicano.com\/index.php?rest_route=\/wp\/v2\/posts"}],"about":[{"href":"https:\/\/diariodominicano.com\/index.php?rest_route=\/wp\/v2\/types\/post"}],"author":[{"embeddable":true,"href":"https:\/\/diariodominicano.com\/index.php?rest_route=\/wp\/v2\/users\/28"}],"replies":[{"embeddable":true,"href":"https:\/\/diariodominicano.com\/index.php?rest_route=%2Fwp%2Fv2%2Fcomments&post=588711"}],"version-history":[{"count":1,"href":"https:\/\/diariodominicano.com\/index.php?rest_route=\/wp\/v2\/posts\/588711\/revisions"}],"predecessor-version":[{"id":588714,"href":"https:\/\/diariodominicano.com\/index.php?rest_route=\/wp\/v2\/posts\/588711\/revisions\/588714"}],"wp:featuredmedia":[{"embeddable":true,"href":"https:\/\/diariodominicano.com\/index.php?rest_route=\/wp\/v2\/media\/588713"}],"wp:attachment":[{"href":"https:\/\/diariodominicano.com\/index.php?rest_route=%2Fwp%2Fv2%2Fmedia&parent=588711"}],"wp:term":[{"taxonomy":"category","embeddable":true,"href":"https:\/\/diariodominicano.com\/index.php?rest_route=%2Fwp%2Fv2%2Fcategories&post=588711"},{"taxonomy":"post_tag","embeddable":true,"href":"https:\/\/diariodominicano.com\/index.php?rest_route=%2Fwp%2Fv2%2Ftags&post=588711"}],"curies":[{"name":"wp","href":"https:\/\/api.w.org\/{rel}","templated":true}]}}