{"id":588698,"date":"2025-01-13T15:53:41","date_gmt":"2025-01-13T19:53:41","guid":{"rendered":"https:\/\/diariodominicano.com\/?p=588698"},"modified":"2025-01-13T15:53:50","modified_gmt":"2025-01-13T19:53:50","slug":"gobierno-de-venezuela-denuncia-ataques-contra-varias-sedes-diplomaticas","status":"publish","type":"post","link":"https:\/\/diariodominicano.com\/?p=588698","title":{"rendered":"Gobierno de Venezuela denuncia ataques contra varias sedes diplom\u00e1ticas"},"content":{"rendered":"\n<p>El canciller de Venezuela, Yvan Gil, denunci\u00f3 que las sedes diplom\u00e1ticas del pa\u00eds en Lisboa, en Portugal; Frankfurt, en Alemania; Medell\u00edn, en Colombia; Vigo, en Espa\u00f1a y San Jos\u00e9, en Costa Rica, fueron \u201catacadas por extremistas\u201d.<\/p>\n\n\n\n<p>Gil pidi\u00f3 a las autoridades de esos pa\u00edses \u201cceleridad\u201d en las investigaciones para dar con los responsables, y que se garantice la integridad de las instalaciones, tal y como establece la Convenci\u00f3n de Viena.<\/p>\n\n\n\n<p>El canciller asegur\u00f3 que se trat\u00f3 de una \u201cacci\u00f3n coordinada\u201d de los comanditos, una red ciudadana organizada para cuidar el voto opositor.<\/p>\n\n\n\n<p>13:22<\/p>\n\n\n\n<h2 class=\"wp-block-heading\">Venezuela autoriza reapertura de frontera con Colombia y levanta suspensi\u00f3n de vuelos<\/h2>\n\n\n\n<p>Venezuela autoriz\u00f3 la reapertura de la frontera terrestre con Colombia en la madrugada del lunes tres d\u00edas despu\u00e9s de ordenar su cierre por razones de seguridad de cara a la toma de posesi\u00f3n del presidente Nicol\u00e1s Maduro para un tercer mandato de seis a\u00f1os.<\/p>\n\n\n\n<p>\u201cLa frontera, una vez m\u00e1s, abierta. El Estado y el pa\u00eds en total paz y tranquilidad\u201d, dijo Freddy Bernal, gobernador del estado occidental de T\u00e1chira y cercano colaborador Maduro, mediante un video publicado en su cuenta en Instagram.<\/p>\n\n\n\n<p>El cierre del lado venezolano se produjo el viernes. Entonces el propio Bernal anunci\u00f3 que siguiendo instrucciones del mandatario se hab\u00eda cerrado la frontera terrestre en respuesta a informaciones de las autoridades sobre una supuesta \u201cconspiraci\u00f3n internacional para perturbar la paz de los venezolanos\u201d en momentos que Maduro se dispon\u00eda a tomar posesi\u00f3n en la Asamblea Nacional en Caracas. Las autoridades aeron\u00e1uticas venezolanas tambi\u00e9n anunciaron el levantamiento de la suspensi\u00f3n de los vuelos entre Venezuela y Colombia, pa\u00eds con el que comparte 2.200 kil\u00f3metros de frontera.<\/p>\n\n\n\n<p><strong><em>AP<\/em><\/strong><\/p>\n\n\n\n<p>09:23<\/p>\n\n\n\n<h2 class=\"wp-block-heading\">Espa\u00f1a insta a una soluci\u00f3n \u00abpac\u00edfica\u00bb a la crisis de Venezuela<\/h2>\n\n\n\n<p>El ministro de Asuntos Exteriores de Espa\u00f1a, Jos\u00e9 Manuel Albares, pidi\u00f3 el lunes una soluci\u00f3n \u00abdemocr\u00e1tica y pac\u00edfica\u00bb a la \u00abcrisis\u00bb de Venezuela, d\u00edas despu\u00e9s de que Nicol\u00e1s Maduro fuera investido para un tercer mandato como presidente.<\/p>\n\n\n\n<p>\u00abEs evidente que hay una crisis grave en Venezuela, debemos unir a los venezolanos y ayudarles a alcanzar una soluci\u00f3n pol\u00edtica, negociada, democr\u00e1tica y pac\u00edfica\u00bb, dijo Albares a la cadena p\u00fablica TVE.<\/p>\n\n\n\n<p>Albares dijo el lunes que Espa\u00f1a no reconoc\u00eda la legitimidad de la votaci\u00f3n de julio pasado, pero quer\u00eda mantener un \u00abdi\u00e1logo permanente con el gobierno venezolano y la oposici\u00f3n\u00bb.<\/p>\n\n\n\n<p><em>AFP<\/em><\/p>\n","protected":false},"excerpt":{"rendered":"<p>El canciller de Venezuela, Yvan Gil, denunci\u00f3 que las sedes diplom\u00e1ticas del pa\u00eds en Lisboa, en Portugal; Frankfurt, en Alemania; Medell\u00edn, en Colombia; Vigo, en Espa\u00f1a y San Jos\u00e9, en Costa Rica, fueron \u201catacadas por extremistas\u201d. Gil pidi\u00f3 a las autoridades de esos pa\u00edses \u201cceleridad\u201d en las investigaciones para dar con los responsables, y que [&hellip;]<\/p>\n","protected":false},"author":28,"featured_media":518637,"comment_status":"closed","ping_status":"closed","sticky":true,"template":"","format":"standard","meta":{"footnotes":""},"categories":[23],"tags":[],"class_list":["post-588698","post","type-post","status-publish","format-standard","has-post-thumbnail","hentry","category-internacional"],"_links":{"self":[{"href":"https:\/\/diariodominicano.com\/index.php?rest_route=\/wp\/v2\/posts\/588698","targetHints":{"allow":["GET"]}}],"collection":[{"href":"https:\/\/diariodominicano.com\/index.php?rest_route=\/wp\/v2\/posts"}],"about":[{"href":"https:\/\/diariodominicano.com\/index.php?rest_route=\/wp\/v2\/types\/post"}],"author":[{"embeddable":true,"href":"https:\/\/diariodominicano.com\/index.php?rest_route=\/wp\/v2\/users\/28"}],"replies":[{"embeddable":true,"href":"https:\/\/diariodominicano.com\/index.php?rest_route=%2Fwp%2Fv2%2Fcomments&post=588698"}],"version-history":[{"count":1,"href":"https:\/\/diariodominicano.com\/index.php?rest_route=\/wp\/v2\/posts\/588698\/revisions"}],"predecessor-version":[{"id":588700,"href":"https:\/\/diariodominicano.com\/index.php?rest_route=\/wp\/v2\/posts\/588698\/revisions\/588700"}],"wp:featuredmedia":[{"embeddable":true,"href":"https:\/\/diariodominicano.com\/index.php?rest_route=\/wp\/v2\/media\/518637"}],"wp:attachment":[{"href":"https:\/\/diariodominicano.com\/index.php?rest_route=%2Fwp%2Fv2%2Fmedia&parent=588698"}],"wp:term":[{"taxonomy":"category","embeddable":true,"href":"https:\/\/diariodominicano.com\/index.php?rest_route=%2Fwp%2Fv2%2Fcategories&post=588698"},{"taxonomy":"post_tag","embeddable":true,"href":"https:\/\/diariodominicano.com\/index.php?rest_route=%2Fwp%2Fv2%2Ftags&post=588698"}],"curies":[{"name":"wp","href":"https:\/\/api.w.org\/{rel}","templated":true}]}}