{"id":588659,"date":"2025-01-13T14:58:56","date_gmt":"2025-01-13T18:58:56","guid":{"rendered":"https:\/\/diariodominicano.com\/?p=588659"},"modified":"2025-01-13T15:01:09","modified_gmt":"2025-01-13T19:01:09","slug":"ee-uu-designa-a-the-terrorgram-collective-terrorgram-y-a-tres-de-sus-lideres-como-terroristas-globales","status":"publish","type":"post","link":"https:\/\/diariodominicano.com\/?p=588659","title":{"rendered":"EE. UU. designa a The Terrorgram Collective (Terrorgram) y a tres de sus l\u00edderes como Terroristas Globales"},"content":{"rendered":"\n<p>13 de enero de 2025<\/p>\n\n\n\n<p>Estados Unidos sigue profundamente preocupado por la amenaza mundial del extremismo violento por motivos raciales o \u00e9tnicos (REMVE) y est\u00e1 comprometido a contrarrestar los componentes transnacionales del supremacismo blanco violento.<\/p>\n\n\n\n<p>Hoy, el Departamento de Estado est\u00e1 designando a The Terrorgram Collective (Terrorgram) y a tres de sus l\u00edderes como Terroristas Globales Especialmente Designados de conformidad con la Orden Ejecutiva (EO) 13224, con sus modificaciones.<\/p>\n\n\n\n<ul class=\"wp-block-list\">\n<li>Terrorgram es un grupo terrorista transnacional que opera principalmente en la plataforma de mensajer\u00eda digital y redes sociales Telegram. El grupo promueve la supremac\u00eda blanca violenta, solicita ataques contra supuestos adversarios y proporciona orientaci\u00f3n y materiales instructivos sobre t\u00e1cticas, m\u00e9todos y objetivos para los ataques, incluidos infraestructuras cr\u00edticas y funcionarios gubernamentales. El grupo tambi\u00e9n glorifica a quienes han llevado a cabo tales ataques.<\/li>\n\n\n\n<li>Entre los ataques o intentos de ataques de usuarios de Terrorgram motivados y facilitados por el grupo se incluyen un tiroteo en octubre de 2022 frente a un bar LGBTQI+ en Eslovaquia; un ataque planeado en julio de 2024 contra instalaciones energ\u00e9ticas en Nueva Jersey; y un ataque con cuchillo en agosto de 2024 en una mezquita en Turqu\u00eda. En septiembre de 2024,\u00a0<a href=\"https:\/\/links-2.govdelivery.com\/CL0\/https:%2F%2Fwww.justice.gov%2Fopa%2Fpr%2Fleaders-transnational-terrorist-group-charged-soliciting-hate-crimes-soliciting-murder\/1\/010101946051535a-da0eb6c7-119e-4988-89ca-a8974fe9c3b1-000000\/Wek9LLcH89VCNgnBTpjyyHYknddQKzp1hZWSPD2lK9M=387\" target=\"_blank\" rel=\"noreferrer noopener\">el Departamento de Justicia acus\u00f3 a dos l\u00edderes estadounidenses de Terrorgram.<\/a>\u00a0con una acusaci\u00f3n formal de 15 cargos por solicitar cr\u00edmenes de odio, solicitar el asesinato de funcionarios federales y conspirar para proporcionar apoyo material a terroristas.<\/li>\n<\/ul>\n\n\n\n<p>Adem\u00e1s, el Departamento de Estado est\u00e1 designando a tres l\u00edderes de Terrorgram como SDGT de conformidad con la Orden Ejecutiva 13224, con sus modificaciones.<\/p>\n\n\n\n<ul class=\"wp-block-list\">\n<li>Ciro Daniel Amorim Ferreira es administrador del canal Terrorgram. Ferreira es un ciudadano brasile\u00f1o que reside en Brasil.<\/li>\n\n\n\n<li>Noah Licul es un miembro destacado de Terrorgram. Licul es ciudadano croata y reside en Croacia.<\/li>\n\n\n\n<li>Hendrik-Wahl Muller es administrador del canal Terrorgram. Muller es un ciudadano sudafricano que reside en Sud\u00e1frica.<\/li>\n<\/ul>\n\n\n\n<p>El colectivo Terrorgram ha sido designado por haber cometido o intentado cometer, presentar un riesgo significativo de cometer o haber participado en un entrenamiento para cometer actos de terrorismo que amenacen la seguridad de los ciudadanos de los Estados Unidos o la seguridad nacional, la pol\u00edtica exterior o la econom\u00eda de los Estados Unidos. Ciro Daniel Amorim Ferreira, Noah Licul y Hendrik-Wahl Muller han sido designados por ser l\u00edderes del colectivo Terrorgram.<\/p>\n\n\n\n<p>Como resultado de nuestras acciones, todos los bienes e intereses en bienes de las personas designadas hoy que est\u00e9n sujetos a la jurisdicci\u00f3n de los EE. UU. est\u00e1n bloqueados, y a todas las personas de los EE. UU. se les proh\u00edbe en general realizar transacciones con ellas. Las designaciones de terroristas exponen y a\u00edslan a entidades e individuos y les impiden explotar el sistema financiero de los EE. UU. Adem\u00e1s, las designaciones pueden ayudar a las actividades de aplicaci\u00f3n de la ley de los organismos estadounidenses y otras entidades y gobiernos de aplicaci\u00f3n de la ley pertinentes.<\/p>\n\n\n\n<p><em>Las medidas de hoy se est\u00e1n tomando de conformidad con la Orden Ejecutiva 13224, en su forma enmendada, que apunta a terroristas, organizaciones terroristas, l\u00edderes y funcionarios de grupos terroristas y aquellos que brindan apoyo a terroristas o actos de terrorismo. Estas designaciones son parte de un esfuerzo m\u00e1s amplio del gobierno de los EE. UU. para abordar las dimensiones transnacionales de la amenaza que plantean los actores de REMVE y reflejan el compromiso continuo de la Administraci\u00f3n Biden-Harris de contrarrestar el terrorismo interno, que incluye REMVE y el terrorismo de identidad blanca. En junio de 2021, la Administraci\u00f3n public\u00f3 la primera Estrategia Nacional para Contrarrestar el Terrorismo Interno. Esa Estrategia destac\u00f3 los esfuerzos del Gobierno de los EE. UU. para evaluar si otras entidades extranjeras vinculadas al terrorismo interno podr\u00edan, seg\u00fan los criterios pertinentes, ser designadas como Organizaciones Terroristas Extranjeras o SDGT.<\/em><\/p>\n\n\n\n<p><em>Los peticionarios que soliciten la eliminaci\u00f3n de las personas designadas hoy de la Lista de Nacionales Especialmente Designados y Personas Bloqueadas deben consultar la\u00a0<a href=\"https:\/\/links-2.govdelivery.com\/CL0\/https:%2F%2Fwww.state.gov%2Fsanctions-delisting%2F\/1\/010101946051535a-da0eb6c7-119e-4988-89ca-a8974fe9c3b1-000000\/MAe9zAGu5uzjuG2qbo27-c6H8lVr88Zcem9sAYvj4n4=387\" target=\"_blank\" rel=\"noreferrer noopener\">p\u00e1gina de Gu\u00eda de Exclusi\u00f3n de<\/a>\u00a0la Lista del Departamento de Estado.<\/em><\/p>\n\n\n\n<p>Hoja informativa<\/p>\n\n\n\n<p>U.S. Department of State<\/p>\n\n\n\n<p>U.S. Department of State ()<\/p>\n\n\n\n<p><a href=\"mailto:usstatebpa@public.govdelivery.com\" target=\"_blank\" rel=\"noreferrer noopener\">usstatebpa@public.govdelivery.com<\/a><\/p>\n\n\n\n<p>#Estados Unidos\u2003<\/p>\n\n\n\n<p><\/p>\n\n\n\n<p><\/p>\n","protected":false},"excerpt":{"rendered":"<p>13 de enero de 2025 Estados Unidos sigue profundamente preocupado por la amenaza mundial del extremismo violento por motivos raciales o \u00e9tnicos (REMVE) y est\u00e1 comprometido a contrarrestar los componentes transnacionales del supremacismo blanco violento. Hoy, el Departamento de Estado est\u00e1 designando a The Terrorgram Collective (Terrorgram) y a tres de sus l\u00edderes como Terroristas [&hellip;]<\/p>\n","protected":false},"author":28,"featured_media":454961,"comment_status":"closed","ping_status":"closed","sticky":true,"template":"","format":"standard","meta":{"footnotes":""},"categories":[23],"tags":[],"class_list":["post-588659","post","type-post","status-publish","format-standard","has-post-thumbnail","hentry","category-internacional"],"_links":{"self":[{"href":"https:\/\/diariodominicano.com\/index.php?rest_route=\/wp\/v2\/posts\/588659","targetHints":{"allow":["GET"]}}],"collection":[{"href":"https:\/\/diariodominicano.com\/index.php?rest_route=\/wp\/v2\/posts"}],"about":[{"href":"https:\/\/diariodominicano.com\/index.php?rest_route=\/wp\/v2\/types\/post"}],"author":[{"embeddable":true,"href":"https:\/\/diariodominicano.com\/index.php?rest_route=\/wp\/v2\/users\/28"}],"replies":[{"embeddable":true,"href":"https:\/\/diariodominicano.com\/index.php?rest_route=%2Fwp%2Fv2%2Fcomments&post=588659"}],"version-history":[{"count":3,"href":"https:\/\/diariodominicano.com\/index.php?rest_route=\/wp\/v2\/posts\/588659\/revisions"}],"predecessor-version":[{"id":588663,"href":"https:\/\/diariodominicano.com\/index.php?rest_route=\/wp\/v2\/posts\/588659\/revisions\/588663"}],"wp:featuredmedia":[{"embeddable":true,"href":"https:\/\/diariodominicano.com\/index.php?rest_route=\/wp\/v2\/media\/454961"}],"wp:attachment":[{"href":"https:\/\/diariodominicano.com\/index.php?rest_route=%2Fwp%2Fv2%2Fmedia&parent=588659"}],"wp:term":[{"taxonomy":"category","embeddable":true,"href":"https:\/\/diariodominicano.com\/index.php?rest_route=%2Fwp%2Fv2%2Fcategories&post=588659"},{"taxonomy":"post_tag","embeddable":true,"href":"https:\/\/diariodominicano.com\/index.php?rest_route=%2Fwp%2Fv2%2Ftags&post=588659"}],"curies":[{"name":"wp","href":"https:\/\/api.w.org\/{rel}","templated":true}]}}