{"id":588631,"date":"2025-01-13T10:38:08","date_gmt":"2025-01-13T14:38:08","guid":{"rendered":"https:\/\/diariodominicano.com\/?p=588631"},"modified":"2025-01-13T21:54:11","modified_gmt":"2025-01-14T01:54:11","slug":"jean-charles-moise-lider-de-pitit-dessalin-de-haiti-desea-al-pueblo-venezolano-mucho-progreso-bajo-el-liderazgo-de-maduro","status":"publish","type":"post","link":"https:\/\/diariodominicano.com\/?p=588631","title":{"rendered":"Jean Charles Moise, l\u00edder de Pitit Dessalin de Hait\u00ed\u00a0desea al pueblo venezolano mucho progreso bajo el liderazgo  de Maduro"},"content":{"rendered":"\n<p>diariodominicano.com<\/p>\n\n\n\n<p>Puerto Pr\u00edncipe, 13 ene (Prensa Latina) La plataforma de oposici\u00f3n Pitit Dessalin de Hait\u00ed felicit\u00f3 al presidente de Venezuela, Nicol\u00e1s Maduro, quien llevar\u00e1 las riendas de esa naci\u00f3n suramericana en su tercer mandato consecutivo, informaron hoy medios locales.<\/p>\n\n\n<div class=\"wp-block-image\">\n<figure class=\"alignleft size-full is-resized\"><img loading=\"lazy\" decoding=\"async\" width=\"670\" height=\"502\" src=\"https:\/\/diariodominicano.com\/wp-content\/uploads\/2025\/01\/Jean-Charles-Moise-partido-Desalines13-1-25.jpg\" alt=\"\" class=\"wp-image-588633\" style=\"width:642px;height:auto\" srcset=\"https:\/\/diariodominicano.com\/wp-content\/uploads\/2025\/01\/Jean-Charles-Moise-partido-Desalines13-1-25.jpg 670w, https:\/\/diariodominicano.com\/wp-content\/uploads\/2025\/01\/Jean-Charles-Moise-partido-Desalines13-1-25-300x225.jpg 300w\" sizes=\"auto, (max-width: 670px) 100vw, 670px\" \/><\/figure>\n<\/div>\n\n\n<p>Deseamos al pueblo venezolano mucho progreso bajo el liderazgo del Estado socialista, de acuerdo con la voluntad del gran libertador Sim\u00f3n Bol\u00edvar, y en la l\u00ednea pol\u00edtica del Comandante Hugo Ch\u00e1vez (1954-2013), manifest\u00f3 el l\u00edder de la agrupaci\u00f3n pol\u00edtica, Jean Charles Moise.<\/p>\n\n\n\n<p>\u201cVivan los dos pa\u00edses hermanos unidos por la historia!\u201d expres\u00f3 el dirigente opositor haitiano citado por el diario digital Hait\u00ed Libre.<\/p>\n\n\n\n<p>El 10 de enero, el presidente Nicol\u00e1s Maduro qued\u00f3 juramentado como presidente de Venezuela para el sexenio 2025-2031.<\/p>\n\n\n\n<p>En sesi\u00f3n solemne en el Sal\u00f3n El\u00edptico del Palacio Federal Legislativo, el mandatario reelecto prest\u00f3 su juramento en acto simb\u00f3lico sobre la Constituci\u00f3n original firmada por el comandante Hugo Ch\u00e1vez despu\u00e9s de su aprobaci\u00f3n en 1999.<\/p>\n\n\n\n<p>M\u00e1s de dos mil representantes de gobiernos, movimientos sociales de m\u00e1s de un centenar de pa\u00edses de todos los continentes y organizaciones internacionales viajaron a Caracas para asistir a la juramentaci\u00f3n de Maduro.<\/p>\n\n\n\n<p>mem\/joe <\/p>\n","protected":false},"excerpt":{"rendered":"<p>diariodominicano.com Puerto Pr\u00edncipe, 13 ene (Prensa Latina) La plataforma de oposici\u00f3n Pitit Dessalin de Hait\u00ed felicit\u00f3 al presidente de Venezuela, Nicol\u00e1s Maduro, quien llevar\u00e1 las riendas de esa naci\u00f3n suramericana en su tercer mandato consecutivo, informaron hoy medios locales. Deseamos al pueblo venezolano mucho progreso bajo el liderazgo del Estado socialista, de acuerdo con la [&hellip;]<\/p>\n","protected":false},"author":5,"featured_media":588632,"comment_status":"closed","ping_status":"closed","sticky":true,"template":"","format":"standard","meta":{"footnotes":""},"categories":[112,23,27],"tags":[],"class_list":["post-588631","post","type-post","status-publish","format-standard","has-post-thumbnail","hentry","category-haiti","category-internacional","category-portada"],"_links":{"self":[{"href":"https:\/\/diariodominicano.com\/index.php?rest_route=\/wp\/v2\/posts\/588631","targetHints":{"allow":["GET"]}}],"collection":[{"href":"https:\/\/diariodominicano.com\/index.php?rest_route=\/wp\/v2\/posts"}],"about":[{"href":"https:\/\/diariodominicano.com\/index.php?rest_route=\/wp\/v2\/types\/post"}],"author":[{"embeddable":true,"href":"https:\/\/diariodominicano.com\/index.php?rest_route=\/wp\/v2\/users\/5"}],"replies":[{"embeddable":true,"href":"https:\/\/diariodominicano.com\/index.php?rest_route=%2Fwp%2Fv2%2Fcomments&post=588631"}],"version-history":[{"count":3,"href":"https:\/\/diariodominicano.com\/index.php?rest_route=\/wp\/v2\/posts\/588631\/revisions"}],"predecessor-version":[{"id":588774,"href":"https:\/\/diariodominicano.com\/index.php?rest_route=\/wp\/v2\/posts\/588631\/revisions\/588774"}],"wp:featuredmedia":[{"embeddable":true,"href":"https:\/\/diariodominicano.com\/index.php?rest_route=\/wp\/v2\/media\/588632"}],"wp:attachment":[{"href":"https:\/\/diariodominicano.com\/index.php?rest_route=%2Fwp%2Fv2%2Fmedia&parent=588631"}],"wp:term":[{"taxonomy":"category","embeddable":true,"href":"https:\/\/diariodominicano.com\/index.php?rest_route=%2Fwp%2Fv2%2Fcategories&post=588631"},{"taxonomy":"post_tag","embeddable":true,"href":"https:\/\/diariodominicano.com\/index.php?rest_route=%2Fwp%2Fv2%2Ftags&post=588631"}],"curies":[{"name":"wp","href":"https:\/\/api.w.org\/{rel}","templated":true}]}}