{"id":588599,"date":"2025-01-13T01:27:17","date_gmt":"2025-01-13T05:27:17","guid":{"rendered":"https:\/\/diariodominicano.com\/?p=588599"},"modified":"2025-01-13T01:27:22","modified_gmt":"2025-01-13T05:27:22","slug":"embajada-informa-sobre-fallecimiento-de-medico-cubano-en-mexico","status":"publish","type":"post","link":"https:\/\/diariodominicano.com\/?p=588599","title":{"rendered":"Embajada informa sobre fallecimiento de m\u00e9dico cubano en M\u00e9xico"},"content":{"rendered":"\n<p>Ciudad de M\u00e9xico, 12 ene (Prensa Latina) La Embajada de Cuba en M\u00e9xico inform\u00f3 sobre el repentino fallecimiento de un m\u00e9dico de la isla que brindaba servicios al pueblo de este pa\u00eds norteamericano en el hospital integral Xicotepec, del estado de Puebla.<\/p>\n\n\n\n<ul class=\"wp-block-list\">\n<li><a href=\"https:\/\/www.prensa-latina.cu\/2025\/01\/12\/\"><time>enero 12, 2025 | 01:46<\/time><\/a><\/li>\n<\/ul>\n\n\n\n<ul class=\"wp-block-list\">\n<li><a href=\"https:\/\/www.prensa-latina.cu\/2025\/01\/12\/embajada-informa-sobre-fallecimiento-de-medico-cubano-en-mexico\/#\"><\/a><\/li>\n\n\n\n<li><a href=\"https:\/\/www.prensa-latina.cu\/2025\/01\/12\/embajada-informa-sobre-fallecimiento-de-medico-cubano-en-mexico\/#\"><\/a><\/li>\n\n\n\n<li><a href=\"https:\/\/www.prensa-latina.cu\/2025\/01\/12\/embajada-informa-sobre-fallecimiento-de-medico-cubano-en-mexico\/#\"><\/a><\/li>\n\n\n\n<li><a href=\"https:\/\/www.prensa-latina.cu\/2025\/01\/12\/embajada-informa-sobre-fallecimiento-de-medico-cubano-en-mexico\/#\"><\/a><\/li>\n<\/ul>\n\n\n\n<p>\u00abCon profundo dolor conocimos del repentino fallecimiento en la tarde de hoy del Dr. Asiel P\u00e9rez Rocillo; m\u00e9dico cubano especialista en Medicina Familiar que brindaba servicios al pueblo mexicano en el hospital integral Xicotepec, del estado de Puebla\u00bb, comunic\u00f3 anoche la sede diplom\u00e1tica en X.<\/p>\n\n\n\n<p>El mensaje refiere que, de inmediato, la direcci\u00f3n de la Brigada M\u00e9dica, el Ministerio de Salud P\u00fablica de Cuba y la legaci\u00f3n se pusieron en contacto con su familia en la mayor de las Antillas.<\/p>\n\n\n\n<p>\u00abSe realizan todas las gestiones necesarias para brindar el apoyo consular requerido y su repatriaci\u00f3n\u00bb, afirm\u00f3 la Embajada.<\/p>\n\n\n\n<p>\u00abSus compa\u00f1eros y nuestra misi\u00f3n -asever\u00f3- extendemos las m\u00e1s sentidas condolencias a sus familiares\u00bb.<\/p>\n\n\n\n<p>mem\/las<\/p>\n\n\n\n<ul class=\"wp-block-list\">\n<li>#<a href=\"https:\/\/www.prensa-latina.cu\/etiqueta\/cuba\/\">cuba<\/a>\u00a0#<a href=\"https:\/\/www.prensa-latina.cu\/etiqueta\/medico\/\">m\u00e9dico<\/a>\u00a0#<a href=\"https:\/\/www.prensa-latina.cu\/etiqueta\/mexico\/\">M\u00e9xico<\/a><\/li>\n<\/ul>\n","protected":false},"excerpt":{"rendered":"<p>Ciudad de M\u00e9xico, 12 ene (Prensa Latina) La Embajada de Cuba en M\u00e9xico inform\u00f3 sobre el repentino fallecimiento de un m\u00e9dico de la isla que brindaba servicios al pueblo de este pa\u00eds norteamericano en el hospital integral Xicotepec, del estado de Puebla. \u00abCon profundo dolor conocimos del repentino fallecimiento en la tarde de hoy del [&hellip;]<\/p>\n","protected":false},"author":28,"featured_media":588600,"comment_status":"closed","ping_status":"closed","sticky":true,"template":"","format":"standard","meta":{"footnotes":""},"categories":[23],"tags":[],"class_list":["post-588599","post","type-post","status-publish","format-standard","has-post-thumbnail","hentry","category-internacional"],"_links":{"self":[{"href":"https:\/\/diariodominicano.com\/index.php?rest_route=\/wp\/v2\/posts\/588599","targetHints":{"allow":["GET"]}}],"collection":[{"href":"https:\/\/diariodominicano.com\/index.php?rest_route=\/wp\/v2\/posts"}],"about":[{"href":"https:\/\/diariodominicano.com\/index.php?rest_route=\/wp\/v2\/types\/post"}],"author":[{"embeddable":true,"href":"https:\/\/diariodominicano.com\/index.php?rest_route=\/wp\/v2\/users\/28"}],"replies":[{"embeddable":true,"href":"https:\/\/diariodominicano.com\/index.php?rest_route=%2Fwp%2Fv2%2Fcomments&post=588599"}],"version-history":[{"count":1,"href":"https:\/\/diariodominicano.com\/index.php?rest_route=\/wp\/v2\/posts\/588599\/revisions"}],"predecessor-version":[{"id":588601,"href":"https:\/\/diariodominicano.com\/index.php?rest_route=\/wp\/v2\/posts\/588599\/revisions\/588601"}],"wp:featuredmedia":[{"embeddable":true,"href":"https:\/\/diariodominicano.com\/index.php?rest_route=\/wp\/v2\/media\/588600"}],"wp:attachment":[{"href":"https:\/\/diariodominicano.com\/index.php?rest_route=%2Fwp%2Fv2%2Fmedia&parent=588599"}],"wp:term":[{"taxonomy":"category","embeddable":true,"href":"https:\/\/diariodominicano.com\/index.php?rest_route=%2Fwp%2Fv2%2Fcategories&post=588599"},{"taxonomy":"post_tag","embeddable":true,"href":"https:\/\/diariodominicano.com\/index.php?rest_route=%2Fwp%2Fv2%2Ftags&post=588599"}],"curies":[{"name":"wp","href":"https:\/\/api.w.org\/{rel}","templated":true}]}}