{"id":588593,"date":"2025-01-13T01:19:34","date_gmt":"2025-01-13T05:19:34","guid":{"rendered":"https:\/\/diariodominicano.com\/?p=588593"},"modified":"2025-01-13T01:19:38","modified_gmt":"2025-01-13T05:19:38","slug":"atacan-con-bomba-incendiaria-consulado-de-venezuela-en-lisboa","status":"publish","type":"post","link":"https:\/\/diariodominicano.com\/?p=588593","title":{"rendered":"Atacan con bomba incendiaria consulado de Venezuela en Lisboa"},"content":{"rendered":"\n<p>Composici\u00f3n con fotos del ataque al consulado venezolano en Lisboa difundidas por la Canciller\u00eda del pa\u00eds sudamericano el 12 de enero de 2025.<\/p>\n\n\n\n<p>enero 12, 2025<\/p>\n\n\n\n<ul class=\"wp-block-list\">\n<li><a href=\"https:\/\/www.vozdeamerica.com\/author\/afp\/puk_m\">AFP<\/a><\/li>\n<\/ul>\n\n\n\n<ul class=\"wp-block-list\">\n<li><a href=\"https:\/\/facebook.com\/sharer.php?u=https%3a%2f%2fwww.vozdeamerica.com%2fa%2fatacan-con-bomba-incendiaria-consulado-de-venezuela-en-lisboa%2f7934031.html\" target=\"_blank\" rel=\"noreferrer noopener\"><\/a><\/li>\n\n\n\n<li><a href=\"https:\/\/twitter.com\/share?url=https%3a%2f%2fwww.vozdeamerica.com%2fa%2fatacan-con-bomba-incendiaria-consulado-de-venezuela-en-lisboa%2f7934031.html&amp;text=Atacan+con+bomba+incendiaria+consulado+de+Venezuela+en+Lisboa\" target=\"_blank\" rel=\"noreferrer noopener\"><\/a><\/li>\n\n\n\n<li><\/li>\n\n\n\n<li><a href=\"mailto:?body=https%3a%2f%2fwww.vozdeamerica.com%2fa%2fatacan-con-bomba-incendiaria-consulado-de-venezuela-en-lisboa%2f7934031.html&amp;subject=Atacan%20con%20bomba%20incendiaria%20consulado%20de%20Venezuela%20en%20Lisboa\"><\/a><\/li>\n<\/ul>\n\n\n\n<p><a href=\"https:\/\/www.vozdeamerica.com\/a\/atacan-con-bomba-incendiaria-consulado-de-venezuela-en-lisboa\/7934031.html#comments\">&nbsp;Vea comentarios<\/a><\/p>\n\n\n\n<p>El consulado de Venezuela en Lisboa fue blanco de un ataque con bomba incendiaria, en medio de las tensiones por la controvertida reelecci\u00f3n de Nicol\u00e1s Maduro, cuya gesti\u00f3n responsabiliz\u00f3 al \u00abfascismo\u00bb. El gobierno de Portugal y la oposici\u00f3n venezolana condenaron el hecho, que no dej\u00f3 heridos.<\/p>\n\n\n\n<p>LISBOA \u2014&nbsp;<\/p>\n\n\n\n<p>El gobierno de Portugal conden\u00f3 el domingo un ataque con bomba incendiaria contra el consulado de Venezuela en Lisboa, en medio de tensiones por la cuestionada juramentaci\u00f3n de Nicol\u00e1s Maduro para otro mandato en Venezuela.<\/p>\n\n\n\n<p>\u00abEl gobierno portugu\u00e9s condena rotundamente el ataque al consulado de Venezuela en Lisboa\u00bb, dijo&nbsp;<strong><em><a href=\"https:\/\/x.com\/nestrangeiro_pt\/status\/1878365627179553054\" target=\"_blank\" rel=\"noreferrer noopener\">el Ministerio de Asuntos Exteriores en X<\/a><\/em><\/strong>, que a\u00f1adi\u00f3 que se reforzar\u00e1 la seguridad.<\/p>\n\n\n\n<p>Los medios portugueses dijeron que fuentes policiales afirmaron que un c\u00f3ctel molotov fue arrojado contra el edificio, que estaba cerrado en ese momento. Nadie result\u00f3 herido.<\/p>\n\n\n\n<p><a href=\"https:\/\/www.vozdeamerica.com\/a\/maduro-asegura-que-venezuela-se-prepara-para-la-lucha-armada-en-caso-de-ser-necesario\/7933914.html\"><\/a><\/p>\n\n\n\n<p><a href=\"https:\/\/www.vozdeamerica.com\/a\/maduro-asegura-que-venezuela-se-prepara-para-la-lucha-armada-en-caso-de-ser-necesario\/7933914.html\">Tambi\u00e9n lea<\/a><\/p>\n\n\n\n<h4 class=\"wp-block-heading\"><a href=\"https:\/\/www.vozdeamerica.com\/a\/maduro-asegura-que-venezuela-se-prepara-para-la-lucha-armada-en-caso-de-ser-necesario\/7933914.html\">Maduro asegura que Venezuela se prepara para la \u201clucha armada\u201d de ser necesario<\/a><\/h4>\n\n\n\n<p>El Gobierno de Lisboa afirm\u00f3 que \u00abla inviolabilidad de las misiones diplom\u00e1ticas debe respetarse en todas las circunstancias\u00bb.<\/p>\n\n\n\n<p>El ministro de Asuntos Exteriores de Venezuela, Yvan Gil, denunci\u00f3 el ataque como \u00abfascismo\u00bb y agradeci\u00f3 a Portugal su \u00abr\u00e1pida intervenci\u00f3n\u00bb.<\/p>\n\n\n\n<p>La oposici\u00f3n, a trav\u00e9s del grupo Comando ConVzla, rechaz\u00f3 y conden\u00f3 categ\u00f3ricamente cualquier acto de violencia, y se sum\u00f3 al llamado que reitera la inviolabilidad y protecci\u00f3n de las misiones diplom\u00e1ticas, destacando la importancia de su resguardo conforme a lo estipulado en el derecho internacional.<\/p>\n\n\n\n<p>https:\/\/platform.twitter.com\/embed\/Tweet.html?dnt=false&#038;embedId=twitter-widget-0&#038;features=eyJ0ZndfdGltZWxpbmVfbGlzdCI6eyJidWNrZXQiOltdLCJ2ZXJzaW9uIjpudWxsfSwidGZ3X2ZvbGxvd2VyX2NvdW50X3N1bnNldCI6eyJidWNrZXQiOnRydWUsInZlcnNpb24iOm51bGx9LCJ0ZndfdHdlZXRfZWRpdF9iYWNrZW5kIjp7ImJ1Y2tldCI6Im9uIiwidmVyc2lvbiI6bnVsbH0sInRmd19yZWZzcmNfc2Vzc2lvbiI6eyJidWNrZXQiOiJvbiIsInZlcnNpb24iOm51bGx9LCJ0ZndfZm9zbnJfc29mdF9pbnRlcnZlbnRpb25zX2VuYWJsZWQiOnsiYnVja2V0Ijoib24iLCJ2ZXJzaW9uIjpudWxsfSwidGZ3X21peGVkX21lZGlhXzE1ODk3Ijp7ImJ1Y2tldCI6InRyZWF0bWVudCIsInZlcnNpb24iOm51bGx9LCJ0ZndfZXhwZXJpbWVudHNfY29va2llX2V4cGlyYXRpb24iOnsiYnVja2V0IjoxMjA5NjAwLCJ2ZXJzaW9uIjpudWxsfSwidGZ3X3Nob3dfYmlyZHdhdGNoX3Bpdm90c19lbmFibGVkIjp7ImJ1Y2tldCI6Im9uIiwidmVyc2lvbiI6bnVsbH0sInRmd19kdXBsaWNhdGVfc2NyaWJlc190b19zZXR0aW5ncyI6eyJidWNrZXQiOiJvbiIsInZlcnNpb24iOm51bGx9LCJ0ZndfdXNlX3Byb2ZpbGVfaW1hZ2Vfc2hhcGVfZW5hYmxlZCI6eyJidWNrZXQiOiJvbiIsInZlcnNpb24iOm51bGx9LCJ0ZndfdmlkZW9faGxzX2R5bmFtaWNfbWFuaWZlc3RzXzE1MDgyIjp7ImJ1Y2tldCI6InRydWVfYml0cmF0ZSIsInZlcnNpb24iOm51bGx9LCJ0ZndfbGVnYWN5X3RpbWVsaW5lX3N1bnNldCI6eyJidWNrZXQiOnRydWUsInZlcnNpb24iOm51bGx9LCJ0ZndfdHdlZXRfZWRpdF9mcm9udGVuZCI6eyJidWNrZXQiOiJvbiIsInZlcnNpb24iOm51bGx9fQ%3D%3D&#038;frame=false&#038;hideCard=false&#038;hideThread=false&#038;id=1878455310014120266&#038;lang=es&#038;maxWidth=100%25&#038;origin=https%3A%2F%2Fwww.vozdeamerica.com%2Fa%2Fatacan-con-bomba-incendiaria-consulado-de-venezuela-en-lisboa%2F7934031.html&#038;sessionId=d0ca4fd524ac4308138034de754471d38de88f72&#038;siteScreenName=voanoticias&#038;theme=light&#038;widgetsVersion=2615f7e52b7e0%3A1702314776716&#038;width=550px<\/p>\n\n\n\n<p>El viernes se celebr\u00f3&nbsp;<em><strong><a href=\"https:\/\/www.vozdeamerica.com\/a\/incertidumbre-decepcion-ilusiones-intactas-emociones-opositores-dia-despues-juramentaci%C3%B3n-maduro-\/7933351.html\" target=\"_blank\" rel=\"noreferrer noopener\">la investidura para un tercer mandato&nbsp;<\/a><\/strong><\/em>de Maduro como gobernante despu\u00e9s de una controvertida victoria electoral en julio.<\/p>\n\n\n\n<p>Estados Unidos y gran parte de Am\u00e9rica Latina han reconocido a su rival, Edmundo Gonz\u00e1lez Urrutia, como el leg\u00edtimo ganador de las elecciones y han acusado a Maduro de dar un \u00abgolpe de estado\u00bb.<\/p>\n","protected":false},"excerpt":{"rendered":"<p>Composici\u00f3n con fotos del ataque al consulado venezolano en Lisboa difundidas por la Canciller\u00eda del pa\u00eds sudamericano el 12 de enero de 2025. enero 12, 2025 &nbsp;Vea comentarios El consulado de Venezuela en Lisboa fue blanco de un ataque con bomba incendiaria, en medio de las tensiones por la controvertida reelecci\u00f3n de Nicol\u00e1s Maduro, cuya [&hellip;]<\/p>\n","protected":false},"author":28,"featured_media":588594,"comment_status":"closed","ping_status":"closed","sticky":true,"template":"","format":"standard","meta":{"footnotes":""},"categories":[23],"tags":[],"class_list":["post-588593","post","type-post","status-publish","format-standard","has-post-thumbnail","hentry","category-internacional"],"_links":{"self":[{"href":"https:\/\/diariodominicano.com\/index.php?rest_route=\/wp\/v2\/posts\/588593","targetHints":{"allow":["GET"]}}],"collection":[{"href":"https:\/\/diariodominicano.com\/index.php?rest_route=\/wp\/v2\/posts"}],"about":[{"href":"https:\/\/diariodominicano.com\/index.php?rest_route=\/wp\/v2\/types\/post"}],"author":[{"embeddable":true,"href":"https:\/\/diariodominicano.com\/index.php?rest_route=\/wp\/v2\/users\/28"}],"replies":[{"embeddable":true,"href":"https:\/\/diariodominicano.com\/index.php?rest_route=%2Fwp%2Fv2%2Fcomments&post=588593"}],"version-history":[{"count":1,"href":"https:\/\/diariodominicano.com\/index.php?rest_route=\/wp\/v2\/posts\/588593\/revisions"}],"predecessor-version":[{"id":588595,"href":"https:\/\/diariodominicano.com\/index.php?rest_route=\/wp\/v2\/posts\/588593\/revisions\/588595"}],"wp:featuredmedia":[{"embeddable":true,"href":"https:\/\/diariodominicano.com\/index.php?rest_route=\/wp\/v2\/media\/588594"}],"wp:attachment":[{"href":"https:\/\/diariodominicano.com\/index.php?rest_route=%2Fwp%2Fv2%2Fmedia&parent=588593"}],"wp:term":[{"taxonomy":"category","embeddable":true,"href":"https:\/\/diariodominicano.com\/index.php?rest_route=%2Fwp%2Fv2%2Fcategories&post=588593"},{"taxonomy":"post_tag","embeddable":true,"href":"https:\/\/diariodominicano.com\/index.php?rest_route=%2Fwp%2Fv2%2Ftags&post=588593"}],"curies":[{"name":"wp","href":"https:\/\/api.w.org\/{rel}","templated":true}]}}