{"id":588553,"date":"2025-01-12T23:52:06","date_gmt":"2025-01-13T03:52:06","guid":{"rendered":"https:\/\/diariodominicano.com\/?p=588553"},"modified":"2025-01-13T20:13:23","modified_gmt":"2025-01-14T00:13:23","slug":"dirigente-artesanal-elogia-calidad-internacional-de-la-artesania-dominicana","status":"publish","type":"post","link":"https:\/\/diariodominicano.com\/?p=588553","title":{"rendered":"Dirigente artesanal elogia calidad internacional de la artesan\u00eda dominicana"},"content":{"rendered":"\n<p>Ram\u00f3n de la Rosa en la Feria de Col\u00f3n y sus encuentros con autoridades diplom\u00e1ticas.<\/p>\n\n\n\n<p>Dice sector podr\u00eda aportar m\u00e1s de 1600 millones de d\u00f3lares y que urge un din\u00e1mico y renovado programa de capacitaci\u00f3n&nbsp;<\/p>\n\n\n\n<figure class=\"wp-block-image size-full\"><img loading=\"lazy\" decoding=\"async\" width=\"800\" height=\"830\" src=\"https:\/\/diariodominicano.com\/wp-content\/uploads\/2025\/01\/FB_IMG_1736445486775.jpg\" alt=\"\" class=\"wp-image-588555\" srcset=\"https:\/\/diariodominicano.com\/wp-content\/uploads\/2025\/01\/FB_IMG_1736445486775.jpg 800w, https:\/\/diariodominicano.com\/wp-content\/uploads\/2025\/01\/FB_IMG_1736445486775-289x300.jpg 289w, https:\/\/diariodominicano.com\/wp-content\/uploads\/2025\/01\/FB_IMG_1736445486775-768x797.jpg 768w\" sizes=\"auto, (max-width: 800px) 100vw, 800px\" \/><\/figure>\n\n\n\n<p> Participaci\u00f3n de Ram\u00f3n de la Rosa en la Feria de Col\u00f3n y sus encuentros con autoridades diplom\u00e1ticas.<\/p>\n\n\n\n<p>COL\u00d3N, Panam\u00e1. &#8211; En el marco de su activa participaci\u00f3n en la Expo&nbsp; Feria Mundial aqu\u00ed, el maestro artesano y alto dirigente de la Federaci\u00f3n Dominicana de Artesanos, Ram\u00f3n de la Rosa,&nbsp; resalt\u00f3 la calidad internacional de la Artesan\u00eda Nacional, al tiempo que abog\u00f3 por un relanzamiento del sector para impulsar su desarrollo y mayor crecimiento.&nbsp;<\/p>\n\n\n\n<p>De la Rosa, tambi\u00e9n ha sido invitado a representar el pa\u00eds, del 4 al 7 de febrero, al Internacional Footwear &amp; Leather Show -IFSL, que se llevar\u00e1 a cabo en el Gran Sal\u00f3n de CORFERIAS, en Bogota, Colombia.<\/p>\n\n\n\n<p>El IFLS+EICI est\u00e1 catalogado como la mayor plataforma de negocios de Colombia y la regi\u00f3n Andina para el sector calzado, cuero y sus manufacturas.<\/p>\n\n\n\n<p>Sostuvo que en el pa\u00eds, m\u00e1s de 14 mil familias procesan Artesan\u00eda por un valor de m\u00e1s de 400 millones de d\u00f3lares al a\u00f1o, pero que se requiere de un Plan de Capacitaci\u00f3n urgente y de que se controle la venta de artesan\u00edas ilegales.&nbsp;<\/p>\n\n\n\n<p>De la Rosa, reconocido por su amplia producci\u00f3n de Artesan\u00edas de denominaci\u00f3n Tainas, entre otras, y como dirigente de FEDARTERD, dijo que la capacitaci\u00f3n puntual y la actualizaci\u00f3n en el sector es fundamental para garantizar la competitividad internacional.&nbsp;<\/p>\n\n\n\n<p>Explic\u00f3 que Rep\u00fablica Dominicana tiene el privilegio de contar con excelentes Artesanos y Artistas Pl\u00e1sticos, as\u00ed como con la visita cada a\u00f1o de m\u00e1s de 10 millones de turistas, los cuales invierten cada uno un promedio de 57 d\u00f3lares en la adquisici\u00f3n de suveniles.<\/p>\n\n\n\n<p>Tras su participaci\u00f3n exitosa en la Feria Mundial de Col\u00f3n, Panam\u00e1; adem\u00e1s de sostener encuentros con autoridades, artesanos y comerciantes, tambi\u00e9n intercambio impresiones con el embajador dominicano en Colombia, F\u00e9lix Aracena Vargas, y con los c\u00f3nsules criollos de Bogota y Panam\u00e1, Juan Pe\u00f1a y Nestor Julio Cruz Pichardo, respectivamente.&nbsp;<\/p>\n\n\n\n<p>DATOS ADJUNTOS:<\/p>\n\n\n\n<p>Im\u00e1genes de la participaci\u00f3n de Ram\u00f3n de la Rosa en la Feria de Col\u00f3n y sus encuentros con autoridades diplom\u00e1ticas. <\/p>\n","protected":false},"excerpt":{"rendered":"<p>Ram\u00f3n de la Rosa en la Feria de Col\u00f3n y sus encuentros con autoridades diplom\u00e1ticas. Dice sector podr\u00eda aportar m\u00e1s de 1600 millones de d\u00f3lares y que urge un din\u00e1mico y renovado programa de capacitaci\u00f3n&nbsp; Participaci\u00f3n de Ram\u00f3n de la Rosa en la Feria de Col\u00f3n y sus encuentros con autoridades diplom\u00e1ticas. COL\u00d3N, Panam\u00e1. &#8211; [&hellip;]<\/p>\n","protected":false},"author":28,"featured_media":588554,"comment_status":"closed","ping_status":"closed","sticky":true,"template":"","format":"standard","meta":{"footnotes":""},"categories":[36,18],"tags":[],"class_list":["post-588553","post","type-post","status-publish","format-standard","has-post-thumbnail","hentry","category-hombresmujeresycosas","category-economia"],"_links":{"self":[{"href":"https:\/\/diariodominicano.com\/index.php?rest_route=\/wp\/v2\/posts\/588553","targetHints":{"allow":["GET"]}}],"collection":[{"href":"https:\/\/diariodominicano.com\/index.php?rest_route=\/wp\/v2\/posts"}],"about":[{"href":"https:\/\/diariodominicano.com\/index.php?rest_route=\/wp\/v2\/types\/post"}],"author":[{"embeddable":true,"href":"https:\/\/diariodominicano.com\/index.php?rest_route=\/wp\/v2\/users\/28"}],"replies":[{"embeddable":true,"href":"https:\/\/diariodominicano.com\/index.php?rest_route=%2Fwp%2Fv2%2Fcomments&post=588553"}],"version-history":[{"count":4,"href":"https:\/\/diariodominicano.com\/index.php?rest_route=\/wp\/v2\/posts\/588553\/revisions"}],"predecessor-version":[{"id":588752,"href":"https:\/\/diariodominicano.com\/index.php?rest_route=\/wp\/v2\/posts\/588553\/revisions\/588752"}],"wp:featuredmedia":[{"embeddable":true,"href":"https:\/\/diariodominicano.com\/index.php?rest_route=\/wp\/v2\/media\/588554"}],"wp:attachment":[{"href":"https:\/\/diariodominicano.com\/index.php?rest_route=%2Fwp%2Fv2%2Fmedia&parent=588553"}],"wp:term":[{"taxonomy":"category","embeddable":true,"href":"https:\/\/diariodominicano.com\/index.php?rest_route=%2Fwp%2Fv2%2Fcategories&post=588553"},{"taxonomy":"post_tag","embeddable":true,"href":"https:\/\/diariodominicano.com\/index.php?rest_route=%2Fwp%2Fv2%2Ftags&post=588553"}],"curies":[{"name":"wp","href":"https:\/\/api.w.org\/{rel}","templated":true}]}}