{"id":588548,"date":"2025-01-12T23:39:00","date_gmt":"2025-01-13T03:39:00","guid":{"rendered":"https:\/\/diariodominicano.com\/?p=588548"},"modified":"2025-01-12T23:40:18","modified_gmt":"2025-01-13T03:40:18","slug":"g7-denuncia-falta-de-legitimidad-democratica-de-toma-de-posesion-presidencial-hoy-en-venezuela","status":"publish","type":"post","link":"https:\/\/diariodominicano.com\/?p=588548","title":{"rendered":"G7 denuncia falta de legitimidad democr\u00e1tica de toma de posesi\u00f3n presidencial  en Venezuela"},"content":{"rendered":"\n<p>10 de enero de 2025<\/p>\n\n\n\n<p><em>El texto de la siguiente declaraci\u00f3n fue publicado por los ministros de Asuntos Exteriores del G7 de Canad\u00e1, Francia, Alemania, Italia, Jap\u00f3n, el Reino Unido y los Estados Unidos de Am\u00e9rica y el Alto Representante de la Uni\u00f3n Europea.<\/em><\/p>\n\n\n\n<p><em>Texto inicial:<\/em><\/p>\n\n\n\n<p>Nosotros, los ministros de Asuntos Exteriores del G7 (Canad\u00e1, Francia, Alemania, Italia, Jap\u00f3n, el Reino Unido y los Estados Unidos de Am\u00e9rica) y el Alto Representante de la Uni\u00f3n Europea, denunciamos la falta de legitimidad democr\u00e1tica de la supuesta investidura de Nicol\u00e1s Maduro como presidente de Venezuela. Rechazamos la continua y represiva b\u00fasqueda del poder por parte de Maduro a expensas del pueblo venezolano, que vot\u00f3 por el cambio de manera pac\u00edfica y en gran n\u00famero el 28 de julio de 2024, seg\u00fan observadores independientes y registros electorales disponibles p\u00fablicamente.<\/p>\n\n\n\n<p>Tambi\u00e9n condenamos en\u00e9rgicamente la represi\u00f3n que se est\u00e1 produciendo en Venezuela contra la sociedad civil y los miembros de la oposici\u00f3n, incluida la dirigente opositora Mar\u00eda Corina Machado. En septiembre, Edmundo Gonz\u00e1lez Urrutia, por quien, seg\u00fan los relatos m\u00e1s cre\u00edbles, el pueblo venezolano vot\u00f3 por una mayor\u00eda significativa el 28 de julio de 2024, se vio obligado a abandonar el pa\u00eds. En una democracia, ning\u00fan dirigente pol\u00edtico deber\u00eda verse obligado a buscar refugio fuera de su patria. Este hecho inaceptable pone de relieve la urgente necesidad de que en Venezuela se cree un entorno en el que la participaci\u00f3n democr\u00e1tica pueda florecer sin temor a represalias.<\/p>\n\n\n\n<p>Compartimos la alarma expresada por los venezolanos y la comunidad internacional ante el persistente desprecio por parte de Maduro de los principios de gobernanza democr\u00e1tica, el estado de derecho y los derechos humanos. En particular, nos preocupan profundamente las detenciones arbitrarias y otros abusos contra civiles, incluidos ni\u00f1os, j\u00f3venes y activistas, tras las protestas democr\u00e1ticas pac\u00edficas que tuvieron lugar despu\u00e9s de las elecciones y que contin\u00faan hasta el d\u00eda de hoy.<\/p>\n\n\n\n<p>Nos preocupan las repercusiones que esto sigue teniendo en la estabilidad y la prosperidad de la regi\u00f3n, incluso en los pa\u00edses vecinos. Los venezolanos, ante una crisis humanitaria y la represi\u00f3n estatal, siguen huyendo del pa\u00eds en busca de mejores condiciones de vida y seguridad.<\/p>\n\n\n\n<p>Para resolver esta crisis se necesita una soluci\u00f3n pac\u00edfica, democr\u00e1tica, negociada y liderada por los venezolanos. Seguimos comprometidos a trabajar con los venezolanos y la comunidad internacional para garantizar que se respete la voluntad democr\u00e1tica del pueblo venezolano, expresada en las elecciones de julio, y se establezca un proceso pac\u00edfico de transici\u00f3n del poder.<\/p>\n\n\n\n<p><em>Texto final.<\/em><\/p>\n","protected":false},"excerpt":{"rendered":"<p>10 de enero de 2025 El texto de la siguiente declaraci\u00f3n fue publicado por los ministros de Asuntos Exteriores del G7 de Canad\u00e1, Francia, Alemania, Italia, Jap\u00f3n, el Reino Unido y los Estados Unidos de Am\u00e9rica y el Alto Representante de la Uni\u00f3n Europea. Texto inicial: Nosotros, los ministros de Asuntos Exteriores del G7 (Canad\u00e1, [&hellip;]<\/p>\n","protected":false},"author":28,"featured_media":586712,"comment_status":"closed","ping_status":"closed","sticky":true,"template":"","format":"standard","meta":{"footnotes":""},"categories":[23],"tags":[],"class_list":["post-588548","post","type-post","status-publish","format-standard","has-post-thumbnail","hentry","category-internacional"],"_links":{"self":[{"href":"https:\/\/diariodominicano.com\/index.php?rest_route=\/wp\/v2\/posts\/588548","targetHints":{"allow":["GET"]}}],"collection":[{"href":"https:\/\/diariodominicano.com\/index.php?rest_route=\/wp\/v2\/posts"}],"about":[{"href":"https:\/\/diariodominicano.com\/index.php?rest_route=\/wp\/v2\/types\/post"}],"author":[{"embeddable":true,"href":"https:\/\/diariodominicano.com\/index.php?rest_route=\/wp\/v2\/users\/28"}],"replies":[{"embeddable":true,"href":"https:\/\/diariodominicano.com\/index.php?rest_route=%2Fwp%2Fv2%2Fcomments&post=588548"}],"version-history":[{"count":2,"href":"https:\/\/diariodominicano.com\/index.php?rest_route=\/wp\/v2\/posts\/588548\/revisions"}],"predecessor-version":[{"id":588551,"href":"https:\/\/diariodominicano.com\/index.php?rest_route=\/wp\/v2\/posts\/588548\/revisions\/588551"}],"wp:featuredmedia":[{"embeddable":true,"href":"https:\/\/diariodominicano.com\/index.php?rest_route=\/wp\/v2\/media\/586712"}],"wp:attachment":[{"href":"https:\/\/diariodominicano.com\/index.php?rest_route=%2Fwp%2Fv2%2Fmedia&parent=588548"}],"wp:term":[{"taxonomy":"category","embeddable":true,"href":"https:\/\/diariodominicano.com\/index.php?rest_route=%2Fwp%2Fv2%2Fcategories&post=588548"},{"taxonomy":"post_tag","embeddable":true,"href":"https:\/\/diariodominicano.com\/index.php?rest_route=%2Fwp%2Fv2%2Ftags&post=588548"}],"curies":[{"name":"wp","href":"https:\/\/api.w.org\/{rel}","templated":true}]}}