{"id":588544,"date":"2025-01-12T23:31:28","date_gmt":"2025-01-13T03:31:28","guid":{"rendered":"https:\/\/diariodominicano.com\/?p=588544"},"modified":"2025-01-12T23:31:44","modified_gmt":"2025-01-13T03:31:44","slug":"sindrome-de-burnout-afecta-calidad-de-vida-y-productividad-de-los-profesionales-y-causa-depresion-cronica","status":"publish","type":"post","link":"https:\/\/diariodominicano.com\/?p=588544","title":{"rendered":"S\u00edndrome de Burnout afecta calidad de vida y productividad de los profesionales y causa depresi\u00f3n cr\u00f3nica"},"content":{"rendered":"\n<p>Yesenia Dur\u00e1n<\/p>\n\n\n\n<p>A prop\u00f3sito de la conmemoraci\u00f3n del D\u00eda Mundial de Lucha contra la Depresi\u00f3n este 13 de enero.<\/p>\n\n\n\n<p><strong>Santo Domingo, RD. &#8211;<\/strong>\u00a0El S\u00edndrome de Burnout afecta la calidad de vida y la actividad productiva de las personas, debido a la acumulaci\u00f3n de estr\u00e9s y desgaste emocional, que si no se trata adecuadamente puede evolucionar a una depresi\u00f3n cr\u00f3nica.<\/p>\n\n\n\n<p>La informaci\u00f3n la ofreci\u00f3 Yesenia Dur\u00e1n, psic\u00f3loga cl\u00ednica de Hospiten Santo Domingo,\u00a0<a>a prop\u00f3sito de la conmemoraci\u00f3n del D\u00eda Mundial de Lucha contra la Depresi\u00f3n este 13 de enero<\/a>, quien asegura que \u201ces un estado de agotamiento f\u00edsico, emocional y mental causado por el estr\u00e9s cr\u00f3nico relacionado con el trabajo o el estudio acad\u00e9mico, que tambi\u00e9n se conoce como S\u00edndrome de Desgaste Profesional\u201d.<\/p>\n\n\n\n<p><\/p>\n\n\n\n<p>Entre las causas m\u00e1s frecuentes de Burnout, se\u00f1al\u00f3 el exceso de trabajo, falta de control sobre las tareas, conflictos interpersonales, ambiente laboral t\u00f3xico, desequilibrio entre la vida personal y la laboral, reconocimiento insuficiente, perfeccionismo y auto exigencia, dificultad para decir no, adem\u00e1s de pocas habilidades para el manejo del estr\u00e9s, entre otras.<\/p>\n\n\n\n<p>Esta enfermedad -dijo Dur\u00e1n- afecta aspectos como el bienestar f\u00edsico, emocional, social y profesional de las personas, causando fatiga cr\u00f3nica, problemas con el sue\u00f1o, y dolores f\u00edsicos.<\/p>\n\n\n\n<p>Asegur\u00f3, que los efectos provocados por el S\u00edndrome Burnout \u201cpueden derivar en enfermedades cr\u00f3nicas, como ansiedad y depresi\u00f3n, baja autoestima, desmotivaci\u00f3n y pesimismo, llegando al aislamiento y conflictos interpersonales y familiares\u201d.<\/p>\n\n\n\n<p>Pero peor a\u00fan, precis\u00f3 Yesenia Dur\u00e1n, \u201cpuede conducir a p\u00e9rdida del sentido de la vida, reducci\u00f3n de calidad de vida, estilo de vida poco saludable, baja concentraci\u00f3n, poca creatividad, errores frecuentes, desmotivaci\u00f3n laboral, p\u00e9rdida del sentido del logro, actitudes negativas, faltas laborales frecuentes, presentimientos, y un clima laboral negativo, que conlleva a costos econ\u00f3micos\u201d.<\/p>\n\n\n\n<p>Entre las se\u00f1ales para detectar el S\u00edndrome de Burnout, figuran el agotamiento emocional, reducci\u00f3n de la eficacia en el trabajo, problemas digestivos, sensaci\u00f3n de vac\u00edo, cambios de humor, aislamiento social y aumento de consumo de alcohol y tabaco y el ausentismo laboral\u201d.<\/p>\n\n\n\n<p>Para Dur\u00e1n las personas m\u00e1s vulnerables son los perfeccionistas y exigentes, los que tienen baja autoestima, personas muy comprometidas (workaholics), personas con dificultad para manejar el estr\u00e9s, personas introvertidas y sensibles a las cr\u00edticas, personas sin red de apoyo, personas con crisis emocionales o con predisposici\u00f3n gen\u00e9tica, o problemas de salud f\u00edsicos.<\/p>\n\n\n\n<p>\u201cTodo por la combinaci\u00f3n de la alta exposici\u00f3n al estr\u00e9s, la falta de estrategias, desgaste emocional, ausencia de apoyo de su entorno familiar o de amistades\u201d, puntualiz\u00f3 Dur\u00e1n.<\/p>\n\n\n\n<p>De acuerdo con la profesional de la psicolog\u00eda, las personas con S\u00edndrome de Burnout suelen pasar las etapas del entusiasmo inicial al estancamiento, frustraci\u00f3n, apat\u00eda hasta llegar al Burnout total \u201cque es la transici\u00f3n a la depresi\u00f3n\u201d.<\/p>\n\n\n\n<p>Sobre Hospiten<\/p>\n\n\n\n<p>Hospiten es una red sanitaria internacional con m\u00e1s de 55 a\u00f1os de andadura comprometida con la prestaci\u00f3n de un servicio de m\u00e1xima calidad, que cuenta con 20 centros m\u00e9dico-hospitalarios privados en Espa\u00f1a, Rep\u00fablica Dominicana, M\u00e9xico, Jamaica y Panam\u00e1, adem\u00e1s de 175 centros m\u00e9dicos ambulatorios, bajo la marca Clinic Assist. Fundado por el Dr. Pedro Luis Cobiella, atiende anualmente a m\u00e1s de dos millones de pacientes de todo el mundo y cuenta con una plantilla de m\u00e1s de 5.000 personas.<\/p>\n\n\n\n<p>Hospital Paitilla (Panam\u00e1) forma parte de Hospiten. Fundado en 1975, cuenta con un prestigioso grupo de profesionales en todas las especialidades m\u00e9dicas y m\u00e1s de 600 colaboradores. En la actualidad, ofrece una amplia gama de facilidades hospitalarias y de servicios t\u00e9cnicos, diagn\u00f3sticos y terap\u00e9uticos.&#8211;<\/p>\n\n\n\n<figure class=\"wp-block-table\"><table><tbody><tr><td><em>Mar\u00eda Alejandra Alc\u00e1ntara<\/em><strong>Coordinadora de Relaciones P\u00fablicas<\/strong>\u00a0<strong>O:<\/strong>\u00a0|\u00a0<a href=\"http:\/\/www.cicom.do\/\" target=\"_blank\" rel=\"noreferrer noopener\"><strong>www.cicom.do<\/strong><\/a>\u00a0\u00a0 \u00a0\u00a0<a href=\"https:\/\/www.facebook.com\/CICOMRD\/\" target=\"_blank\" rel=\"noreferrer noopener\"><\/a>\u00a0\u00a0<a href=\"https:\/\/www.instagram.com\/cicomrd\" target=\"_blank\" rel=\"noreferrer noopener\"><\/a>\u00a0\u00a0<a href=\"https:\/\/twitter.com\/cicomrd\" target=\"_blank\" rel=\"noreferrer noopener\"><\/a><strong>__________________________________<\/strong><strong><br><\/strong><strong><br><\/strong><\/td><\/tr><\/tbody><\/table><\/figure>\n","protected":false},"excerpt":{"rendered":"<p>Yesenia Dur\u00e1n A prop\u00f3sito de la conmemoraci\u00f3n del D\u00eda Mundial de Lucha contra la Depresi\u00f3n este 13 de enero. Santo Domingo, RD. &#8211;\u00a0El S\u00edndrome de Burnout afecta la calidad de vida y la actividad productiva de las personas, debido a la acumulaci\u00f3n de estr\u00e9s y desgaste emocional, que si no se trata adecuadamente puede evolucionar [&hellip;]<\/p>\n","protected":false},"author":28,"featured_media":588545,"comment_status":"closed","ping_status":"closed","sticky":true,"template":"","format":"standard","meta":{"footnotes":""},"categories":[36,20,25,19],"tags":[],"class_list":["post-588544","post","type-post","status-publish","format-standard","has-post-thumbnail","hentry","category-hombresmujeresycosas","category-dominicana-hoy","category-gente","category-mi-voz"],"_links":{"self":[{"href":"https:\/\/diariodominicano.com\/index.php?rest_route=\/wp\/v2\/posts\/588544","targetHints":{"allow":["GET"]}}],"collection":[{"href":"https:\/\/diariodominicano.com\/index.php?rest_route=\/wp\/v2\/posts"}],"about":[{"href":"https:\/\/diariodominicano.com\/index.php?rest_route=\/wp\/v2\/types\/post"}],"author":[{"embeddable":true,"href":"https:\/\/diariodominicano.com\/index.php?rest_route=\/wp\/v2\/users\/28"}],"replies":[{"embeddable":true,"href":"https:\/\/diariodominicano.com\/index.php?rest_route=%2Fwp%2Fv2%2Fcomments&post=588544"}],"version-history":[{"count":1,"href":"https:\/\/diariodominicano.com\/index.php?rest_route=\/wp\/v2\/posts\/588544\/revisions"}],"predecessor-version":[{"id":588546,"href":"https:\/\/diariodominicano.com\/index.php?rest_route=\/wp\/v2\/posts\/588544\/revisions\/588546"}],"wp:featuredmedia":[{"embeddable":true,"href":"https:\/\/diariodominicano.com\/index.php?rest_route=\/wp\/v2\/media\/588545"}],"wp:attachment":[{"href":"https:\/\/diariodominicano.com\/index.php?rest_route=%2Fwp%2Fv2%2Fmedia&parent=588544"}],"wp:term":[{"taxonomy":"category","embeddable":true,"href":"https:\/\/diariodominicano.com\/index.php?rest_route=%2Fwp%2Fv2%2Fcategories&post=588544"},{"taxonomy":"post_tag","embeddable":true,"href":"https:\/\/diariodominicano.com\/index.php?rest_route=%2Fwp%2Fv2%2Ftags&post=588544"}],"curies":[{"name":"wp","href":"https:\/\/api.w.org\/{rel}","templated":true}]}}