{"id":588451,"date":"2025-01-12T01:49:22","date_gmt":"2025-01-12T05:49:22","guid":{"rendered":"https:\/\/diariodominicano.com\/?p=588451"},"modified":"2025-01-12T01:49:27","modified_gmt":"2025-01-12T05:49:27","slug":"festival-mundial-antifascista-en-venezuela-llama-a-la-articulacion-fotos","status":"publish","type":"post","link":"https:\/\/diariodominicano.com\/?p=588451","title":{"rendered":"Festival Mundial Antifascista en Venezuela llama a la articulaci\u00f3n (+Fotos)"},"content":{"rendered":"\n<p>Caracas, 11 ene (Prensa Latina) El Festival Mundial Internacional Antifascista por un Nuevo Mundo concluy\u00f3 hoy aqu\u00ed con el llamado a las fuerzas progresistas de articularse en la lucha contra el fascismo para transformar el planeta en un mundo de paz y emancipaci\u00f3n.<\/p>\n\n\n\n<ul class=\"wp-block-list\">\n<li><a href=\"https:\/\/www.prensa-latina.cu\/2025\/01\/11\/\"><time>enero 11, 2025 | 18:43<\/time><\/a><\/li>\n<\/ul>\n\n\n\n<ul class=\"wp-block-list\">\n<li><a href=\"https:\/\/www.prensa-latina.cu\/2025\/01\/11\/festival-mundial-antifascista-en-venezuela-llama-a-la-articulacion\/#\"><\/a><\/li>\n\n\n\n<li><a href=\"https:\/\/www.prensa-latina.cu\/2025\/01\/11\/festival-mundial-antifascista-en-venezuela-llama-a-la-articulacion\/#\"><\/a><\/li>\n\n\n\n<li><a href=\"https:\/\/www.prensa-latina.cu\/2025\/01\/11\/festival-mundial-antifascista-en-venezuela-llama-a-la-articulacion\/#\"><\/a><\/li>\n\n\n\n<li><a href=\"https:\/\/www.prensa-latina.cu\/2025\/01\/11\/festival-mundial-antifascista-en-venezuela-llama-a-la-articulacion\/#\"><\/a><\/li>\n<\/ul>\n\n\n\n<p>As\u00ed lo plante\u00f3 una resoluci\u00f3n aprobada en Venezuela, luego de tres d\u00edas de debate, por los m\u00e1s de dos mil delegados de m\u00e1s de 125 pa\u00edses de todos los continentes que asistieron al evento y acompa\u00f1ar al presidente Nicol\u00e1s Maduro en su juramentaci\u00f3n.<\/p>\n\n\n\n<p>El texto expres\u00f3 el firme reconocimiento y respaldo al gobernante constitucional venezolano con motivo de su juramentaci\u00f3n como \u201cl\u00edder leg\u00edtimo para el periodo 2025-2031\u201d y destac\u00f3 que este mantuvo una postura inquebrantable en los principios de autodeterminaci\u00f3n, unidad, soberan\u00eda, justicia y felicidad social.<\/p>\n\n\n\n<figure class=\"wp-block-image\"><img decoding=\"async\" src=\"https:\/\/www.prensa-latina.cu\/wp-content\/uploads\/2025\/01\/Nicolas1.jpg\" alt=\"\" class=\"wp-image-1480785\"\/><\/figure>\n\n\n\n<p>Las fuerzas sociales y pol\u00edticas significaron que Venezuela ha sido un faro en la lucha mundial contra el fascismo, imperialismo, colonialismo, sionismo y todas la formas de explotaci\u00f3n y de dominio humano, a la par de desempe\u00f1ar un rol central en la articulaci\u00f3n de iniciativas internacionales.<\/p>\n\n\n\n<p>Propusieron asimismo realizar este a\u00f1o acciones concretas como seguir avanzando en la organizaci\u00f3n y la consolidaci\u00f3n de cap\u00edtulos de la Internacional Antifascista en cada uno de \u201cnuestros pa\u00edses, regiones, continentes para articular las luchas contra el fascismo desde los territorios\u201d.<\/p>\n\n\n\n<p>Esta estar\u00eda dirigida a la creaci\u00f3n de una plataforma mundial bajo el acompa\u00f1amiento de una Secretar\u00eda Ejecutiva de la Internacional Antifascista.<\/p>\n\n\n\n<p>Acordaron tambi\u00e9n la puesta en marcha del \u201ctanque de pensamiento\u201d, denominado Foro de Caracas, para establecer espacios de an\u00e1lisis estrat\u00e9gicos y praxis antifascista en cada pa\u00eds, regi\u00f3n y continente, para lo cual plantearon un gran encuentro mundial en el primer semestre de 2025.<\/p>\n\n\n\n<figure class=\"wp-block-image\"><img decoding=\"async\" src=\"https:\/\/www.prensa-latina.cu\/wp-content\/uploads\/2025\/01\/Nicolas2.jpg\" alt=\"\" class=\"wp-image-1480787\"\/><\/figure>\n\n\n\n<p>Otras inciativas estuvieron dirigidas al lanzamiento en marzo venidero del campamento \u201csemilleros del nuevo mundo\u201d, para la formaci\u00f3n de j\u00f3venes comprometidos en la construcci\u00f3n de un mundo nuevo, as\u00ed como realizar un Encuentro Mundial Antifascista de sectores religiosos.<\/p>\n\n\n\n<p>Tambi\u00e9n llamaron a desarrollar iniciativas comunitarias para arraigar el movimiento antifascista en las bases populares; realizar el 8 de marzo el lanzamiento de la internacional feminista, popular y antifascista, y conmemorar la derrota del fascismo \u201ccomo oportunidad para reafirmar la lucha por la justicia y autodeterminaci\u00f3n\u201d.<\/p>\n\n\n\n<figure class=\"wp-block-image\"><img decoding=\"async\" src=\"https:\/\/www.prensa-latina.cu\/wp-content\/uploads\/2025\/01\/Nicolas3.jpg\" alt=\"\" class=\"wp-image-1480786\"\/><\/figure>\n\n\n\n<p>Al clausurar el evento, el presidente Nicol\u00e1s Maduro envi\u00f3 un saludo especial y cari\u00f1oso a los participantes, agradeci\u00f3 por tanto amor, solidaridad de esta Internacional Antifascista, y les dio las gracias por \u201chaber venido a esta jornada hist\u00f3rica e in\u00e9dita\u201d.<\/p>\n\n\n\n<p>Asegur\u00f3 que Venezuela \u201cest\u00e1 en paz, en democracia, en pleno ejercicio de la soberan\u00eda nacional y el pueblo avanzando en esta nueva etapa\u201d.<\/p>\n\n\n\n<p>En el acto, Maduro entreg\u00f3 la condecoraci\u00f3n Orden Bicentenario de la Victoria de Ayacucho a las autoridades civiles y militares venezolanos que fueron sancionados ayer por Estados Unidos, la Uni\u00f3n Europea, el Reino Unido y Canad\u00e1.<\/p>\n\n\n\n<p>lam\/jcd<\/p>\n\n\n\n<ul class=\"wp-block-list\">\n<li>#<a href=\"https:\/\/www.prensa-latina.cu\/etiqueta\/caracas\/\">Caracas<\/a>\u00a0#<a href=\"https:\/\/www.prensa-latina.cu\/etiqueta\/cuba\/\">cuba<\/a>\u00a0#<a href=\"https:\/\/www.prensa-latina.cu\/etiqueta\/nicaragua\/\">Nicaragua<\/a>\u00a0#<a href=\"https:\/\/www.prensa-latina.cu\/etiqueta\/venezuela\/\">Venezuela<\/a><\/li>\n<\/ul>\n\n\n\n<p>MINUTO A MINUTO<\/p>\n\n\n\n<ul class=\"wp-block-list\">\n<li>00:31<\/li>\n<\/ul>\n\n\n\n<p><a href=\"https:\/\/www.prensa-latina.cu\/2025\/01\/12\/destacan-construccion-de-altaire-edificio-mas-alto-de-guatemala\/\">Destacan construcci\u00f3n de Altaire, edificio m\u00e1s alto de Guatemala<\/a><\/p>\n\n\n\n<ul class=\"wp-block-list\">\n<li>00:30<\/li>\n<\/ul>\n\n\n\n<p><a href=\"https:\/\/www.prensa-latina.cu\/2025\/01\/12\/leones-ante-aguilas-y-tigres-frente-a-estrellas-en-beisbol-dominicano\/\">Leones ante \u00c1guilas y Tigres frente a Estrellas en b\u00e9isbol dominicano<\/a><\/p>\n\n\n\n<ul class=\"wp-block-list\">\n<li>00:20<\/li>\n<\/ul>\n\n\n\n<p><a href=\"https:\/\/www.prensa-latina.cu\/2025\/01\/12\/alec-baldwin-demanda-tras-librarse-de-acusacion-por-tiroteo-mortal\/\">Alec Baldwin demanda tras librarse de acusaci\u00f3n por tiroteo mortal<\/a><\/p>\n\n\n\n<ul class=\"wp-block-list\">\n<li>00:15<\/li>\n<\/ul>\n\n\n\n<p><a href=\"https:\/\/www.prensa-latina.cu\/2025\/01\/12\/gremio-de-hollywood-apoya-a-damnificados-por-incendios-en-california\/\">Gremio de Hollywood apoya a damnificados por incendios en California<\/a><\/p>\n\n\n\n<ul class=\"wp-block-list\">\n<li>00:11<\/li>\n<\/ul>\n\n\n\n<p><a href=\"https:\/\/www.prensa-latina.cu\/2025\/01\/12\/comienza-en-barranquilla-final-de-liga-colombiana-de-beisbol\/\">Comienza en Barranquilla final de Liga Colombiana de B\u00e9isbol<\/a><\/p>\n\n\n\n<ul class=\"wp-block-list\">\n<li>00:10<\/li>\n<\/ul>\n\n\n\n<p><a href=\"https:\/\/www.prensa-latina.cu\/2025\/01\/12\/devastadores-incendios-en-california-sin-dar-tregua\/\">Devastadores incendios en California sin dar tregua (+Fotos)<\/a><\/p>\n\n\n\n<p>relacionadas<\/p>\n\n\n\n<figure class=\"wp-block-image\"><img decoding=\"async\" src=\"https:\/\/www.prensa-latina.cu\/wp-content\/uploads\/2025\/01\/Madre-y-Bebe-1.jpg\" alt=\"\" class=\"wp-image-1481052\"\/><\/figure>\n\n\n\n<h4 class=\"wp-block-heading\"><a href=\"https:\/\/www.prensa-latina.cu\/2025\/01\/11\/mortalidad-materna-en-nicaragua-disminuyo-en-798-por-ciento\/\">Mortalidad materna en Nicaragua disminuy\u00f3 en 79,8 por ciento<\/a><\/h4>\n\n\n\n<ul class=\"wp-block-list\">\n<li>enero 11, 2025<\/li>\n\n\n\n<li>23:14<\/li>\n<\/ul>\n\n\n\n<figure class=\"wp-block-image\"><img decoding=\"async\" src=\"https:\/\/www.prensa-latina.cu\/wp-content\/uploads\/2025\/01\/Jorge-Luis-Sanchez-1.jpg\" alt=\"\" class=\"wp-image-1480956\"\/><\/figure>\n\n\n\n<h4 class=\"wp-block-heading\"><a href=\"https:\/\/www.prensa-latina.cu\/2025\/01\/11\/despiden-en-cuba-al-cineasta-jorge-luis-sanchez-recien-fallecido\/\">Despiden en Cuba al cineasta Jorge Luis S\u00e1nchez, reci\u00e9n fallecido<\/a><\/h4>\n\n\n\n<ul class=\"wp-block-list\">\n<li>enero 11, 2025<\/li>\n\n\n\n<li>20:54<\/li>\n<\/ul>\n\n\n\n<figure class=\"wp-block-image\"><img decoding=\"async\" src=\"https:\/\/www.prensa-latina.cu\/wp-content\/uploads\/2025\/01\/cuba-albear-ingenieros-1.jpg\" alt=\"\" class=\"wp-image-1480812\"\/><\/figure>\n\n\n\n<h4 class=\"wp-block-heading\"><a href=\"https:\/\/www.prensa-latina.cu\/2025\/01\/11\/destaca-diaz-canel-importancia-de-ingenieros-cubanos\/\">Destaca D\u00edaz-Canel importancia de ingenieros cubanos<\/a><\/h4>\n\n\n\n<ul class=\"wp-block-list\">\n<li>enero 11, 2025<\/li>\n\n\n\n<li>19:10<\/li>\n<\/ul>\n\n\n\n<figure class=\"wp-block-image\"><img decoding=\"async\" src=\"https:\/\/www.prensa-latina.cu\/wp-content\/uploads\/2025\/01\/venezuela-atentado-consulado-1.jpg\" alt=\"\" class=\"wp-image-1480810\"\/><\/figure>\n\n\n\n<h4 class=\"wp-block-heading\"><a href=\"https:\/\/www.prensa-latina.cu\/2025\/01\/11\/canciller-denuncia-ataque-fascista-a-consulado-venezolano-en-portugal\/\">Canciller denuncia ataque fascista a Consulado venezolano en Portugal<\/a><\/h4>\n\n\n\n<ul class=\"wp-block-list\">\n<li>enero 11, 2025<\/li>\n\n\n\n<li>19:04<\/li>\n<\/ul>\n","protected":false},"excerpt":{"rendered":"<p>Caracas, 11 ene (Prensa Latina) El Festival Mundial Internacional Antifascista por un Nuevo Mundo concluy\u00f3 hoy aqu\u00ed con el llamado a las fuerzas progresistas de articularse en la lucha contra el fascismo para transformar el planeta en un mundo de paz y emancipaci\u00f3n. As\u00ed lo plante\u00f3 una resoluci\u00f3n aprobada en Venezuela, luego de tres d\u00edas [&hellip;]<\/p>\n","protected":false},"author":28,"featured_media":588452,"comment_status":"closed","ping_status":"closed","sticky":true,"template":"","format":"standard","meta":{"footnotes":""},"categories":[23],"tags":[],"class_list":["post-588451","post","type-post","status-publish","format-standard","has-post-thumbnail","hentry","category-internacional"],"_links":{"self":[{"href":"https:\/\/diariodominicano.com\/index.php?rest_route=\/wp\/v2\/posts\/588451","targetHints":{"allow":["GET"]}}],"collection":[{"href":"https:\/\/diariodominicano.com\/index.php?rest_route=\/wp\/v2\/posts"}],"about":[{"href":"https:\/\/diariodominicano.com\/index.php?rest_route=\/wp\/v2\/types\/post"}],"author":[{"embeddable":true,"href":"https:\/\/diariodominicano.com\/index.php?rest_route=\/wp\/v2\/users\/28"}],"replies":[{"embeddable":true,"href":"https:\/\/diariodominicano.com\/index.php?rest_route=%2Fwp%2Fv2%2Fcomments&post=588451"}],"version-history":[{"count":1,"href":"https:\/\/diariodominicano.com\/index.php?rest_route=\/wp\/v2\/posts\/588451\/revisions"}],"predecessor-version":[{"id":588453,"href":"https:\/\/diariodominicano.com\/index.php?rest_route=\/wp\/v2\/posts\/588451\/revisions\/588453"}],"wp:featuredmedia":[{"embeddable":true,"href":"https:\/\/diariodominicano.com\/index.php?rest_route=\/wp\/v2\/media\/588452"}],"wp:attachment":[{"href":"https:\/\/diariodominicano.com\/index.php?rest_route=%2Fwp%2Fv2%2Fmedia&parent=588451"}],"wp:term":[{"taxonomy":"category","embeddable":true,"href":"https:\/\/diariodominicano.com\/index.php?rest_route=%2Fwp%2Fv2%2Fcategories&post=588451"},{"taxonomy":"post_tag","embeddable":true,"href":"https:\/\/diariodominicano.com\/index.php?rest_route=%2Fwp%2Fv2%2Ftags&post=588451"}],"curies":[{"name":"wp","href":"https:\/\/api.w.org\/{rel}","templated":true}]}}