{"id":588444,"date":"2025-01-12T01:40:17","date_gmt":"2025-01-12T05:40:17","guid":{"rendered":"https:\/\/diariodominicano.com\/?p=588444"},"modified":"2025-01-13T20:03:26","modified_gmt":"2025-01-14T00:03:26","slug":"airen-solicita-modificacion-de-la-ley-de-residuos-solidos","status":"publish","type":"post","link":"https:\/\/diariodominicano.com\/?p=588444","title":{"rendered":"AIREN solicita modificaci\u00f3n de la Ley de Residuos S\u00f3lidos"},"content":{"rendered":"\n<p>Santo Domingo, RD. \u2013 La Asociaci\u00f3n de Industriales de la Regi\u00f3n Norte (AIREN) expres\u00f3 su total respaldo a la posici\u00f3n adoptada por la Asociaci\u00f3n de Industrias de la Rep\u00fablica Dominicana (AIRD) respecto al Proyecto de Modificaci\u00f3n de la Ley General de Gesti\u00f3n Integral y Coprocesamiento de Residuos S\u00f3lidos (Ley 225-20), recientemente aprobado por el Senado de la Rep\u00fablica Dominicana.<\/p>\n\n\n\n<p>AIREN comparte la preocupaci\u00f3n de la AIRD sobre la modificaci\u00f3n de la ley, que, seg\u00fan se ha se\u00f1alado, fue realizada sin el debido proceso de consulta con los actores clave del sector, lo que podr\u00eda afectar la efectividad de la normativa y su implementaci\u00f3n. La asociaci\u00f3n se\u00f1ala que la falta de un di\u00e1logo amplio y participativo en este proceso legislativo es motivo de inquietud, ya que la colaboraci\u00f3n de todos los sectores es esencial para alcanzar un marco normativo balanceado y justo.<\/p>\n\n\n\n<p>De igual forma, AIREN considera como desproporcionado el incremento de las contribuciones especiales que deben pagar las empresas, especialmente las micro, peque\u00f1as y medianas empresas, que se ver\u00edan afectadas por aumentos, que oscilan entre el 140% y el 3,750%. Entiende que esta medida podr\u00eda tener un impacto negativo en la competitividad y sostenibilidad de muchas empresas del sector industrial y otros sectores productivos.<\/p>\n\n\n\n<p>Luis Jos\u00e9 Bonilla Bojos, presidente de AIREN, expres\u00f3 que la modificaci\u00f3n de la Ley de Residuos S\u00f3lidos debe ser un proceso participativo que involucre a todos los sectores implicados.&nbsp;<\/p>\n\n\n\n<p>\u201cEn AIREN creemos firmemente que una legislaci\u00f3n bien fundamentada debe basarse en el di\u00e1logo y la colaboraci\u00f3n entre el gobierno, las empresas y las organizaciones que tienen un papel fundamental en la gesti\u00f3n de residuos. La falta de consulta no solo afecta a las industrias, sino que puede poner en riesgo el \u00e9xito de una pol\u00edtica ambiental sostenible para el pa\u00eds.\u201d, Asegur\u00f3 Bonilla Bojos.<\/p>\n\n\n\n<p>AIREN insta a las autoridades a fomentar un proceso de consulta m\u00e1s inclusivo, que permita a todos los sectores involucrados aportar sus conocimientos y experiencias para lograr una ley que beneficie tanto al medio ambiente como a la econom\u00eda nacional.<\/p>\n\n\n\n<p>Ibelca Mencia <a href=\"mailto:ibelca@timmrd.com\" target=\"_blank\" rel=\"noreferrer noopener\">ibelca@timmrd.com<\/a> <\/p>\n","protected":false},"excerpt":{"rendered":"<p>Santo Domingo, RD. \u2013 La Asociaci\u00f3n de Industriales de la Regi\u00f3n Norte (AIREN) expres\u00f3 su total respaldo a la posici\u00f3n adoptada por la Asociaci\u00f3n de Industrias de la Rep\u00fablica Dominicana (AIRD) respecto al Proyecto de Modificaci\u00f3n de la Ley General de Gesti\u00f3n Integral y Coprocesamiento de Residuos S\u00f3lidos (Ley 225-20), recientemente aprobado por el Senado [&hellip;]<\/p>\n","protected":false},"author":28,"featured_media":588445,"comment_status":"closed","ping_status":"closed","sticky":true,"template":"","format":"standard","meta":{"footnotes":""},"categories":[18],"tags":[],"class_list":["post-588444","post","type-post","status-publish","format-standard","has-post-thumbnail","hentry","category-economia"],"_links":{"self":[{"href":"https:\/\/diariodominicano.com\/index.php?rest_route=\/wp\/v2\/posts\/588444","targetHints":{"allow":["GET"]}}],"collection":[{"href":"https:\/\/diariodominicano.com\/index.php?rest_route=\/wp\/v2\/posts"}],"about":[{"href":"https:\/\/diariodominicano.com\/index.php?rest_route=\/wp\/v2\/types\/post"}],"author":[{"embeddable":true,"href":"https:\/\/diariodominicano.com\/index.php?rest_route=\/wp\/v2\/users\/28"}],"replies":[{"embeddable":true,"href":"https:\/\/diariodominicano.com\/index.php?rest_route=%2Fwp%2Fv2%2Fcomments&post=588444"}],"version-history":[{"count":3,"href":"https:\/\/diariodominicano.com\/index.php?rest_route=\/wp\/v2\/posts\/588444\/revisions"}],"predecessor-version":[{"id":588748,"href":"https:\/\/diariodominicano.com\/index.php?rest_route=\/wp\/v2\/posts\/588444\/revisions\/588748"}],"wp:featuredmedia":[{"embeddable":true,"href":"https:\/\/diariodominicano.com\/index.php?rest_route=\/wp\/v2\/media\/588445"}],"wp:attachment":[{"href":"https:\/\/diariodominicano.com\/index.php?rest_route=%2Fwp%2Fv2%2Fmedia&parent=588444"}],"wp:term":[{"taxonomy":"category","embeddable":true,"href":"https:\/\/diariodominicano.com\/index.php?rest_route=%2Fwp%2Fv2%2Fcategories&post=588444"},{"taxonomy":"post_tag","embeddable":true,"href":"https:\/\/diariodominicano.com\/index.php?rest_route=%2Fwp%2Fv2%2Ftags&post=588444"}],"curies":[{"name":"wp","href":"https:\/\/api.w.org\/{rel}","templated":true}]}}