{"id":588398,"date":"2025-01-12T00:38:39","date_gmt":"2025-01-12T04:38:39","guid":{"rendered":"https:\/\/diariodominicano.com\/?p=588398"},"modified":"2025-01-12T00:38:45","modified_gmt":"2025-01-12T04:38:45","slug":"despiden-en-cuba-al-cineasta-jorge-luis-sanchez-recien-fallecido","status":"publish","type":"post","link":"https:\/\/diariodominicano.com\/?p=588398","title":{"rendered":"Despiden en Cuba al cineasta Jorge Luis S\u00e1nchez, reci\u00e9n fallecido"},"content":{"rendered":"\n<p>La Habana, 11 ene (Prensa Latina) Cineastas, artistas, amigos y familiares despidieron hoy en esta capital al reconocido cineasta cubano Jorge Luis S\u00e1nchez, fallecido el pasado jueves a los 64 a\u00f1os de edad a causa de un c\u00e1ncer.<\/p>\n\n\n\n<ul class=\"wp-block-list\">\n<li><a href=\"https:\/\/www.prensa-latina.cu\/2025\/01\/11\/\"><time>enero 11, 2025 | 20:54<\/time><\/a><\/li>\n<\/ul>\n\n\n\n<ul class=\"wp-block-list\">\n<li><a href=\"https:\/\/www.prensa-latina.cu\/2025\/01\/11\/despiden-en-cuba-al-cineasta-jorge-luis-sanchez-recien-fallecido\/#\"><\/a><\/li>\n\n\n\n<li><a href=\"https:\/\/www.prensa-latina.cu\/2025\/01\/11\/despiden-en-cuba-al-cineasta-jorge-luis-sanchez-recien-fallecido\/#\"><\/a><\/li>\n\n\n\n<li><a href=\"https:\/\/www.prensa-latina.cu\/2025\/01\/11\/despiden-en-cuba-al-cineasta-jorge-luis-sanchez-recien-fallecido\/#\"><\/a><\/li>\n\n\n\n<li><a href=\"https:\/\/www.prensa-latina.cu\/2025\/01\/11\/despiden-en-cuba-al-cineasta-jorge-luis-sanchez-recien-fallecido\/#\"><\/a><\/li>\n<\/ul>\n\n\n\n<p>En la funeraria de Calzada y K, del Vedado habanero, se reunieron numerosas personalidades de la cultura cubana para despedir al colega y amigo, autor de importantes obras de la cinematograf\u00eda nacional.<\/p>\n\n\n\n<p>Desde su muerte, numerosos han sido los mensajes de pesar y condolencias para su familia de instituciones y figuras del arte en Cuba<\/p>\n\n\n\n<p>El jueves, el presidente del Instituto Cubano de Arte e Industria Cinematogr\u00e1ficos (Icaic) Alexis Triana, inform\u00f3 sobre el deceso del realizador:<\/p>\n\n\n\n<p>\u201cUna mortal enfermedad, terrible e inesperada, nos priva de su genio art\u00edstico, en medio de grandes empe\u00f1os conjuntos. Despid\u00e1moslo con la inmensa ovaci\u00f3n que merece toda su obra\u201d, escribi\u00f3 en su cuenta de Facebook.<\/p>\n\n\n\n<p>Pr\u00f3ximo a cumplir 65 a\u00f1os, el 21 de enero, S\u00e1nchez comenzaba este mes a filmar su \u00faltima pel\u00edcula \u00abPerformance\u00bb, para la que cada d\u00eda daba indicaciones a su equipo, seg\u00fan Triana.<\/p>\n\n\n\n<p>Adem\u00e1s, avanzaba en paralelo con Cubacine ICAIC en los preparativos de su serie \u201cLa Causa Com\u00fan\u201d, para lo cual viaj\u00f3 hace unas semanas a Nicaragua para reponer dos de sus filmes, \u201cEl Beny\u201d y \u201cBuscando a Casal\u201d, a la Cinemateca Nacional de ese pa\u00eds.<\/p>\n\n\n\n<p>En la naci\u00f3n centroamericana visit\u00f3 las posibles locaciones de su apasionado acercamiento a Jos\u00e9 Mart\u00ed, M\u00e1ximo G\u00f3mez y Antonio Maceo, explic\u00f3 el Presidente del Icaic.<\/p>\n\n\n\n<p>De igual forma, su filme \u201cCuba Libre\u201d inaugur\u00f3 el Primer Festival de Cine Cubano en Washington, Estados Unidos.<\/p>\n\n\n\n<p>Durante dos a\u00f1os, S\u00e1nchez fue subdirector art\u00edstico en el Noticiero Icaic Latinoamericano y realiz\u00f3 algunas ediciones. Fue, adem\u00e1s, uno de los presidentes de la Muestra Joven Icaic.<\/p>\n\n\n\n<p>Dirigi\u00f3 adem\u00e1s varios documentales, entre los que se cuentan Buscando a Casal (1991), Atrapando espacio (1994), Y me gasto la vida (1997), Las sombras corrosivas de Fidelio Ponce a\u00fan (1999).<\/p>\n\n\n\n<p>Dirigi\u00f3 los largometrajes El Benny (2005), Irremediablemente juntos (2012), Cuba libre (2015) y Buscando a Casal (2019).<\/p>\n\n\n\n<p>Vinculado al Festival Internacional del Nuevo Cine Latinoamericano, su obra de ficci\u00f3n form\u00f3 parte de varias ediciones del evento, donde tambi\u00e9n ejerci\u00f3 como jurado.<\/p>\n\n\n\n<p>lam\/mml<\/p>\n\n\n\n<ul class=\"wp-block-list\">\n<li>#<a href=\"https:\/\/www.prensa-latina.cu\/etiqueta\/cuba\/\">cuba<\/a>\u00a0#<a href=\"https:\/\/www.prensa-latina.cu\/etiqueta\/icaic\/\">icaic<\/a><\/li>\n<\/ul>\n","protected":false},"excerpt":{"rendered":"<p>La Habana, 11 ene (Prensa Latina) Cineastas, artistas, amigos y familiares despidieron hoy en esta capital al reconocido cineasta cubano Jorge Luis S\u00e1nchez, fallecido el pasado jueves a los 64 a\u00f1os de edad a causa de un c\u00e1ncer. En la funeraria de Calzada y K, del Vedado habanero, se reunieron numerosas personalidades de la cultura [&hellip;]<\/p>\n","protected":false},"author":28,"featured_media":588399,"comment_status":"closed","ping_status":"closed","sticky":true,"template":"","format":"standard","meta":{"footnotes":""},"categories":[26,25,23],"tags":[],"class_list":["post-588398","post","type-post","status-publish","format-standard","has-post-thumbnail","hentry","category-efemerides","category-gente","category-internacional"],"_links":{"self":[{"href":"https:\/\/diariodominicano.com\/index.php?rest_route=\/wp\/v2\/posts\/588398","targetHints":{"allow":["GET"]}}],"collection":[{"href":"https:\/\/diariodominicano.com\/index.php?rest_route=\/wp\/v2\/posts"}],"about":[{"href":"https:\/\/diariodominicano.com\/index.php?rest_route=\/wp\/v2\/types\/post"}],"author":[{"embeddable":true,"href":"https:\/\/diariodominicano.com\/index.php?rest_route=\/wp\/v2\/users\/28"}],"replies":[{"embeddable":true,"href":"https:\/\/diariodominicano.com\/index.php?rest_route=%2Fwp%2Fv2%2Fcomments&post=588398"}],"version-history":[{"count":1,"href":"https:\/\/diariodominicano.com\/index.php?rest_route=\/wp\/v2\/posts\/588398\/revisions"}],"predecessor-version":[{"id":588400,"href":"https:\/\/diariodominicano.com\/index.php?rest_route=\/wp\/v2\/posts\/588398\/revisions\/588400"}],"wp:featuredmedia":[{"embeddable":true,"href":"https:\/\/diariodominicano.com\/index.php?rest_route=\/wp\/v2\/media\/588399"}],"wp:attachment":[{"href":"https:\/\/diariodominicano.com\/index.php?rest_route=%2Fwp%2Fv2%2Fmedia&parent=588398"}],"wp:term":[{"taxonomy":"category","embeddable":true,"href":"https:\/\/diariodominicano.com\/index.php?rest_route=%2Fwp%2Fv2%2Fcategories&post=588398"},{"taxonomy":"post_tag","embeddable":true,"href":"https:\/\/diariodominicano.com\/index.php?rest_route=%2Fwp%2Fv2%2Ftags&post=588398"}],"curies":[{"name":"wp","href":"https:\/\/api.w.org\/{rel}","templated":true}]}}