{"id":588395,"date":"2025-01-12T00:35:47","date_gmt":"2025-01-12T04:35:47","guid":{"rendered":"https:\/\/diariodominicano.com\/?p=588395"},"modified":"2025-01-12T00:35:52","modified_gmt":"2025-01-12T04:35:52","slug":"trinidad-y-tobago-alerta-por-riesgo-de-violencia-en-las-prisiones","status":"publish","type":"post","link":"https:\/\/diariodominicano.com\/?p=588395","title":{"rendered":"Trinidad y Tobago alerta por riesgo de violencia en las prisiones"},"content":{"rendered":"\n<p>Puerto Espa\u00f1a, 11 ene (Prensa Latina) Las autoridades de Trinidad y Tobago urgieron a los guardias de prisi\u00f3n mantenerse en alerta tras conocerse informaciones sobre el posible estallido de episodios violentos en las c\u00e1rceles del pa\u00eds, reportaron hoy medios de prensa.<\/p>\n\n\n\n<ul class=\"wp-block-list\">\n<li><a href=\"https:\/\/www.prensa-latina.cu\/2025\/01\/11\/\"><time>enero 11, 2025 | 20:58<\/time><\/a><\/li>\n<\/ul>\n\n\n\n<ul class=\"wp-block-list\">\n<li><a href=\"https:\/\/www.prensa-latina.cu\/2025\/01\/11\/trinidad-y-tobago-alerta-por-riesgo-de-violencia-en-las-prisiones\/#\"><\/a><\/li>\n\n\n\n<li><a href=\"https:\/\/www.prensa-latina.cu\/2025\/01\/11\/trinidad-y-tobago-alerta-por-riesgo-de-violencia-en-las-prisiones\/#\"><\/a><\/li>\n\n\n\n<li><a href=\"https:\/\/www.prensa-latina.cu\/2025\/01\/11\/trinidad-y-tobago-alerta-por-riesgo-de-violencia-en-las-prisiones\/#\"><\/a><\/li>\n\n\n\n<li><a href=\"https:\/\/www.prensa-latina.cu\/2025\/01\/11\/trinidad-y-tobago-alerta-por-riesgo-de-violencia-en-las-prisiones\/#\"><\/a><\/li>\n<\/ul>\n\n\n\n<p>Seg\u00fan el sitio informativo Loop Caribbean News, la medida sigue a la recepci\u00f3n de un correo electr\u00f3nico que mencionaba el pago de una \u201cgran recompensa\u201d por atacar a oficiales de los centros penintenciarios Arima, D\u2019Abadie y San Juan.<\/p>\n\n\n\n<p>Tambi\u00e9n se les pidi\u00f3 a los guardias mayor precauci\u00f3n dentro y fuera del horario laboral, reducir las salidas cuando est\u00e9n de descanso y m\u00e1ximo cuidado al moverse en las prisiones, porque pueden ocurrir episodios de mucha violencia con severas consecuencias para sus vidas.<\/p>\n\n\n\n<p>Trinidad y Tobago est\u00e1 bajo estado de emergencia desde finales de diciembre pasado y por tres meses, debido a la amenaza a la seguridad nacional que representan los asesinatos en represalia y el uso de armas de alta potencia por parte de las pandillas.<\/p>\n\n\n\n<p>Aun con la medida de excepci\u00f3n en vigor, en v\u00edsperas del A\u00f1o Nuevo desconocidos mataron a tiros al fiscal Randall Hector cuando sal\u00eda de la iglesia con su esposa e hijos.<\/p>\n\n\n\n<p>El primer ministro del pa\u00eds afirm\u00f3 que el estado de emergencia es una decisi\u00f3n necesaria para restablecer el equilibrio entre los derechos de la ciudadan\u00eda y protegerla contra la violencia de elementos criminales \u201cque participan en una guerra de unos contra otros\u201d.<\/p>\n\n\n\n<p>lam\/ymr<\/p>\n\n\n\n<ul class=\"wp-block-list\">\n<li>#<a href=\"https:\/\/www.prensa-latina.cu\/etiqueta\/seguridad\/\">Seguridad<\/a>\u00a0#<a href=\"https:\/\/www.prensa-latina.cu\/etiqueta\/tobago\/\">tobago<\/a>\u00a0#<a href=\"https:\/\/www.prensa-latina.cu\/etiqueta\/trinidad\/\">trinidad<\/a><\/li>\n<\/ul>\n","protected":false},"excerpt":{"rendered":"<p>Puerto Espa\u00f1a, 11 ene (Prensa Latina) Las autoridades de Trinidad y Tobago urgieron a los guardias de prisi\u00f3n mantenerse en alerta tras conocerse informaciones sobre el posible estallido de episodios violentos en las c\u00e1rceles del pa\u00eds, reportaron hoy medios de prensa. Seg\u00fan el sitio informativo Loop Caribbean News, la medida sigue a la recepci\u00f3n de [&hellip;]<\/p>\n","protected":false},"author":28,"featured_media":588396,"comment_status":"closed","ping_status":"closed","sticky":true,"template":"","format":"standard","meta":{"footnotes":""},"categories":[23],"tags":[],"class_list":["post-588395","post","type-post","status-publish","format-standard","has-post-thumbnail","hentry","category-internacional"],"_links":{"self":[{"href":"https:\/\/diariodominicano.com\/index.php?rest_route=\/wp\/v2\/posts\/588395","targetHints":{"allow":["GET"]}}],"collection":[{"href":"https:\/\/diariodominicano.com\/index.php?rest_route=\/wp\/v2\/posts"}],"about":[{"href":"https:\/\/diariodominicano.com\/index.php?rest_route=\/wp\/v2\/types\/post"}],"author":[{"embeddable":true,"href":"https:\/\/diariodominicano.com\/index.php?rest_route=\/wp\/v2\/users\/28"}],"replies":[{"embeddable":true,"href":"https:\/\/diariodominicano.com\/index.php?rest_route=%2Fwp%2Fv2%2Fcomments&post=588395"}],"version-history":[{"count":1,"href":"https:\/\/diariodominicano.com\/index.php?rest_route=\/wp\/v2\/posts\/588395\/revisions"}],"predecessor-version":[{"id":588397,"href":"https:\/\/diariodominicano.com\/index.php?rest_route=\/wp\/v2\/posts\/588395\/revisions\/588397"}],"wp:featuredmedia":[{"embeddable":true,"href":"https:\/\/diariodominicano.com\/index.php?rest_route=\/wp\/v2\/media\/588396"}],"wp:attachment":[{"href":"https:\/\/diariodominicano.com\/index.php?rest_route=%2Fwp%2Fv2%2Fmedia&parent=588395"}],"wp:term":[{"taxonomy":"category","embeddable":true,"href":"https:\/\/diariodominicano.com\/index.php?rest_route=%2Fwp%2Fv2%2Fcategories&post=588395"},{"taxonomy":"post_tag","embeddable":true,"href":"https:\/\/diariodominicano.com\/index.php?rest_route=%2Fwp%2Fv2%2Ftags&post=588395"}],"curies":[{"name":"wp","href":"https:\/\/api.w.org\/{rel}","templated":true}]}}