{"id":588355,"date":"2025-01-11T23:46:57","date_gmt":"2025-01-12T03:46:57","guid":{"rendered":"https:\/\/diariodominicano.com\/?p=588355"},"modified":"2025-01-12T00:18:28","modified_gmt":"2025-01-12T04:18:28","slug":"biden-se-despedira-de-la-nacion-el-miercoles-desde-la-oficina-oval-en-horario-estelar","status":"publish","type":"post","link":"https:\/\/diariodominicano.com\/?p=588355","title":{"rendered":"Biden se despedir\u00e1 de la naci\u00f3n el mi\u00e9rcoles desde la Oficina Oval en horario estelar"},"content":{"rendered":"\n<p>El presidente Joe Biden escucha un informe sobre la respuesta federal a los incendios forestales en el \u00e1rea de Los \u00c1ngeles, el viernes 10 de enero de 2025, en la Oficina Oval de la Casa Blanca, en Washington.<\/p>\n\n\n\n<p>enero 11, 2025<\/p>\n\n\n\n<ul class=\"wp-block-list\">\n<li><a href=\"https:\/\/www.vozdeamerica.com\/author\/associated-press\/v_kyr\">Associated Press<\/a><\/li>\n<\/ul>\n\n\n\n<ul class=\"wp-block-list\">\n<li><a href=\"https:\/\/facebook.com\/sharer.php?u=https%3a%2f%2fwww.vozdeamerica.com%2fa%2fbiden-se-despedira-de-la-nacion-miercoles-desde-la-oficina-oval-en-horario-estelar-%2f7933076.html\" target=\"_blank\" rel=\"noreferrer noopener\"><\/a><\/li>\n\n\n\n<li><a href=\"https:\/\/twitter.com\/share?url=https%3a%2f%2fwww.vozdeamerica.com%2fa%2fbiden-se-despedira-de-la-nacion-miercoles-desde-la-oficina-oval-en-horario-estelar-%2f7933076.html&amp;text=Biden+se+despedir%c3%a1+de+la+naci%c3%b3n+el+mi%c3%a9rcoles+desde+la+Oficina+Oval+en+horario+estelar+\" target=\"_blank\" rel=\"noreferrer noopener\"><\/a><\/li>\n\n\n\n<li><\/li>\n\n\n\n<li><a href=\"mailto:?body=https%3a%2f%2fwww.vozdeamerica.com%2fa%2fbiden-se-despedira-de-la-nacion-miercoles-desde-la-oficina-oval-en-horario-estelar-%2f7933076.html&amp;subject=Biden%20se%20despedir%C3%A1%20de%20la%20naci%C3%B3n%20el%20mi%C3%A9rcoles%20desde%20la%20Oficina%20Oval%20en%20horario%20estelar\"><\/a><\/li>\n<\/ul>\n\n\n\n<p><a href=\"https:\/\/www.vozdeamerica.com\/a\/biden-se-despedira-de-la-nacion-miercoles-desde-la-oficina-oval-en-horario-estelar-\/7933076.html#comments\">&nbsp;Vea comentarios<\/a><\/p>\n\n\n\n<p>El presidente de EEUU, Joe Biden, se despedir\u00e1 de la naci\u00f3n el mi\u00e9rcoles con un mensaje desde la Casa Blanca.<\/p>\n\n\n\n<p>WASHINGTON \u2014&nbsp;<\/p>\n\n\n\n<p>El presidente estadounidense Joe Biden ofrecer\u00e1 un discurso de despedida a la naci\u00f3n el mi\u00e9rcoles desde la Oficina Oval, cinco d\u00edas antes de que el presidente electo Donald Trump tome posesi\u00f3n del cargo.<\/p>\n\n\n\n<p>Se prev\u00e9 que las palabras del mandatario a las 8 de la noche, hora del este, sean su \u00faltima oportunidad significativa de dirigirse a los estadounidenses y al mundo antes de dejar el puesto el 20 de enero al mediod\u00eda.<\/p>\n\n\n\n<p>Antes pronunciar\u00e1 un discurso el lunes en el Departamento de Estado, donde hablar\u00e1 de su legado de pol\u00edtica exterior.<\/p>\n\n\n\n<p>En declaraciones el viernes desde la Sala Roosevelt, Biden dijo que no cre\u00eda que el haberse retirado de la contienda presidencial durante el verano ayudara a que Trump ganara los comicios.<\/p>\n\n\n\n<p>Biden se hizo a un lado ante la enorme presi\u00f3n de los dem\u00f3cratas tras un desempe\u00f1o desastroso en un debate, y Kamala Harris se postul\u00f3 en su lugar con s\u00f3lo unos meses para desarrollar una campa\u00f1a que normalmente lleva a\u00f1os en prepararse.<\/p>\n\n\n\n<p><a href=\"https:\/\/www.vozdeamerica.com\/a\/biden-cuestiona-capacidad-para-servir-otros-cuatro-a%C3%B1nos-\/7929986.html\"><\/a><\/p>\n\n\n\n<p><a href=\"https:\/\/www.vozdeamerica.com\/a\/biden-cuestiona-capacidad-para-servir-otros-cuatro-a%C3%B1nos-\/7929986.html\">Tambi\u00e9n lea<\/a><\/p>\n\n\n\n<h4 class=\"wp-block-heading\"><a href=\"https:\/\/www.vozdeamerica.com\/a\/biden-cuestiona-capacidad-para-servir-otros-cuatro-a%C3%B1nos-\/7929986.html\">Biden cuestiona su capacidad para servir otros cuatro a\u00f1os d\u00edas antes de terminar su mandato<\/a><\/h4>\n\n\n\n<p>\u201cCreo que yo habr\u00eda vencido a Trump, y creo que Kamala podr\u00eda haberlo hecho&#8230; habr\u00eda vencido a Trump\u201d, declar\u00f3. \u201cPens\u00e9 que era importante unificar al partido. Aunque yo cre\u00eda que pod\u00eda ganar de nuevo, pens\u00e9 que era mejor unificar al partido.\u201d<\/p>\n\n\n\n<p>Biden indic\u00f3 que no quer\u00eda causar que un partido dividido perdiera unas elecciones, y a\u00f1adi\u00f3: \u201cPor eso me hice a un lado. Pero ten\u00eda confianza en que ella pod\u00eda ganar.\u201d<\/p>\n\n\n\n<p>La secretaria de prensa Karine Jean-Pierre inform\u00f3 a los periodistas el viernes anterior que Biden reflexionar\u00eda sobre sus \u201cm\u00e1s de 50 a\u00f1os como funcionario p\u00fablico\u201d en su discurso del lunes.<\/p>\n\n\n\n<p>\u201cTiene algunas reflexiones sobre el futuro, no s\u00f3lo del pa\u00eds, sino sobre c\u00f3mo este pa\u00eds avanza hacia adelante como l\u00edder, cuando se piensa en eventos globales, cuestiones globales importantes, y ciertamente eso es lo que expondr\u00e1\u201d, se\u00f1al\u00f3.<\/p>\n\n\n\n<p>#Biden <\/p>\n","protected":false},"excerpt":{"rendered":"<p>El presidente Joe Biden escucha un informe sobre la respuesta federal a los incendios forestales en el \u00e1rea de Los \u00c1ngeles, el viernes 10 de enero de 2025, en la Oficina Oval de la Casa Blanca, en Washington. enero 11, 2025 &nbsp;Vea comentarios El presidente de EEUU, Joe Biden, se despedir\u00e1 de la naci\u00f3n el [&hellip;]<\/p>\n","protected":false},"author":28,"featured_media":588356,"comment_status":"closed","ping_status":"closed","sticky":true,"template":"","format":"standard","meta":{"footnotes":""},"categories":[23,27],"tags":[],"class_list":["post-588355","post","type-post","status-publish","format-standard","has-post-thumbnail","hentry","category-internacional","category-portada"],"_links":{"self":[{"href":"https:\/\/diariodominicano.com\/index.php?rest_route=\/wp\/v2\/posts\/588355","targetHints":{"allow":["GET"]}}],"collection":[{"href":"https:\/\/diariodominicano.com\/index.php?rest_route=\/wp\/v2\/posts"}],"about":[{"href":"https:\/\/diariodominicano.com\/index.php?rest_route=\/wp\/v2\/types\/post"}],"author":[{"embeddable":true,"href":"https:\/\/diariodominicano.com\/index.php?rest_route=\/wp\/v2\/users\/28"}],"replies":[{"embeddable":true,"href":"https:\/\/diariodominicano.com\/index.php?rest_route=%2Fwp%2Fv2%2Fcomments&post=588355"}],"version-history":[{"count":3,"href":"https:\/\/diariodominicano.com\/index.php?rest_route=\/wp\/v2\/posts\/588355\/revisions"}],"predecessor-version":[{"id":588381,"href":"https:\/\/diariodominicano.com\/index.php?rest_route=\/wp\/v2\/posts\/588355\/revisions\/588381"}],"wp:featuredmedia":[{"embeddable":true,"href":"https:\/\/diariodominicano.com\/index.php?rest_route=\/wp\/v2\/media\/588356"}],"wp:attachment":[{"href":"https:\/\/diariodominicano.com\/index.php?rest_route=%2Fwp%2Fv2%2Fmedia&parent=588355"}],"wp:term":[{"taxonomy":"category","embeddable":true,"href":"https:\/\/diariodominicano.com\/index.php?rest_route=%2Fwp%2Fv2%2Fcategories&post=588355"},{"taxonomy":"post_tag","embeddable":true,"href":"https:\/\/diariodominicano.com\/index.php?rest_route=%2Fwp%2Fv2%2Ftags&post=588355"}],"curies":[{"name":"wp","href":"https:\/\/api.w.org\/{rel}","templated":true}]}}