{"id":588339,"date":"2025-01-11T11:42:19","date_gmt":"2025-01-11T15:42:19","guid":{"rendered":"https:\/\/diariodominicano.com\/?p=588339"},"modified":"2025-01-11T11:42:26","modified_gmt":"2025-01-11T15:42:26","slug":"tres-meses-de-prision-preventiva-contra-dos-policias-mataron-mujer-e-hirieron-a-dos-personas","status":"publish","type":"post","link":"https:\/\/diariodominicano.com\/?p=588339","title":{"rendered":"Tres meses de prisi\u00f3n preventiva contra dos polic\u00edas mataron mujer e hirieron a dos personas"},"content":{"rendered":"\n<p>diariodominicano.com<\/p>\n\n\n\n<p><strong>Santo Domingo Este, R. D.,<\/strong>\u2002<strong>11 de enero, 2025.-<\/strong>\u00a0\u2002Acogiendo la solicitud de la Fiscal\u00eda de Santo Domingo Este y Norte, la jueza Karen Casado, de la Unidad de Atenci\u00f3n Permanente de \u00e9sta jurisdicci\u00f3n, impuso tres meses como medidas de coerci\u00f3n contra un sargento y un raso de la Polic\u00eda Nacional, imputados por la muerte de una mujer y de herir a otras dos personas, en un hecho ocurrido en Los Guaricanos, Santo Domingo Norte.<\/p>\n\n\n\n<p>El Ministerio P\u00fablico imputa al sargento Carlos Daniel Mariano Flores y al raso Albert Luis Pineda, la muerte de Luisa Yanderis Acevedo, de 34 a\u00f1os de edad, as\u00ed como causarles heridas de perdigones de armas de fuego a Nathanael Vilorio Reyes y a un adolescente de 16 a\u00f1os de edad.<\/p>\n\n\n\n<p>Los hechos se produjeron el pasado 4 de enero, cuando los agentes policiales se presentaron al lugar y al observar a dos adolescentes con pistolas, que resultaron ser de juguetes, quienes jugaban, que hizo presumir a los agentes que se trataba de un intento de atraco denunciado de antemano por un vecino del lugar, por lo que realizaron varios disparos alcanzando uno de los proyectiles a la hoy occisa, a otras Vilorio Reyes y al adolescente de 16 a\u00f1os, quienes fueron trasladadas a un centro de m\u00e9dico cercano.<\/p>\n\n\n\n<p>Ambos agentes policiales deber\u00e1n cumplir los tres meses de prisi\u00f3n preventiva en el Campamento de Operaciones Especiales.<\/p>\n\n\n\n<p><strong>Direcci\u00f3n General de Comunicaci\u00f3n, Prensa, y RRPP<\/strong><strong><\/strong><\/p>\n\n\n\n<p>Ministerio P\u00fablico.&nbsp;R.D.<\/p>\n\n\n\n<p>S\u00e1bado, 11 de enero de 2025<\/p>\n","protected":false},"excerpt":{"rendered":"<p>diariodominicano.com Santo Domingo Este, R. D.,\u200211 de enero, 2025.-\u00a0\u2002Acogiendo la solicitud de la Fiscal\u00eda de Santo Domingo Este y Norte, la jueza Karen Casado, de la Unidad de Atenci\u00f3n Permanente de \u00e9sta jurisdicci\u00f3n, impuso tres meses como medidas de coerci\u00f3n contra un sargento y un raso de la Polic\u00eda Nacional, imputados por la muerte de [&hellip;]<\/p>\n","protected":false},"author":5,"featured_media":368341,"comment_status":"closed","ping_status":"closed","sticky":true,"template":"","format":"standard","meta":{"footnotes":""},"categories":[24,27],"tags":[],"class_list":["post-588339","post","type-post","status-publish","format-standard","has-post-thumbnail","hentry","category-justicia-y-derecho","category-portada"],"_links":{"self":[{"href":"https:\/\/diariodominicano.com\/index.php?rest_route=\/wp\/v2\/posts\/588339","targetHints":{"allow":["GET"]}}],"collection":[{"href":"https:\/\/diariodominicano.com\/index.php?rest_route=\/wp\/v2\/posts"}],"about":[{"href":"https:\/\/diariodominicano.com\/index.php?rest_route=\/wp\/v2\/types\/post"}],"author":[{"embeddable":true,"href":"https:\/\/diariodominicano.com\/index.php?rest_route=\/wp\/v2\/users\/5"}],"replies":[{"embeddable":true,"href":"https:\/\/diariodominicano.com\/index.php?rest_route=%2Fwp%2Fv2%2Fcomments&post=588339"}],"version-history":[{"count":1,"href":"https:\/\/diariodominicano.com\/index.php?rest_route=\/wp\/v2\/posts\/588339\/revisions"}],"predecessor-version":[{"id":588340,"href":"https:\/\/diariodominicano.com\/index.php?rest_route=\/wp\/v2\/posts\/588339\/revisions\/588340"}],"wp:featuredmedia":[{"embeddable":true,"href":"https:\/\/diariodominicano.com\/index.php?rest_route=\/wp\/v2\/media\/368341"}],"wp:attachment":[{"href":"https:\/\/diariodominicano.com\/index.php?rest_route=%2Fwp%2Fv2%2Fmedia&parent=588339"}],"wp:term":[{"taxonomy":"category","embeddable":true,"href":"https:\/\/diariodominicano.com\/index.php?rest_route=%2Fwp%2Fv2%2Fcategories&post=588339"},{"taxonomy":"post_tag","embeddable":true,"href":"https:\/\/diariodominicano.com\/index.php?rest_route=%2Fwp%2Fv2%2Ftags&post=588339"}],"curies":[{"name":"wp","href":"https:\/\/api.w.org\/{rel}","templated":true}]}}