{"id":588315,"date":"2025-01-11T02:18:20","date_gmt":"2025-01-11T06:18:20","guid":{"rendered":"https:\/\/diariodominicano.com\/?p=588315"},"modified":"2025-01-11T02:18:31","modified_gmt":"2025-01-11T06:18:31","slug":"pueblo-venezolano-celebra-con-nicolas-maduro-investidura-presidencial-fotos","status":"publish","type":"post","link":"https:\/\/diariodominicano.com\/?p=588315","title":{"rendered":"Pueblo venezolano celebra con Nicol\u00e1s Maduro investidura presidencial (+Fotos)"},"content":{"rendered":"\n<p>Caracas, 10 ene (Prensa Latina) Nicol\u00e1s Maduro celebr\u00f3 hoy junto a miles de hombres y mujeres del pueblo, su investidura ante la Asamblea Nacional como presidente constitucional de la Rep\u00fablica de Venezuela para el periodo 2025-2031.<\/p>\n\n\n\n<ul class=\"wp-block-list\">\n<li><a href=\"https:\/\/www.prensa-latina.cu\/2025\/01\/10\/\"><time>enero 10, 2025 | 16:52<\/time><\/a><\/li>\n<\/ul>\n\n\n\n<ul class=\"wp-block-list\">\n<li><a href=\"https:\/\/www.prensa-latina.cu\/2025\/01\/10\/pueblo-venezolano-celebra-con-nicolas-maduro-investidura-presidencial\/#\"><\/a><\/li>\n\n\n\n<li><a href=\"https:\/\/www.prensa-latina.cu\/2025\/01\/10\/pueblo-venezolano-celebra-con-nicolas-maduro-investidura-presidencial\/#\"><\/a><\/li>\n\n\n\n<li><a href=\"https:\/\/www.prensa-latina.cu\/2025\/01\/10\/pueblo-venezolano-celebra-con-nicolas-maduro-investidura-presidencial\/#\"><\/a><\/li>\n\n\n\n<li><a href=\"https:\/\/www.prensa-latina.cu\/2025\/01\/10\/pueblo-venezolano-celebra-con-nicolas-maduro-investidura-presidencial\/#\"><\/a><\/li>\n<\/ul>\n\n\n<div class=\"wp-block-image\">\n<figure class=\"aligncenter\"><img decoding=\"async\" src=\"https:\/\/www.prensa-latina.cu\/wp-content\/uploads\/2025\/01\/maduro-pueblo.jpg\" alt=\"\" class=\"wp-image-1478539\"\/><\/figure>\n<\/div>\n\n\n<p>En celebraci\u00f3n en el Palacio de Miraflores, sede del Gobierno, el mandatario rememor\u00f3 las traiciones sufridas por \u201cpor los pu\u00f1ales fr\u00edos de la traici\u00f3n y de la intriga\u201d desde la \u00e9poca colonial y afirm\u00f3 que estas acabaron con el proyecto de Sim\u00f3n Bol\u00edvar.<\/p>\n\n\n\n<p>Record\u00f3 que mataron al general (Antonio Jos\u00e9 de) Sucre y luego le toc\u00f3 al General del Pueblo Soberano, Ezequiel Zamora, que condujo a postergar el proyecto original por la traici\u00f3n.<\/p>\n\n\n\n<p>El reelecto jefe de Estado expres\u00f3 que 200 a\u00f1os despu\u00e9s lleg\u00f3 el comandante Hugo Ch\u00e1vez y \u201cnos ense\u00f1o el valor de la lealtad absoluta, de la valent\u00eda, del patriotismo, de la decisi\u00f3n de luchar por lo nuestro\u201d.<\/p>\n\n\n\n<p>Evoc\u00f3 que en este mismo lugar hace 12 a\u00f1os, un d\u00eda como hoy, juraron lealtad absoluta a \u201cnuestra historia, al pueblo y a Ch\u00e1vez\u201d.<\/p>\n\n\n\n<p>Maduro apunt\u00f3 que a 165 a\u00f1os de la traici\u00f3n y asesinato a Ezequiel Zamora, derrotaron el estigma de la traici\u00f3n, no ha habido ni habr\u00e1 traici\u00f3n al pueblo, \u201chemos derrotado el maleficio de la traici\u00f3n\u201d, recalc\u00f3.<\/p>\n\n\n\n<p>Despu\u00e9s de su juramentaci\u00f3n este viernes, el mandatario asisti\u00f3 a un acto solemne en el Patio de Honor de la Academia Militar, donde la Fuerza Armada Nacional Bolivariana, los cuerpos policiales y las fuerzas populares organizadas en el Bloque Hist\u00f3rico Patri\u00f3tico, juraron lealtad al Presidente.<\/p>\n\n\n\n<p>El general en jefe y ministro para la Defensa Vladimir Padrino ratific\u00f3 el compromiso de fidelidad a los ideales del Libertador Sim\u00f3n Bol\u00edvar y retomados por el Comandante Supremo de la Revoluci\u00f3n Bolivariana Hugo Ch\u00e1vez.<\/p>\n\n\n\n<p>Reiter\u00f3 asimismo el car\u00e1cter popular, anticolonialista, antiolig\u00e1rquico y antiimperialista de la Fuerza Armada Nacional, as\u00ed como defender \u201cen perfecta fusi\u00f3n popular militar policial a la naci\u00f3n contra cualquier amenaza interna o externa\u201d.<\/p>\n\n\n\n<p>Al intervenir en la celebraci\u00f3n con el pueblo en la sede de Gobierno, el presidente de Nicaragua, Daniel Ortega, coment\u00f3 sobre las apetencias imperialistas en el siglo pasado y afirm\u00f3 \u201cel enemigo es el mismo\u201d.<\/p>\n\n\n\n<p>\u201cAqu\u00ed esta Ch\u00e1vez, Bol\u00edvar y los h\u00e9roes venezolanos\u201d, expres\u00f3 el comandante nicarag\u00fcense.<\/p>\n\n\n\n<p>Elogi\u00f3 asimismo la presencia de los j\u00f3venes reunidos all\u00ed y asegur\u00f3 que en ellos \u201cpor su compromiso, conciencia, dedicaci\u00f3n a la superaci\u00f3n, estudio, luchas sociales, la soberan\u00eda e independencia, est\u00e1 la fuerza y la magia, y por eso las revoluciones\u201d han sido encabezadas por la juventud.<\/p>\n\n\n\n<p>Maduro fue acompa\u00f1ado hoy en Caracas y en m\u00e1s de 200 ciudades y poblados del pa\u00eds durante su juramentaci\u00f3n por cientos de miles de venezolanos, que a\u00fan contin\u00faan en las calles celebrando su investidura con m\u00fasica y bailes, y est\u00e1 previsto para el cierre un gran concierto en la capital con artistas nacionales y extranjeros.<\/p>\n\n\n\n<p>arc\/jcd<\/p>\n\n\n\n<ul class=\"wp-block-list\">\n<li>#<a href=\"https:\/\/www.prensa-latina.cu\/etiqueta\/investidura\/\">investidura<\/a>\u00a0#<a href=\"https:\/\/www.prensa-latina.cu\/etiqueta\/parlamento\/\">parlamento<\/a>\u00a0#<a href=\"https:\/\/www.prensa-latina.cu\/etiqueta\/venezuela\/\">Venezuela<\/a><\/li>\n<\/ul>\n","protected":false},"excerpt":{"rendered":"<p>Caracas, 10 ene (Prensa Latina) Nicol\u00e1s Maduro celebr\u00f3 hoy junto a miles de hombres y mujeres del pueblo, su investidura ante la Asamblea Nacional como presidente constitucional de la Rep\u00fablica de Venezuela para el periodo 2025-2031. En celebraci\u00f3n en el Palacio de Miraflores, sede del Gobierno, el mandatario rememor\u00f3 las traiciones sufridas por \u201cpor los [&hellip;]<\/p>\n","protected":false},"author":2,"featured_media":588316,"comment_status":"closed","ping_status":"closed","sticky":false,"template":"","format":"standard","meta":{"footnotes":""},"categories":[26,23,22,27],"tags":[],"class_list":["post-588315","post","type-post","status-publish","format-standard","has-post-thumbnail","hentry","category-efemerides","category-internacional","category-politica","category-portada"],"_links":{"self":[{"href":"https:\/\/diariodominicano.com\/index.php?rest_route=\/wp\/v2\/posts\/588315","targetHints":{"allow":["GET"]}}],"collection":[{"href":"https:\/\/diariodominicano.com\/index.php?rest_route=\/wp\/v2\/posts"}],"about":[{"href":"https:\/\/diariodominicano.com\/index.php?rest_route=\/wp\/v2\/types\/post"}],"author":[{"embeddable":true,"href":"https:\/\/diariodominicano.com\/index.php?rest_route=\/wp\/v2\/users\/2"}],"replies":[{"embeddable":true,"href":"https:\/\/diariodominicano.com\/index.php?rest_route=%2Fwp%2Fv2%2Fcomments&post=588315"}],"version-history":[{"count":1,"href":"https:\/\/diariodominicano.com\/index.php?rest_route=\/wp\/v2\/posts\/588315\/revisions"}],"predecessor-version":[{"id":588317,"href":"https:\/\/diariodominicano.com\/index.php?rest_route=\/wp\/v2\/posts\/588315\/revisions\/588317"}],"wp:featuredmedia":[{"embeddable":true,"href":"https:\/\/diariodominicano.com\/index.php?rest_route=\/wp\/v2\/media\/588316"}],"wp:attachment":[{"href":"https:\/\/diariodominicano.com\/index.php?rest_route=%2Fwp%2Fv2%2Fmedia&parent=588315"}],"wp:term":[{"taxonomy":"category","embeddable":true,"href":"https:\/\/diariodominicano.com\/index.php?rest_route=%2Fwp%2Fv2%2Fcategories&post=588315"},{"taxonomy":"post_tag","embeddable":true,"href":"https:\/\/diariodominicano.com\/index.php?rest_route=%2Fwp%2Fv2%2Ftags&post=588315"}],"curies":[{"name":"wp","href":"https:\/\/api.w.org\/{rel}","templated":true}]}}