{"id":588278,"date":"2025-01-11T01:41:31","date_gmt":"2025-01-11T05:41:31","guid":{"rendered":"https:\/\/diariodominicano.com\/?p=588278"},"modified":"2025-01-11T01:41:42","modified_gmt":"2025-01-11T05:41:42","slug":"machado-denuncia-golpe-de-estado-y-pide-a-gonzalez-no-viajar-a-venezuela-hasta-que-llegue-su-momento","status":"publish","type":"post","link":"https:\/\/diariodominicano.com\/?p=588278","title":{"rendered":"Machado denuncia \u201cgolpe de Estado\u201d y pide a Gonz\u00e1lez no viajar a Venezuela hasta que llegue su momento"},"content":{"rendered":"\n<p>La l\u00edder opositora, Mar\u00eda Corina Machado, durante una protesta el 9 de enero de 2025.<\/p>\n\n\n\n<p>enero 10, 2025<\/p>\n\n\n\n<ul class=\"wp-block-list\">\n<li><a href=\"https:\/\/www.vozdeamerica.com\/author\/voz-de-america-redaccion\/p_kym\">Voz de Am\u00e9rica &#8211; Redacci\u00f3n<\/a><\/li>\n<\/ul>\n\n\n\n<ul class=\"wp-block-list\">\n<li><a href=\"https:\/\/facebook.com\/sharer.php?u=https%3a%2f%2fwww.vozdeamerica.com%2fa%2fmachado-denuncia-golpe-de-estado-y-pide-a-gonzalez-no-viajar-a-venezuela-hasta-que-llegue-el-momento-correcto-%2f7932652.html\" target=\"_blank\" rel=\"noreferrer noopener\"><\/a><\/li>\n\n\n\n<li><a href=\"https:\/\/twitter.com\/share?url=https%3a%2f%2fwww.vozdeamerica.com%2fa%2fmachado-denuncia-golpe-de-estado-y-pide-a-gonzalez-no-viajar-a-venezuela-hasta-que-llegue-el-momento-correcto-%2f7932652.html&amp;text=Machado+denuncia+%e2%80%9cgolpe+de+Estado%e2%80%9d+y+pide+a+Gonz%c3%a1lez+no+viajar+a+Venezuela+hasta+que+llegue+su+momento\" target=\"_blank\" rel=\"noreferrer noopener\"><\/a><\/li>\n\n\n\n<li><\/li>\n\n\n\n<li><a href=\"mailto:?body=https%3a%2f%2fwww.vozdeamerica.com%2fa%2fmachado-denuncia-golpe-de-estado-y-pide-a-gonzalez-no-viajar-a-venezuela-hasta-que-llegue-el-momento-correcto-%2f7932652.html&amp;subject=Machado%20denuncia%20%E2%80%9Cgolpe%20de%20Estado%E2%80%9D%20y%20pide%20a%20Gonz%C3%A1lez%20no%20viajar%20a%20Venezuela%20hasta%20que%20llegue%20su%20momento\"><\/a><\/li>\n<\/ul>\n\n\n\n<p><a href=\"https:\/\/www.vozdeamerica.com\/a\/machado-denuncia-golpe-de-estado-y-pide-a-gonzalez-no-viajar-a-venezuela-hasta-que-llegue-el-momento-correcto-\/7932652.html#comments\">&nbsp;Vea comentarios<\/a><\/p>\n\n\n\n<p>La l\u00edder opositora venezolana, Mar\u00eda Corina Machado, asegur\u00f3 que Nicol\u00e1s Maduro consum\u00f3 un \u201cgolpe de Estado\u201d y pidi\u00f3 a Edmundo Gonz\u00e1lez no regresar a Venezuela para garantizar su integridad f\u00edsica, que es fundamental para que asuma la presidencia, dijo. Tambi\u00e9n dio detalles sobre su detenci\u00f3n.<\/p>\n\n\n\n<p>La l\u00edder opositora venezolana, Mar\u00eda Corina Machado, afirm\u00f3 que el gobernante Nicol\u00e1s Maduro consum\u00f3 un \u201cgolpe de Estado\u201d al ser&nbsp;<em><strong><a href=\"https:\/\/www.vozdeamerica.com\/a\/nicolas-maduro-jura-como-gobernante-de-venezuela-por-un-periodo-de-6-a%C3%B1os-mas\/7932193.html\" target=\"_blank\" rel=\"noreferrer noopener\">juramentado para un tercer per\u00edodo<\/a><\/strong><\/em>&nbsp;en medio de denuncias de fraude, y dijo que le pidi\u00f3 a Edmundo Gonz\u00e1lez no regresar al pa\u00eds para asumir la presidencia hasta que las condiciones sean las adecuadas.<\/p>\n\n\n\n<p>Tambi\u00e9n dio detalles sobre&nbsp;<strong><em><a href=\"https:\/\/www.vozdeamerica.com\/a\/la-lider-opositora-mar%C3%ADa-corina-machado-es-detenida-en-caracas\/7931307.html\" target=\"_blank\" rel=\"noreferrer noopener\">su detenci\u00f3n y posterior liberaci\u00f3n<\/a><\/em><\/strong>&nbsp;en la v\u00edspera, que provoc\u00f3 una serie de condenas a nivel internacional y que el gobierno de Maduro calific\u00f3 de \u00abshow\u00bb.<\/p>\n\n\n\n<p>\u201cEn su paranoia delirante el r\u00e9gimen no s\u00f3lo ha cerrado el espacio a\u00e9reo de Venezuela, sino que ha activado todo el sistema de defensa a\u00e9rea. Hemos por lo tanto evaluado todo esto y decidimos que no es conveniente que el d\u00eda de hoy Edmundo regrese a Venezuela. Le he pedido que no lo haga, porque su integridad es fundamental para la derrota final del r\u00e9gimen y la transici\u00f3n a la democracia que est\u00e1 muy cerca\u201d, dijo en un video.<\/p>\n\n\n\n<p>\u201cEdmundo vendr\u00e1 a Venezuela a juramentarse como presidente electo de Venezuela en el momento correcto, cuando las condiciones sean las adecuadas\u201d, agreg\u00f3 en un mensaje grabado que dur\u00f3 poco m\u00e1s de ocho minutos y que fue difundido en sus redes sociales.<\/p>\n\n\n\n<p>Machado dijo tambi\u00e9n que Maduro \u00abpisote\u00f3 la Constituci\u00f3n venezolana flanqueado por los dictadores de Cuba y Nicaragua, esto lo dice todo. Maduro hoy no se puso la banda en el pecho, se la puso en el tobillo, como un grillete, que cada d\u00eda le apretar\u00e1 m\u00e1s (\u2026) esto se acab\u00f3\u201d<\/p>\n\n\n\n<h3 class=\"wp-block-heading\">Sobre su detenci\u00f3n<\/h3>\n\n\n\n<p>Machado narr\u00f3 en el video que el jueves, tras salir de la concentraci\u00f3n opositora a la que convoc\u00f3 en Caracas, fue interceptada por funcionarios policiales que dispararon, la capturaron y que, luego, \u201crepentinamente\u201d le informaron que ten\u00edan la orden de dejarla ir.<\/p>\n\n\n\n<figure class=\"wp-block-image\"><img decoding=\"async\" src=\"https:\/\/gdb.voanews.com\/3bd88721-a1a0-4244-b277-416e947c6a62_w650_r1_s.png\" alt=\"Captura de pantalla del mensaje en video que brind\u00f3 la l\u00edder de la oposici\u00f3n venezolana, Mar\u00eda Corina Machado, el viernes 10 de enero.\"\/><figcaption class=\"wp-element-caption\">Captura de pantalla del mensaje en video que brind\u00f3 la l\u00edder de la oposici\u00f3n venezolana, Mar\u00eda Corina Machado, el viernes 10 de enero a trav\u00e9s de sus redes sociales.<\/figcaption><\/figure>\n\n\n\n<p>\u201cPara poder hacerlo me pidieron que grabara un video con una fe de vida. Me tom\u00f3 varias horas poder alejarme de la zona y resguardarme nuevamente\u201d, dijo.<\/p>\n\n\n\n<p>A pesar de todo, asegur\u00f3 que se encuentra bien, aunque con \u201cfuertes dolores y contusiones\u201d en partes del cuerpo. A su juicio, lo ocurrido demuestra \u201cprofundas contradicciones\u201d en el gobierno y divisiones internas.<\/p>\n\n\n\n<p>Machado, de 57 a\u00f1os, que hab\u00eda estado en la clandestinidad desde agosto, relat\u00f3 que luego se enter\u00f3 que uno de los conductores de las motos que la acompa\u00f1aban hab\u00eda sido herido de bala y arrestado.<\/p>\n\n\n\n<p>En medio de momentos de confusi\u00f3n el jueves, miembros de su equipo informaron que Machado hab\u00eda sido \u201cretenida por la fuerza\u201d y posteriormente liberada. Luego, en sus redes sociales, anunci\u00f3 que este viernes ofrecer\u00eda su versi\u00f3n de los hechos.<\/p>\n\n\n\n<figure class=\"wp-block-image\"><img decoding=\"async\" src=\"https:\/\/gdb.voanews.com\/9a72689d-99bf-4e5b-b49e-06268fd4c168_tv_w650_r1.jpg\" alt=\"Machado habla sobre juramentaci\u00f3n de Maduro, de su detenci\u00f3n y pide a Gonz\u00e1lez no viajar a\u00fan a Venezuela\" title=\"Machado habla sobre juramentaci\u00f3n de Maduro, de su detenci\u00f3n y pide a Gonz\u00e1lez no viajar a\u00fan a Venezuela\"\/><\/figure>\n\n\n\n<p><video poster=\"https:\/\/gdb.voanews.com\/9a72689d-99bf-4e5b-b49e-06268fd4c168_tv_w650_r1.jpg\" src=\"blob:https:\/\/www.vozdeamerica.com\/b8d7b985-3a73-44e9-a943-381881d2947e\" height=\"381\" width=\"676\"><\/video><\/p>\n\n\n\n<p>&nbsp;Insertar&nbsp;share<\/p>\n\n\n\n<h5 class=\"wp-block-heading\"><a href=\"https:\/\/www.vozdeamerica.com\/a\/machado-denuncia-golpe-de-estado-y-pide-a-gonzalez-no-viajar-a-venezuela-hasta-que-llegue-el-momento-correcto-\/7932731.html\" target=\"_blank\" rel=\"noreferrer noopener\">Machado habla sobre juramentaci\u00f3n de Maduro, de su detenci\u00f3n y pide a Gonz\u00e1lez no viajar a\u00fan a Venezuela<\/a><\/h5>\n\n\n\n<p>&nbsp;Insertar&nbsp;share<\/p>\n\n\n\n<p>El c\u00f3digo se ha copiado en su portapapeles.<\/p>\n\n\n\n<hr class=\"wp-block-separator has-alpha-channel-opacity\"\/>\n\n\n\n<p>Ancho&nbsp;&nbsp;pxAltura&nbsp;&nbsp;px<\/p>\n\n\n\n<ul class=\"wp-block-list\">\n<li><a href=\"https:\/\/facebook.com\/sharer.php?u=https%3a%2f%2fwww.vozdeamerica.com%2fa%2f7932731.html\" target=\"_blank\" rel=\"noreferrer noopener\">Comparta en Facebook<\/a><\/li>\n\n\n\n<li><a href=\"https:\/\/twitter.com\/share?url=https%3a%2f%2fwww.vozdeamerica.com%2fa%2f7932731.html&amp;text=Machado+habla+sobre+juramentaci%c3%b3n+de+Maduro%2c+de+su+detenci%c3%b3n+y+pide+a+Gonz%c3%a1lez+no+viajar+a%c3%ban+a+Venezuela\" target=\"_blank\" rel=\"noreferrer noopener\">Comparta en Twitter<\/a><\/li>\n<\/ul>\n\n\n\n<hr class=\"wp-block-separator has-alpha-channel-opacity\"\/>\n\n\n\n<p>The URL has been copied to your clipboard<\/p>\n\n\n\n<ul class=\"wp-block-list\">\n<li>Auto<\/li>\n\n\n\n<li>240p<\/li>\n\n\n\n<li>360p<\/li>\n\n\n\n<li>480p<\/li>\n\n\n\n<li>720p<\/li>\n\n\n\n<li>1080p<\/li>\n<\/ul>\n\n\n\n<p>No media source currently available<\/p>\n\n\n\n<p>0:008:250:00<\/p>\n\n\n\n<ul class=\"wp-block-list\">\n<li><\/li>\n\n\n\n<li><\/li>\n\n\n\n<li><\/li>\n\n\n\n<li><\/li>\n\n\n\n<li><\/li>\n\n\n\n<li><\/li>\n<\/ul>\n\n\n\n<p><a href=\"https:\/\/www.vozdeamerica.com\/embed\/player\/Article\/7932731.html?type=video&amp;FullScreenMode=True\" target=\"_blank\" rel=\"noreferrer noopener\"><\/a><\/p>\n\n\n\n<p>&nbsp;Descargar&nbsp;<\/p>\n\n\n\n<p>Tanto Maduro como Gonz\u00e1lez Urrutia, reconocido como presidente electo por varios gobiernos, se adjudican la victoria en las elecciones presidenciales del 28 de julio.<\/p>\n\n\n\n<p>A pesar de la insistencia de parte de la comunidad internacional que pidi\u00f3 resultados transparentes y verificables, el organismo electoral no divulg\u00f3 datos desglosados, pero la oposici\u00f3n public\u00f3 actas que conservaron sus testigos de mesa.<\/p>\n\n\n\n<p>Gonz\u00e1lez Urrutia, de 75 a\u00f1os, en el exilio desde septiembre, llev\u00f3 a cabo una gira que lo llev\u00f3 a Argentina, Uruguay, Estados Unidos, Panam\u00e1 y Rep\u00fablica Dominicana, con el objetivo de buscar apoyos pol\u00edticos y hab\u00eda manifestado tener intenciones de volver esta semana al pa\u00eds para asumir el cargo.<\/p>\n\n\n\n<p>Las autoridades venezolanas han amenazarlo con arrestarlo si reingresa a Venezuela.<\/p>\n","protected":false},"excerpt":{"rendered":"<p>La l\u00edder opositora, Mar\u00eda Corina Machado, durante una protesta el 9 de enero de 2025. enero 10, 2025 &nbsp;Vea comentarios La l\u00edder opositora venezolana, Mar\u00eda Corina Machado, asegur\u00f3 que Nicol\u00e1s Maduro consum\u00f3 un \u201cgolpe de Estado\u201d y pidi\u00f3 a Edmundo Gonz\u00e1lez no regresar a Venezuela para garantizar su integridad f\u00edsica, que es fundamental para que [&hellip;]<\/p>\n","protected":false},"author":2,"featured_media":588279,"comment_status":"closed","ping_status":"closed","sticky":false,"template":"","format":"standard","meta":{"footnotes":""},"categories":[23,22,27],"tags":[],"class_list":["post-588278","post","type-post","status-publish","format-standard","has-post-thumbnail","hentry","category-internacional","category-politica","category-portada"],"_links":{"self":[{"href":"https:\/\/diariodominicano.com\/index.php?rest_route=\/wp\/v2\/posts\/588278","targetHints":{"allow":["GET"]}}],"collection":[{"href":"https:\/\/diariodominicano.com\/index.php?rest_route=\/wp\/v2\/posts"}],"about":[{"href":"https:\/\/diariodominicano.com\/index.php?rest_route=\/wp\/v2\/types\/post"}],"author":[{"embeddable":true,"href":"https:\/\/diariodominicano.com\/index.php?rest_route=\/wp\/v2\/users\/2"}],"replies":[{"embeddable":true,"href":"https:\/\/diariodominicano.com\/index.php?rest_route=%2Fwp%2Fv2%2Fcomments&post=588278"}],"version-history":[{"count":1,"href":"https:\/\/diariodominicano.com\/index.php?rest_route=\/wp\/v2\/posts\/588278\/revisions"}],"predecessor-version":[{"id":588280,"href":"https:\/\/diariodominicano.com\/index.php?rest_route=\/wp\/v2\/posts\/588278\/revisions\/588280"}],"wp:featuredmedia":[{"embeddable":true,"href":"https:\/\/diariodominicano.com\/index.php?rest_route=\/wp\/v2\/media\/588279"}],"wp:attachment":[{"href":"https:\/\/diariodominicano.com\/index.php?rest_route=%2Fwp%2Fv2%2Fmedia&parent=588278"}],"wp:term":[{"taxonomy":"category","embeddable":true,"href":"https:\/\/diariodominicano.com\/index.php?rest_route=%2Fwp%2Fv2%2Fcategories&post=588278"},{"taxonomy":"post_tag","embeddable":true,"href":"https:\/\/diariodominicano.com\/index.php?rest_route=%2Fwp%2Fv2%2Ftags&post=588278"}],"curies":[{"name":"wp","href":"https:\/\/api.w.org\/{rel}","templated":true}]}}