{"id":588221,"date":"2025-01-10T14:52:09","date_gmt":"2025-01-10T18:52:09","guid":{"rendered":"https:\/\/diariodominicano.com\/?p=588221"},"modified":"2025-01-10T14:52:12","modified_gmt":"2025-01-10T18:52:12","slug":"honran-en-mexico-a-lider-estudiantil-cubano-a-96-anos-de-su-muerte","status":"publish","type":"post","link":"https:\/\/diariodominicano.com\/?p=588221","title":{"rendered":"Honran en M\u00e9xico a l\u00edder estudiantil cubano a 96 a\u00f1os de su muerte"},"content":{"rendered":"\n<p>Ciudad de M\u00e9xico, 10 ene (Prensa Latina) Miembros de la Embajada de Cuba en M\u00e9xico, residentes de la isla aqu\u00ed y representantes del Partido Comunista de esta naci\u00f3n norteamericana ratificaron hoy su compromiso de honrar los valores y ejemplo de Julio Antonio Mella.<\/p>\n\n\n\n<ul class=\"wp-block-list\">\n<li><a href=\"https:\/\/www.prensa-latina.cu\/2025\/01\/10\/\"><time>enero 10, 2025 | 13:06<\/time><\/a><\/li>\n<\/ul>\n\n\n\n<ul class=\"wp-block-list\">\n<li><a href=\"https:\/\/www.prensa-latina.cu\/2025\/01\/10\/honran-en-mexico-a-lider-estudiantil-cubano-a-96-anos-de-su-muerte\/#\"><\/a><\/li>\n\n\n\n<li><a href=\"https:\/\/www.prensa-latina.cu\/2025\/01\/10\/honran-en-mexico-a-lider-estudiantil-cubano-a-96-anos-de-su-muerte\/#\"><\/a><\/li>\n\n\n\n<li><a href=\"https:\/\/www.prensa-latina.cu\/2025\/01\/10\/honran-en-mexico-a-lider-estudiantil-cubano-a-96-anos-de-su-muerte\/#\"><\/a><\/li>\n\n\n\n<li><a href=\"https:\/\/www.prensa-latina.cu\/2025\/01\/10\/honran-en-mexico-a-lider-estudiantil-cubano-a-96-anos-de-su-muerte\/#\"><\/a><\/li>\n<\/ul>\n\n\n\n<p>En el preciso lugar donde fuera asesinado hace 96 a\u00f1os por orden del dictador Gerardo Machado, los asistentes al acto depositaron este viernes ofrendas florales en homenaje a Mella, dirigente estudiantil de la mayor de las Antillas.<\/p>\n\n\n\n<p>\u201cFue un hombre de profundo pensamiento y de un vasto accionar, que se correspondi\u00f3 con el certero an\u00e1lisis que hizo del \u00e1mbito nacional e internacional que le toc\u00f3 vivir\u201d, expres\u00f3 el embajador de Cuba en esta capital, Marcos Rodr\u00edguez.<\/p>\n\n\n\n<p>A pesar de su corta edad, sostuvo, \u201cprotagoniz\u00f3 hechos de nuestra historia nacional que contribuyeron significativamente a la construcci\u00f3n de la unidad, de la que fue preclaro defensor, como elemento indispensable para la lucha contra el imperialismo\u201d.<\/p>\n\n\n\n<p>Mencion\u00f3 ejemplos como la creaci\u00f3n de la Federaci\u00f3n Estudiantil Universitaria, cuando apenas contaba con 19 a\u00f1os, que contribuy\u00f3 a aglutinar al estudiantado revolucionario de Cuba en la lucha y defensa de sus derechos.<\/p>\n\n\n\n<p>Tambi\u00e9n la fundaci\u00f3n de la Universidad Popular Jos\u00e9 Mart\u00ed en noviembre de 1923, un extraordinario paso en la necesaria unidad entre los estudiantes y la naciente clase obrera, y del Primer Partido Comunista de Cuba en agosto de 1925.<\/p>\n\n\n\n<p>Este \u00faltimo \u201cconsolid\u00f3 la organizaci\u00f3n de lo m\u00e1s avanzado del pensamiento marxista de la \u00e9poca en la Cuba de la d\u00e9cada del \u201820 del siglo pasado, y que fue la simiente de la fuerza rectora de la sociedad socialista que hoy se construye en nuestro pa\u00eds\u201d, explic\u00f3.<\/p>\n\n\n\n<p>Calific\u00f3 de invaluable el aporte de Mella a la continuidad de la Revoluci\u00f3n cubana y sostuvo que con argumentos irrebatibles desenmascar\u00f3 al imperialismo norteamericano y caracteriz\u00f3 el sistema neocolonial con el que somet\u00eda a la isla.<\/p>\n\n\n\n<p>Puso \u201cal descubierto las atrocidades de la dictadura de Gerardo Machado, quien pag\u00f3 a los sicarios que de forma vil y cobarde mutilaron la vida del joven l\u00edder cubano en este lugar donde hoy nos reunimos\u201d, afirm\u00f3 el diplom\u00e1tico.<\/p>\n\n\n\n<p>A su juicio, \u201cla corta pero fecunda vida de Julio Antonio Mella lo hace acreedor de ser un s\u00edmbolo y paradigma para las juventudes revolucionarias de Cuba y del mundo\u201d.<\/p>\n\n\n\n<p>lam\/las<\/p>\n\n\n\n<ul class=\"wp-block-list\">\n<li>#<a href=\"https:\/\/www.prensa-latina.cu\/etiqueta\/cuba\/\">cuba<\/a>\u00a0#<a href=\"https:\/\/www.prensa-latina.cu\/etiqueta\/mella\/\">mella<\/a>\u00a0#<a href=\"https:\/\/www.prensa-latina.cu\/etiqueta\/mexico\/\">M\u00e9xico<\/a><\/li>\n<\/ul>\n","protected":false},"excerpt":{"rendered":"<p>Ciudad de M\u00e9xico, 10 ene (Prensa Latina) Miembros de la Embajada de Cuba en M\u00e9xico, residentes de la isla aqu\u00ed y representantes del Partido Comunista de esta naci\u00f3n norteamericana ratificaron hoy su compromiso de honrar los valores y ejemplo de Julio Antonio Mella. En el preciso lugar donde fuera asesinado hace 96 a\u00f1os por orden [&hellip;]<\/p>\n","protected":false},"author":2,"featured_media":588222,"comment_status":"closed","ping_status":"closed","sticky":false,"template":"","format":"standard","meta":{"footnotes":""},"categories":[21,26],"tags":[],"class_list":["post-588221","post","type-post","status-publish","format-standard","has-post-thumbnail","hentry","category-cultura","category-efemerides"],"_links":{"self":[{"href":"https:\/\/diariodominicano.com\/index.php?rest_route=\/wp\/v2\/posts\/588221","targetHints":{"allow":["GET"]}}],"collection":[{"href":"https:\/\/diariodominicano.com\/index.php?rest_route=\/wp\/v2\/posts"}],"about":[{"href":"https:\/\/diariodominicano.com\/index.php?rest_route=\/wp\/v2\/types\/post"}],"author":[{"embeddable":true,"href":"https:\/\/diariodominicano.com\/index.php?rest_route=\/wp\/v2\/users\/2"}],"replies":[{"embeddable":true,"href":"https:\/\/diariodominicano.com\/index.php?rest_route=%2Fwp%2Fv2%2Fcomments&post=588221"}],"version-history":[{"count":1,"href":"https:\/\/diariodominicano.com\/index.php?rest_route=\/wp\/v2\/posts\/588221\/revisions"}],"predecessor-version":[{"id":588223,"href":"https:\/\/diariodominicano.com\/index.php?rest_route=\/wp\/v2\/posts\/588221\/revisions\/588223"}],"wp:featuredmedia":[{"embeddable":true,"href":"https:\/\/diariodominicano.com\/index.php?rest_route=\/wp\/v2\/media\/588222"}],"wp:attachment":[{"href":"https:\/\/diariodominicano.com\/index.php?rest_route=%2Fwp%2Fv2%2Fmedia&parent=588221"}],"wp:term":[{"taxonomy":"category","embeddable":true,"href":"https:\/\/diariodominicano.com\/index.php?rest_route=%2Fwp%2Fv2%2Fcategories&post=588221"},{"taxonomy":"post_tag","embeddable":true,"href":"https:\/\/diariodominicano.com\/index.php?rest_route=%2Fwp%2Fv2%2Ftags&post=588221"}],"curies":[{"name":"wp","href":"https:\/\/api.w.org\/{rel}","templated":true}]}}