{"id":588216,"date":"2025-01-10T14:48:25","date_gmt":"2025-01-10T18:48:25","guid":{"rendered":"https:\/\/diariodominicano.com\/?p=588216"},"modified":"2025-01-10T14:48:32","modified_gmt":"2025-01-10T18:48:32","slug":"investido-maduro-como-presidente-constitucional-de-venezuela-fotos","status":"publish","type":"post","link":"https:\/\/diariodominicano.com\/?p=588216","title":{"rendered":"Investido Maduro como Presidente constitucional de Venezuela (+Fotos)"},"content":{"rendered":"\n<figure class=\"wp-block-image\"><img decoding=\"async\" src=\"https:\/\/www.prensa-latina.cu\/wp-content\/uploads\/2025\/01\/presidente-1.jpg\" alt=\"\" class=\"wp-image-1477798\"\/><\/figure>\n\n\n\n<p><\/p>\n\n\n\n<p>Caracas, 10 ene (Prensa Latina) El presidente Nicol\u00e1s Maduro qued\u00f3 hoy juramentado como presidente de Venezuela para el sexenio 2025-2031.<\/p>\n\n\n\n<ul class=\"wp-block-list\">\n<li><a href=\"https:\/\/www.prensa-latina.cu\/2025\/01\/10\/\"><time>enero 10, 2025 | 10:29<\/time><\/a><\/li>\n<\/ul>\n\n\n\n<ul class=\"wp-block-list\">\n<li><a href=\"https:\/\/www.prensa-latina.cu\/2025\/01\/10\/investido-maduro-como-presidente-constitucional-de-venezuela\/#\"><\/a><\/li>\n\n\n\n<li><a href=\"https:\/\/www.prensa-latina.cu\/2025\/01\/10\/investido-maduro-como-presidente-constitucional-de-venezuela\/#\"><\/a><\/li>\n\n\n\n<li><a href=\"https:\/\/www.prensa-latina.cu\/2025\/01\/10\/investido-maduro-como-presidente-constitucional-de-venezuela\/#\"><\/a><\/li>\n\n\n\n<li><a href=\"https:\/\/www.prensa-latina.cu\/2025\/01\/10\/investido-maduro-como-presidente-constitucional-de-venezuela\/#\"><\/a><\/li>\n<\/ul>\n\n\n\n<p>En sesi\u00f3n solemne en el Sal\u00f3n El\u00edptico del Palacio Federal Legislativo, el mandatario reelecto prest\u00f3 su juramento en acto simb\u00f3lico sobre la Constituci\u00f3n original firmada por el comandante Hugo Ch\u00e1vez despu\u00e9s de su aprobaci\u00f3n en 1999.<\/p>\n\n\n\n<figure class=\"wp-block-image\"><img decoding=\"async\" src=\"https:\/\/www.prensa-latina.cu\/wp-content\/uploads\/2025\/01\/presidente1.jpg\" alt=\"\" class=\"wp-image-1477799\"\/><\/figure>\n\n\n\n<p>El reelecto jefe de Estado manifest\u00f3 en su juramentaci\u00f3n hacer cumplir todos los mandatos y obligaciones emanados de la Carta Magna y de las leyes nacionales de la Rep\u00fablica.<\/p>\n\n\n\n<p>Asegur\u00f3 que en este nuevo periodo presidencial ser\u00e1 el de paz, la prosperidad, la igualdad y la nueva democracia.<\/p>\n\n\n\n<p>\u201cLo juro por la historia, por mi vida, y as\u00ed cumplir\u00e9, y cumpliremos, lo juro\u201d, subray\u00f3 el gobernante.<\/p>\n\n\n\n<p>Maduro arrib\u00f3 al Palacio Federal Legislativo acompa\u00f1ado por la primera combatiente y diputada a la Asamblea Nacional Cilia Flores y la vicepresidenta ejecutiva Delcy Rodr\u00edguez.<\/p>\n\n\n\n<figure class=\"wp-block-image\"><img decoding=\"async\" src=\"https:\/\/www.prensa-latina.cu\/wp-content\/uploads\/2025\/01\/presidente.jpg\" alt=\"\" class=\"wp-image-1477798\"\/><\/figure>\n\n\n\n<p>Adem\u00e1s del primer vicepresidente del Partido Socialista Unido, Diosdado Cabello, y fue recibido por el titular del Poder Legislativo Jorge Rodr\u00edguez.<\/p>\n\n\n\n<p>Tambi\u00e9n miles de ciudadanos del pueblo dieron la bienvenida al dignatario apostados en los alrededores de la instalaci\u00f3n parlamentaria.<\/p>\n\n\n\n<p>Una vez dentro de Palacio Federal recibieron a Maduro la Junta Directiva del Parlamento, quienes lo acompa\u00f1aron hasta el Sal\u00f3n El\u00edptico, donde fue aclamado por diputados y 51 delegaciones internacionales presentes, de los que 13 son jefes de Estado y de Gobiernos.<\/p>\n\n\n\n<p>M\u00e1s de dos mil representantes de gobiernos, movimientos sociales de m\u00e1s de un centenar de pa\u00edses de todos los continentes y organizaciones internacionales viajaron a esta capital para asistir a la juramentaci\u00f3n de Maduro este viernes, en el Palacio Federal Legislativo.<\/p>\n\n\n\n<p>Paralelo a la investidura del mandatario bolivariano, miles de venezolanos de Caracas y de otros estados del pa\u00eds, se movilizan hacia el centro hist\u00f3rico para acompa\u00f1ar a Maduro y celebrar lo que califican aqu\u00ed como una asunci\u00f3n hist\u00f3rica.<\/p>\n\n\n\n<p>mem\/jcd<\/p>\n\n\n\n<ul class=\"wp-block-list\">\n<li>#<a href=\"https:\/\/www.prensa-latina.cu\/etiqueta\/investidura\/\">investidura<\/a>\u00a0#<a href=\"https:\/\/www.prensa-latina.cu\/etiqueta\/parlamento\/\">parlamento<\/a>\u00a0#<a href=\"https:\/\/www.prensa-latina.cu\/etiqueta\/presidente-constituional\/\">presidente constituional<\/a>\u00a0#<a href=\"https:\/\/www.prensa-latina.cu\/etiqueta\/venezuela\/\">Venezuela<\/a><\/li>\n<\/ul>\n","protected":false},"excerpt":{"rendered":"<p>Caracas, 10 ene (Prensa Latina) El presidente Nicol\u00e1s Maduro qued\u00f3 hoy juramentado como presidente de Venezuela para el sexenio 2025-2031. En sesi\u00f3n solemne en el Sal\u00f3n El\u00edptico del Palacio Federal Legislativo, el mandatario reelecto prest\u00f3 su juramento en acto simb\u00f3lico sobre la Constituci\u00f3n original firmada por el comandante Hugo Ch\u00e1vez despu\u00e9s de su aprobaci\u00f3n en [&hellip;]<\/p>\n","protected":false},"author":2,"featured_media":588219,"comment_status":"closed","ping_status":"closed","sticky":false,"template":"","format":"standard","meta":{"footnotes":""},"categories":[26,23,22],"tags":[],"class_list":["post-588216","post","type-post","status-publish","format-standard","has-post-thumbnail","hentry","category-efemerides","category-internacional","category-politica"],"_links":{"self":[{"href":"https:\/\/diariodominicano.com\/index.php?rest_route=\/wp\/v2\/posts\/588216","targetHints":{"allow":["GET"]}}],"collection":[{"href":"https:\/\/diariodominicano.com\/index.php?rest_route=\/wp\/v2\/posts"}],"about":[{"href":"https:\/\/diariodominicano.com\/index.php?rest_route=\/wp\/v2\/types\/post"}],"author":[{"embeddable":true,"href":"https:\/\/diariodominicano.com\/index.php?rest_route=\/wp\/v2\/users\/2"}],"replies":[{"embeddable":true,"href":"https:\/\/diariodominicano.com\/index.php?rest_route=%2Fwp%2Fv2%2Fcomments&post=588216"}],"version-history":[{"count":1,"href":"https:\/\/diariodominicano.com\/index.php?rest_route=\/wp\/v2\/posts\/588216\/revisions"}],"predecessor-version":[{"id":588220,"href":"https:\/\/diariodominicano.com\/index.php?rest_route=\/wp\/v2\/posts\/588216\/revisions\/588220"}],"wp:featuredmedia":[{"embeddable":true,"href":"https:\/\/diariodominicano.com\/index.php?rest_route=\/wp\/v2\/media\/588219"}],"wp:attachment":[{"href":"https:\/\/diariodominicano.com\/index.php?rest_route=%2Fwp%2Fv2%2Fmedia&parent=588216"}],"wp:term":[{"taxonomy":"category","embeddable":true,"href":"https:\/\/diariodominicano.com\/index.php?rest_route=%2Fwp%2Fv2%2Fcategories&post=588216"},{"taxonomy":"post_tag","embeddable":true,"href":"https:\/\/diariodominicano.com\/index.php?rest_route=%2Fwp%2Fv2%2Ftags&post=588216"}],"curies":[{"name":"wp","href":"https:\/\/api.w.org\/{rel}","templated":true}]}}