{"id":588213,"date":"2025-01-10T14:45:17","date_gmt":"2025-01-10T18:45:17","guid":{"rendered":"https:\/\/diariodominicano.com\/?p=588213"},"modified":"2025-01-10T14:45:20","modified_gmt":"2025-01-10T18:45:20","slug":"primer-ministro-de-cuba-evoca-legado-de-dirigente-estudiantil","status":"publish","type":"post","link":"https:\/\/diariodominicano.com\/?p=588213","title":{"rendered":"Primer ministro de Cuba evoca legado de dirigente estudiantil"},"content":{"rendered":"\n<p>La Habana, 10 ene (Prensa Latina) El primer ministro de Cuba, Manuel Marrero, rememor\u00f3 hoy el legado del dirigente estudiantil Julio Antonio Mella (1903-1929), con motivo del aniversario 95 de su muerte.<\/p>\n\n\n\n<ul class=\"wp-block-list\">\n<li><a href=\"https:\/\/www.prensa-latina.cu\/2025\/01\/10\/\"><time>enero 10, 2025 | 09:33<\/time><\/a><\/li>\n<\/ul>\n\n\n\n<ul class=\"wp-block-list\">\n<li><a href=\"https:\/\/www.prensa-latina.cu\/2025\/01\/10\/primer-ministro-de-cuba-evoca-legado-de-dirigente-estudiantil\/#\"><\/a><\/li>\n\n\n\n<li><a href=\"https:\/\/www.prensa-latina.cu\/2025\/01\/10\/primer-ministro-de-cuba-evoca-legado-de-dirigente-estudiantil\/#\"><\/a><\/li>\n\n\n\n<li><a href=\"https:\/\/www.prensa-latina.cu\/2025\/01\/10\/primer-ministro-de-cuba-evoca-legado-de-dirigente-estudiantil\/#\"><\/a><\/li>\n\n\n\n<li><a href=\"https:\/\/www.prensa-latina.cu\/2025\/01\/10\/primer-ministro-de-cuba-evoca-legado-de-dirigente-estudiantil\/#\"><\/a><\/li>\n<\/ul>\n\n\n\n<p>En la red social X, Marrero cit\u00f3 la frase \u00abMuero por la Revoluci\u00f3n\u00bb, \u00faltimas palabras expresadas por Mella al ser asesinado en M\u00e9xico.<\/p>\n\n\n\n<p>\u00abL\u00edder estudiantil, luchador incansable. Su legado, de profundo car\u00e1cter antimperialista, es hoy ejemplo a seguir por las nuevas generaciones de cubanos\u00bb, resalt\u00f3 el jefe de Gobierno en la plataforma.<\/p>\n\n\n\n<p>Mella, fundador de la Federaci\u00f3n Estudiantil Universitaria y uno de los participantes en la creaci\u00f3n del primer Partido Comunista de Cuba en agosto de 1925, es considerado una de las figuras emblem\u00e1ticas dentro del proceso revolucionario en Cuba en la primera mitad del siglo XX.<\/p>\n\n\n\n<p>Con 26 a\u00f1os, el 10 de enero de 1929 fue asesinado en M\u00e9xico por orden del dictador cubano Gerardo Machado, pero en su corta existencia desarroll\u00f3 una intensa vida pol\u00edtica, sobre todo en el marco de las luchas estudiantiles de la Universidad de La Habana.<\/p>\n\n\n\n<p>mem\/mks<\/p>\n\n\n\n<ul class=\"wp-block-list\">\n<li>#<a href=\"https:\/\/www.prensa-latina.cu\/etiqueta\/cuba\/\">cuba<\/a><\/li>\n<\/ul>\n","protected":false},"excerpt":{"rendered":"<p>La Habana, 10 ene (Prensa Latina) El primer ministro de Cuba, Manuel Marrero, rememor\u00f3 hoy el legado del dirigente estudiantil Julio Antonio Mella (1903-1929), con motivo del aniversario 95 de su muerte. En la red social X, Marrero cit\u00f3 la frase \u00abMuero por la Revoluci\u00f3n\u00bb, \u00faltimas palabras expresadas por Mella al ser asesinado en M\u00e9xico. [&hellip;]<\/p>\n","protected":false},"author":2,"featured_media":588214,"comment_status":"closed","ping_status":"closed","sticky":false,"template":"","format":"standard","meta":{"footnotes":""},"categories":[21,26],"tags":[],"class_list":["post-588213","post","type-post","status-publish","format-standard","has-post-thumbnail","hentry","category-cultura","category-efemerides"],"_links":{"self":[{"href":"https:\/\/diariodominicano.com\/index.php?rest_route=\/wp\/v2\/posts\/588213","targetHints":{"allow":["GET"]}}],"collection":[{"href":"https:\/\/diariodominicano.com\/index.php?rest_route=\/wp\/v2\/posts"}],"about":[{"href":"https:\/\/diariodominicano.com\/index.php?rest_route=\/wp\/v2\/types\/post"}],"author":[{"embeddable":true,"href":"https:\/\/diariodominicano.com\/index.php?rest_route=\/wp\/v2\/users\/2"}],"replies":[{"embeddable":true,"href":"https:\/\/diariodominicano.com\/index.php?rest_route=%2Fwp%2Fv2%2Fcomments&post=588213"}],"version-history":[{"count":1,"href":"https:\/\/diariodominicano.com\/index.php?rest_route=\/wp\/v2\/posts\/588213\/revisions"}],"predecessor-version":[{"id":588215,"href":"https:\/\/diariodominicano.com\/index.php?rest_route=\/wp\/v2\/posts\/588213\/revisions\/588215"}],"wp:featuredmedia":[{"embeddable":true,"href":"https:\/\/diariodominicano.com\/index.php?rest_route=\/wp\/v2\/media\/588214"}],"wp:attachment":[{"href":"https:\/\/diariodominicano.com\/index.php?rest_route=%2Fwp%2Fv2%2Fmedia&parent=588213"}],"wp:term":[{"taxonomy":"category","embeddable":true,"href":"https:\/\/diariodominicano.com\/index.php?rest_route=%2Fwp%2Fv2%2Fcategories&post=588213"},{"taxonomy":"post_tag","embeddable":true,"href":"https:\/\/diariodominicano.com\/index.php?rest_route=%2Fwp%2Fv2%2Ftags&post=588213"}],"curies":[{"name":"wp","href":"https:\/\/api.w.org\/{rel}","templated":true}]}}