{"id":588196,"date":"2025-01-10T13:07:36","date_gmt":"2025-01-10T17:07:36","guid":{"rendered":"https:\/\/diariodominicano.com\/?p=588196"},"modified":"2025-01-10T13:07:42","modified_gmt":"2025-01-10T17:07:42","slug":"tribunal-superior-electoral-conmemora-decimo-tercer-aniversario-con-semana-aniversario","status":"publish","type":"post","link":"https:\/\/diariodominicano.com\/?p=588196","title":{"rendered":"Tribunal Superior Electoral conmemora \u00abD\u00e9cimo Tercer Aniversario\u00bb con semana aniversario"},"content":{"rendered":"\n<p>La sede del Tribunal Superior Electoral <\/p>\n\n\n\n<p><strong>Las actividades abarcan: inauguraci\u00f3n de galer\u00eda virtual de jueces y juezas del Tribunal Superior Electoral; ofrenda floral Altar de la Patria; Audiencia Solemne y encuentro con los colaboradores<\/strong><\/p>\n\n\n\n<p><strong>Santo Domingo,.<\/strong>&nbsp;El Tribunal Superior Electoral (TSE) conmemora su \u201cD\u00e9cimo Tercer Aniversario (13)\u201d de su creaci\u00f3n con un programa de actividades que se llevar\u00e1 a cabo los d\u00edas 14, 15, 16 y el 17 de enero de 2025, con el objetivo de destacar su labor y su trascendencia en justicia electoral y el sistema democr\u00e1tico del pa\u00eds.<\/p>\n\n\n\n<figure class=\"wp-block-image size-large\"><img loading=\"lazy\" decoding=\"async\" width=\"1024\" height=\"683\" src=\"https:\/\/diariodominicano.com\/wp-content\/uploads\/2025\/01\/Jueces-TSE-1024x683.jpeg\" alt=\"\" class=\"wp-image-588198\" srcset=\"https:\/\/diariodominicano.com\/wp-content\/uploads\/2025\/01\/Jueces-TSE-1024x683.jpeg 1024w, https:\/\/diariodominicano.com\/wp-content\/uploads\/2025\/01\/Jueces-TSE-300x200.jpeg 300w, https:\/\/diariodominicano.com\/wp-content\/uploads\/2025\/01\/Jueces-TSE-768x512.jpeg 768w, https:\/\/diariodominicano.com\/wp-content\/uploads\/2025\/01\/Jueces-TSE-1536x1024.jpeg 1536w, https:\/\/diariodominicano.com\/wp-content\/uploads\/2025\/01\/Jueces-TSE-2048x1365.jpeg 2048w, https:\/\/diariodominicano.com\/wp-content\/uploads\/2025\/01\/Jueces-TSE-816x544.jpeg 816w\" sizes=\"auto, (max-width: 1024px) 100vw, 1024px\" \/><\/figure>\n\n\n\n<p>Los jueces del TSE<\/p>\n\n\n\n<p><strong>Las actividades se inician el martes 14 de enero<\/strong>, con la inauguraci\u00f3n de la galer\u00eda virtual de jueces y juezas del Tribunal Superior Electoral que han formado parte de esta Alta Corte a lo largo de su historia, reconociendo as\u00ed su contribuci\u00f3n al fortalecimiento del sistema electoral.<\/p>\n\n\n\n<p>Esta actividad est\u00e1 pautada para las 2:00 de la tarde y tiene como fin rendir homenaje a los hombres y mujeres que, con su dedicaci\u00f3n, han contribuido a consolidar la independencia y el prestigio de la Alta Corte.<\/p>\n\n\n\n<p><strong>El mi\u00e9rcoles 15 de enero<\/strong>, a las 10:00 de la ma\u00f1ana, los jueces, depositar\u00e1n una ofrenda floral en el Altar de la Patria, en honor a los Padres de la Patria: Juan Pablo Duarte, Mat\u00edas Ram\u00f3n Mella y Francisco del Rosario S\u00e1nchez.<\/p>\n\n\n\n<p>Este acto simboliza el compromiso del TSE con los valores democr\u00e1ticos que estos pr\u00f3ceres defendieron y, a la vez, reafirma su rol como Tribuna de la Democracia.<\/p>\n\n\n\n<p><strong>El 16 de enero,<\/strong>&nbsp;a las 11:00 de la ma\u00f1ana, el TSE celebrar\u00e1 una Audiencia Solemne en la Sala Augusta de la Suprema Corte de Justicia.<\/p>\n\n\n\n<p>En este acto, se realizar\u00e1 una invocaci\u00f3n a Dios, a cargo de representantes de la Iglesia Cat\u00f3lica y del Consejo Dominicano de Unidad Evang\u00e9lica (CODUE), como muestra de gratitud por los a\u00f1os de gesti\u00f3n.<\/p>\n\n\n\n<p>Asimismo, se ofrecer\u00e1 una bendici\u00f3n para los retos y trabajos que a\u00fan restan por enfrentar en el futuro inmediato.<\/p>\n\n\n\n<p>En este mismo evento, el magistrado Ygnacio Pascual Camacho Hidalgo, presidente del Tribunal, presentar\u00e1 su informe de rendici\u00f3n de cuentas correspondiente al per\u00edodo 2023-2024, y a los casi cuatro a\u00f1os de gesti\u00f3n, resaltando los logros alcanzados, los desaf\u00edos enfrentados y las proyecciones de la Alta Corte.<\/p>\n\n\n\n<p>La culminaci\u00f3n de las actividades conmemorativas tendr\u00e1 lugar el viernes&nbsp;<strong>17 de enero<\/strong>, con un encuentro con los colaboradores en el que el magistrado Camacho, junto a los jueces titulares Hermenegilda del Rosario Fondeur Ram\u00edrez, Rosa P\u00e9rez de Garc\u00eda, Pedro Pablo Yermenos Forastieri y Fernando Fern\u00e1ndez Cruz, compartir\u00e1n con los colaboradores en reconociendo a su esfuerzo y dedicaci\u00f3n al cumplimiento de las funciones del Tribunal.<\/p>\n\n\n\n<p>De acuerdo con la Constituci\u00f3n de la Rep\u00fablica Dominicana, el Tribunal Superior Electoral fue creado en el a\u00f1o 2011 con el mandato de juzgar y decidir de manera definitiva los asuntos contenciosos electorales, las rectificaciones de actas del Estado Civil y los Cambios de Nombres.<\/p>\n\n\n\n<p>Su misi\u00f3n abarca adem\u00e1s la resoluci\u00f3n de conflictos que surjan dentro de los partidos, agrupaciones y movimientos pol\u00edticos, o entre estos, siempre en consonancia con los principios democr\u00e1ticos y de justicia que rigen la naci\u00f3n.<\/p>\n\n\n\n<p>Tribunal Superior Electoral<\/p>\n\n\n\n<p>Tribunal Superior Electoral (De tus contactos de Google)<\/p>\n\n\n\n<p><a target=\"_blank\" href=\"mailto:tserdprensa@gmail.com\" rel=\"noreferrer noopener\">tserdprensa@gmail.com<\/a><\/p>\n\n\n\n<p>&nbsp;Link SS TV:&nbsp;<a href=\"https:\/\/we.tl\/t-5IcIzx00FD\" target=\"_blank\" rel=\"noreferrer noopener\">https:\/\/we.tl\/t-5IcIzx00FD<\/a><\/p>\n","protected":false},"excerpt":{"rendered":"<p>La sede del Tribunal Superior Electoral Las actividades abarcan: inauguraci\u00f3n de galer\u00eda virtual de jueces y juezas del Tribunal Superior Electoral; ofrenda floral Altar de la Patria; Audiencia Solemne y encuentro con los colaboradores Santo Domingo,.&nbsp;El Tribunal Superior Electoral (TSE) conmemora su \u201cD\u00e9cimo Tercer Aniversario (13)\u201d de su creaci\u00f3n con un programa de actividades que [&hellip;]<\/p>\n","protected":false},"author":2,"featured_media":588197,"comment_status":"closed","ping_status":"closed","sticky":false,"template":"","format":"standard","meta":{"footnotes":""},"categories":[36,24,22],"tags":[],"class_list":["post-588196","post","type-post","status-publish","format-standard","has-post-thumbnail","hentry","category-hombresmujeresycosas","category-justicia-y-derecho","category-politica"],"_links":{"self":[{"href":"https:\/\/diariodominicano.com\/index.php?rest_route=\/wp\/v2\/posts\/588196","targetHints":{"allow":["GET"]}}],"collection":[{"href":"https:\/\/diariodominicano.com\/index.php?rest_route=\/wp\/v2\/posts"}],"about":[{"href":"https:\/\/diariodominicano.com\/index.php?rest_route=\/wp\/v2\/types\/post"}],"author":[{"embeddable":true,"href":"https:\/\/diariodominicano.com\/index.php?rest_route=\/wp\/v2\/users\/2"}],"replies":[{"embeddable":true,"href":"https:\/\/diariodominicano.com\/index.php?rest_route=%2Fwp%2Fv2%2Fcomments&post=588196"}],"version-history":[{"count":1,"href":"https:\/\/diariodominicano.com\/index.php?rest_route=\/wp\/v2\/posts\/588196\/revisions"}],"predecessor-version":[{"id":588199,"href":"https:\/\/diariodominicano.com\/index.php?rest_route=\/wp\/v2\/posts\/588196\/revisions\/588199"}],"wp:featuredmedia":[{"embeddable":true,"href":"https:\/\/diariodominicano.com\/index.php?rest_route=\/wp\/v2\/media\/588197"}],"wp:attachment":[{"href":"https:\/\/diariodominicano.com\/index.php?rest_route=%2Fwp%2Fv2%2Fmedia&parent=588196"}],"wp:term":[{"taxonomy":"category","embeddable":true,"href":"https:\/\/diariodominicano.com\/index.php?rest_route=%2Fwp%2Fv2%2Fcategories&post=588196"},{"taxonomy":"post_tag","embeddable":true,"href":"https:\/\/diariodominicano.com\/index.php?rest_route=%2Fwp%2Fv2%2Ftags&post=588196"}],"curies":[{"name":"wp","href":"https:\/\/api.w.org\/{rel}","templated":true}]}}