{"id":588179,"date":"2025-01-10T12:29:25","date_gmt":"2025-01-10T16:29:25","guid":{"rendered":"https:\/\/diariodominicano.com\/?p=588179"},"modified":"2025-01-10T12:29:34","modified_gmt":"2025-01-10T16:29:34","slug":"nicolas-maduro-jura-como-gobernante-de-venezuela-para-otro-periodo-de-6-anos","status":"publish","type":"post","link":"https:\/\/diariodominicano.com\/?p=588179","title":{"rendered":"Nicol\u00e1s Maduro jura como gobernante de Venezuela para otro per\u00edodo de 6 a\u00f1os"},"content":{"rendered":"\n<p>El gobernante venezolano Nicol\u00e1s Maduro jura para un nuevo per\u00edodo de gesti\u00f3n frente al presidente del parlamento, Jorge Rodr\u00edguez, en el Sal\u00f3n El\u00edptico del palacio federal legislativo, en Caracas, el 10 de enero de 2025.<\/p>\n\n\n\n<p>enero 10, 2025update&nbsp;hace 13 minutos<\/p>\n\n\n\n<ul class=\"wp-block-list\">\n<li><a href=\"https:\/\/www.vozdeamerica.com\/author\/voz-de-america-redaccion\/p_kym\">Voz de Am\u00e9rica &#8211; Redacci\u00f3n<\/a><\/li>\n<\/ul>\n\n\n\n<ul class=\"wp-block-list\">\n<li><a href=\"https:\/\/facebook.com\/sharer.php?u=https%3a%2f%2fwww.vozdeamerica.com%2fa%2fnicolas-maduro-jura-como-gobernante-de-venezuela-por-un-periodo-de-6-a%25c3%25b1os-mas%2f7932193.html\" target=\"_blank\" rel=\"noreferrer noopener\"><\/a><\/li>\n\n\n\n<li><a href=\"https:\/\/twitter.com\/share?url=https%3a%2f%2fwww.vozdeamerica.com%2fa%2fnicolas-maduro-jura-como-gobernante-de-venezuela-por-un-periodo-de-6-a%25c3%25b1os-mas%2f7932193.html&amp;text=Nicol%c3%a1s+Maduro+jura+como+gobernante+de+Venezuela+para+otro+per%c3%adodo%3a+%22Esta+toma+de+posesi%c3%b3n+no+la+pudieron+impedir%22\" target=\"_blank\" rel=\"noreferrer noopener\"><\/a><\/li>\n\n\n\n<li><\/li>\n\n\n\n<li><a href=\"mailto:?body=https%3a%2f%2fwww.vozdeamerica.com%2fa%2fnicolas-maduro-jura-como-gobernante-de-venezuela-por-un-periodo-de-6-a%25c3%25b1os-mas%2f7932193.html&amp;subject=Nicol%C3%A1s%20Maduro%20jura%20como%20gobernante%20de%20Venezuela%20para%20otro%20per%C3%ADodo:%20%22Esta%20toma%20de%20posesi%C3%B3n%20no%20la%20pudieron%20impedir%22\"><\/a><\/li>\n<\/ul>\n\n\n\n<p><a href=\"https:\/\/www.vozdeamerica.com\/a\/nicolas-maduro-jura-como-gobernante-de-venezuela-por-un-periodo-de-6-a%C3%B1os-mas\/7932193.html#comments\">&nbsp;Vea comentarios<\/a><\/p>\n\n\n\n<p>Nicol\u00e1s Maduro jur\u00f3 que su pr\u00f3ximo per\u00edodo de gobierno ser\u00e1 \u00abde la paz y la nueva democracia\u00bb. Acus\u00f3 a EEUU y otros gobiernos de convertir los comicios de Venezuela en \u00abuna elecci\u00f3n mundial\u00bb. Advirti\u00f3 que los venezolanos no se dejar\u00edan \u00abimponer\u00bb un presidente distinto a \u00e9l.<\/p>\n\n\n\n<p>Nicol\u00e1s Maduro jur\u00f3 la ma\u00f1ana de este viernes como gobernante de Venezuela para un nuevo per\u00edodo de seis a\u00f1os, en un acto protocolar en la Asamblea Nacional, en Caracas.<\/p>\n\n\n\n<p>\u201cAnte la Constituci\u00f3n, har\u00e9 cumplir todos sus mandatos, todas las obligaciones de la Constituci\u00f3n y las leyes de la Rep\u00fablica y que este nuevo per\u00edodo presidencial ser\u00e1 el de la paz, la igualdad y la nueva democracia, lo juro por la historia y por mi vida\u201d, afirm\u00f3 a las 10:45 de la ma\u00f1ana del viernes, hora local, en el Sal\u00f3n El\u00edptico del palacio legislativo.<\/p>\n\n\n\n<p>\u201cQueda usted investido en el cargo de presidente constitucional de la Rep\u00fablica Bolivariana de Venezuela\u201d, le contest\u00f3 Jorge Rodr\u00edguez, l\u00edder del parlamento y uno de sus colaboradores m\u00e1s cercanos.<\/p>\n\n\n\n<p><a href=\"https:\/\/www.vozdeamerica.com\/a\/tras-11-anios-de-gobierno-nicolas-maduro-continua-en-el-poder-en-venezuela-\/7932045.html\"><\/a><\/p>\n\n\n\n<p><a href=\"https:\/\/www.vozdeamerica.com\/a\/tras-11-anios-de-gobierno-nicolas-maduro-continua-en-el-poder-en-venezuela-\/7932045.html\">Tambi\u00e9n lea<\/a><\/p>\n\n\n\n<h4 class=\"wp-block-heading\"><a href=\"https:\/\/www.vozdeamerica.com\/a\/tras-11-anios-de-gobierno-nicolas-maduro-continua-en-el-poder-en-venezuela-\/7932045.html\">Tras 11 a\u00f1os de gobierno, Nicol\u00e1s Maduro contin\u00faa en el poder en Venezuela bajo el escrutinio mundial<\/a><\/h4>\n\n\n\n<p>Sus opositores y un grupo de gobiernos, entre ellos Estados Unidos, hab\u00edan advertido a Maduro que no se juramentara este viernes e iniciara una transici\u00f3n democr\u00e1tica tras reconocer los resultados electorales del 28 de julio.<\/p>\n\n\n\n<p>Edmundo Gonz\u00e1lez, l\u00edder opositor que dice haber ganador la elecci\u00f3n con base en las actas de votaci\u00f3n, prometi\u00f3 regresar a Venezuela tras su exilio en Espa\u00f1a, a donde lleg\u00f3 en septiembre, para asumir el cargo de presidente. La noche del jueves, el dirigente pol\u00edtico se encontraba en Rep\u00fablica Dominicana.<\/p>\n\n\n\n<p>\u201cHagan lo que hagan, ma\u00f1ana (viernes), se terminan de enterrar\u201d, dijo el jueves Mar\u00eda Corina Machado, dirigente de la oposici\u00f3n y a quien Gonz\u00e1lez ha dicho que nombrar\u00eda como su vicepresidenta. \u201cSi consuman ese crimen contra la constituci\u00f3n y la soberan\u00eda popular, estar\u00e1n sentenciando su destino\u201d, expres\u00f3 sobre la inminente juramentaci\u00f3n de Maduro para un nuevo per\u00edodo.<\/p>\n\n\n\n<h3 class=\"wp-block-heading\">\u00abVenezuela est\u00e1 en paz\u00bb<\/h3>\n\n\n\n<p>Frente a diversos presidentes, entre ellos el cubano Miguel D\u00edaz-Canel y el nicarag\u00fcense Daniel Ortega, as\u00ed como primer ministros, embajadores y delegados de varios gobiernos del mundo, Maduro recibi\u00f3 y luci\u00f3 la banda presidencial de Venezuela.<\/p>\n\n\n\n<p>En su discurso, dijo haber \u201ccumplido con esta Constituci\u00f3n\u201d nacional al juramentarse como gobernante hasta 2031 y reivindic\u00f3 haber jurado \u201ccon la fuerza y el compromiso demostrado de todos estos a\u00f1os de lucha\u201d, recordando su ascenso al poder en 2013.<\/p>\n\n\n\n<p><a href=\"https:\/\/www.vozdeamerica.com\/a\/cuerpos-combatientes-milicia-nacional-bolivariana-venezuela-maduro-gonzalez-urrutia-oposicion-juramentacion-presidencial-armas-fusiles-\/7931027.html\"><\/a><\/p>\n\n\n\n<p><a href=\"https:\/\/www.vozdeamerica.com\/a\/cuerpos-combatientes-milicia-nacional-bolivariana-venezuela-maduro-gonzalez-urrutia-oposicion-juramentacion-presidencial-armas-fusiles-\/7931027.html\">Tambi\u00e9n lea<\/a><\/p>\n\n\n\n<h4 class=\"wp-block-heading\"><a href=\"https:\/\/www.vozdeamerica.com\/a\/cuerpos-combatientes-milicia-nacional-bolivariana-venezuela-maduro-gonzalez-urrutia-oposicion-juramentacion-presidencial-armas-fusiles-\/7931027.html\">Maduro arma a \u00abcombatientes\u00bb civiles para responder ante \u00abamenazas\u00bb en el marco de su jura presidencial<\/a><\/h4>\n\n\n\n<p>Maduro asegur\u00f3 que \u201cVenezuela est\u00e1 en paz\u201d.<\/p>\n\n\n\n<p>\u00abYo lo que voy es pa&#8217;lante (&#8230;) que nadie se confunda con el pueblo de Venezuela. Dije que iba a haber paz y hay y habr\u00e1 paz. Somos guerreros de la historia y garantizaremos la paz y la soberan\u00eda nacional, por siempre\u00bb, exclam\u00f3 el gobernante, que dijo sentirse \u00abinvadido de emociones\u00bb por sus muchas \u00abluchas\u00bb pol\u00edticas.<\/p>\n\n\n\n<p>\u201cEsta Constituci\u00f3n est\u00e1 victoriosa y Venezuela est\u00e1 en paz, este acto es posible porque Venezuela est\u00e1 en paz, en pleno ejercicio de su soberan\u00eda popular, de su independencia nacional\u201d, dijo, sin mencionar las protestas de la v\u00edspera o las promesas de Gonz\u00e1lez de llegar al pa\u00eds y juramentarse como presidente de la naci\u00f3n.<\/p>\n\n\n\n<h3 class=\"wp-block-heading\">\u00abUna elecci\u00f3n mundial\u00bb<\/h3>\n\n\n\n<p>Luego, ahora s\u00ed en evidente referencia a Gonz\u00e1lez, dijo que su poder no se lo hab\u00eda otorgado \u201cun presidente extranjero, ni un gobierno gringo\u201d. \u201cA m\u00ed, no me ha colocado como presidente el gobierno de Estados Unidos, ni los gobiernos proimperialistas (\u2026) vengo del pueblo, mi poder le pertenece al pueblo y al pueblo me debo\u201d, a\u00f1adi\u00f3.<\/p>\n\n\n\n<p>Acus\u00f3 al gobierno saliente de Estados Unidos y de sus \u201cesclavos del mundo\u201d de fraguar una presunta \u201cconspiraci\u00f3n p\u00fablica\u201d contra la elecci\u00f3n presidencial del 28 de julio. \u201cConvirtieron la elecci\u00f3n de Venezuela en una elecci\u00f3n mundial y se la ganamos\u00bb.<\/p>\n\n\n\n<p>Maduro afirm\u00f3 que \u00abel imperialismo se volvi\u00f3 loco y entr\u00f3 en una etapa del desquiciamiento\u00bb, intentando deponerlo. \u00abEl fascismo est\u00e1 derrotado\u201d, dijo, imitando el acento espa\u00f1ol de un estadounidense.<\/p>\n\n\n\n<p><a href=\"https:\/\/www.vozdeamerica.com\/a\/estados-unidos-amplia-tps-a-venezolanos-y-sube-la-recompensa-por-capturar-a-nicolas-maduro-\/7932252.html\"><\/a><\/p>\n\n\n\n<p><a href=\"https:\/\/www.vozdeamerica.com\/a\/estados-unidos-amplia-tps-a-venezolanos-y-sube-la-recompensa-por-capturar-a-nicolas-maduro-\/7932252.html\">Tambi\u00e9n lea<\/a><\/p>\n\n\n\n<h4 class=\"wp-block-heading\"><a href=\"https:\/\/www.vozdeamerica.com\/a\/estados-unidos-amplia-tps-a-venezolanos-y-sube-la-recompensa-por-capturar-a-nicolas-maduro-\/7932252.html\">Estados Unidos ampl\u00eda TPS a venezolanos y sube la recompensa por capturar a Nicol\u00e1s Maduro<\/a><\/h4>\n\n\n\n<p>\u00abCreen unos que el pueblo venezolano se dejar\u00e1 imponer un presidente. No aprendieron la lecci\u00f3n de (Juan) Guaid\u00f3\u00bb, l\u00edder parlamentario opositor en 2019 y reconocido entonces por varios pa\u00edses como gobernante interino, manifest\u00f3.<\/p>\n\n\n\n<p>\u00abEsta toma de posesi\u00f3n venezolana, constitucional, no la pudieron impedir y es una gran victoria de la democracia venezolana\u00bb, apunt\u00f3.<\/p>\n\n\n\n<p>Denunci\u00f3 la presunta puesta en marcha de una \u201cdiplomacia del enga\u00f1o\u201d en el extranjero a trav\u00e9s de incentivos y sanciones en contra de su gobierno, como parte de lo que llam\u00f3 \u201cuna conspiraci\u00f3n\u201d para sustituirlo en el poder con un \u201cGuaid\u00f3 2.0\u201d.<\/p>\n\n\n\n<p>\u201cA Venezuela no se le va a colonizar ni con la diplomacia de enga\u00f1o de la zanahoria ni la del garrote. A Venezuela se respeta\u201d, advirti\u00f3.<\/p>\n\n\n\n<h3 class=\"wp-block-heading\">\u00ab\u00bfLleg\u00f3 Edmundo? Estoy nervioso\u00bb<\/h3>\n\n\n\n<p>Al escuchar un ruido de golpe durante el acto, Maduro pregunt\u00f3 qui\u00e9n se hab\u00eda ca\u00eddo y brome\u00f3 preguntando si se trataba del opositor Edmundo Gonz\u00e1lez. \u201c\u00bfLleg\u00f3 Edmundo? Estoy esperando a que llegue, estoy nervioso\u201d, dijo, burlesco.<\/p>\n\n\n\n<p>Maduro consider\u00f3 que sus rivales y cr\u00edticos lo han subestimado y garantiz\u00f3 que continuar\u00e1 con una \u201cdiplomacia de paz\u201d. \u201cCreemos en el di\u00e1logo y las negociaciones\u201d, a\u00f1adi\u00f3, prometiendo gobernar junto al pueblo y aplicar un plan de \u201csiete transformaciones\u201d para mejorar las condiciones del pa\u00eds, entre ellas su econom\u00eda.<\/p>\n\n\n\n<p><a href=\"https:\/\/www.vozdeamerica.com\/a\/oposicion-denuncia-golpe-de-estado-en-venezuela-y-asegura-que-inicia-una-nueva-fase-de-lucha-\/7932268.html\"><\/a><\/p>\n\n\n\n<p><a href=\"https:\/\/www.vozdeamerica.com\/a\/oposicion-denuncia-golpe-de-estado-en-venezuela-y-asegura-que-inicia-una-nueva-fase-de-lucha-\/7932268.html\">Tambi\u00e9n lea<\/a><\/p>\n\n\n\n<h4 class=\"wp-block-heading\"><a href=\"https:\/\/www.vozdeamerica.com\/a\/oposicion-denuncia-golpe-de-estado-en-venezuela-y-asegura-que-inicia-una-nueva-fase-de-lucha-\/7932268.html\">Oposici\u00f3n denuncia golpe de Estado en Venezuela y asegura que inicia una \u201cnueva fase\u201d de lucha&nbsp;<\/a><\/h4>\n\n\n\n<p>Adelant\u00f3 que el oficialismo definir\u00e1 pronto el cronograma electoral de este a\u00f1o para renovar las autoridades del parlamento, las gobernaciones, las alcald\u00edas y los concejos municipales, acotando que \u00e9l prefiere que se realicen \u201cpor separado\u201d. \u201cYa nosotros estamos trabajando las listas de nuestros candidatos a todo nivel\u201d, revel\u00f3.<\/p>\n\n\n\n<p>Mientras avanzaba el acto, la oposici\u00f3n venezolana acus\u00f3 en un comunicado al gobierno de Nicol\u00e1s Maduro de haber \u201cconsumado un golpe de Estado\u201d contra los derechos del pueblo venezolano.<\/p>\n\n\n\n<p>Una curiosidad del acto fue que varios invitados, como el presidente Ortega y el presidente del Congreso de Rusia, llegaron con retraso. Maduro paus\u00f3 sus palabras para mencionar alguna falla protocolar, como la ausencia de traductores para los invitados de Rusia y China.<\/p>\n\n\n\n<p>Mencion\u00f3 a otros l\u00edderes mundiales para calificarlos de \u201cesclavos del imperialismo: a Justin Trudeau, que reci\u00e9n renunci\u00f3 a su cargo de primer ministro de Canad\u00e1, lo llam\u00f3 \u201cel ser m\u00e1s arrastado\u201d; y tild\u00f3 de \u201cs\u00e1dico social\u201d al presidente argentino Javier Milei, quien recibi\u00f3 el fin de semana en Buenos Aires al opositor Gonz\u00e1lez.<\/p>\n\n\n\n<p><em><strong>(Noticia en desarrollo)<\/strong><\/em><\/p>\n","protected":false},"excerpt":{"rendered":"<p>El gobernante venezolano Nicol\u00e1s Maduro jura para un nuevo per\u00edodo de gesti\u00f3n frente al presidente del parlamento, Jorge Rodr\u00edguez, en el Sal\u00f3n El\u00edptico del palacio federal legislativo, en Caracas, el 10 de enero de 2025. enero 10, 2025update&nbsp;hace 13 minutos &nbsp;Vea comentarios Nicol\u00e1s Maduro jur\u00f3 que su pr\u00f3ximo per\u00edodo de gobierno ser\u00e1 \u00abde la paz [&hellip;]<\/p>\n","protected":false},"author":2,"featured_media":588180,"comment_status":"closed","ping_status":"closed","sticky":false,"template":"","format":"standard","meta":{"footnotes":""},"categories":[26,23,27],"tags":[],"class_list":["post-588179","post","type-post","status-publish","format-standard","has-post-thumbnail","hentry","category-efemerides","category-internacional","category-portada"],"_links":{"self":[{"href":"https:\/\/diariodominicano.com\/index.php?rest_route=\/wp\/v2\/posts\/588179","targetHints":{"allow":["GET"]}}],"collection":[{"href":"https:\/\/diariodominicano.com\/index.php?rest_route=\/wp\/v2\/posts"}],"about":[{"href":"https:\/\/diariodominicano.com\/index.php?rest_route=\/wp\/v2\/types\/post"}],"author":[{"embeddable":true,"href":"https:\/\/diariodominicano.com\/index.php?rest_route=\/wp\/v2\/users\/2"}],"replies":[{"embeddable":true,"href":"https:\/\/diariodominicano.com\/index.php?rest_route=%2Fwp%2Fv2%2Fcomments&post=588179"}],"version-history":[{"count":1,"href":"https:\/\/diariodominicano.com\/index.php?rest_route=\/wp\/v2\/posts\/588179\/revisions"}],"predecessor-version":[{"id":588181,"href":"https:\/\/diariodominicano.com\/index.php?rest_route=\/wp\/v2\/posts\/588179\/revisions\/588181"}],"wp:featuredmedia":[{"embeddable":true,"href":"https:\/\/diariodominicano.com\/index.php?rest_route=\/wp\/v2\/media\/588180"}],"wp:attachment":[{"href":"https:\/\/diariodominicano.com\/index.php?rest_route=%2Fwp%2Fv2%2Fmedia&parent=588179"}],"wp:term":[{"taxonomy":"category","embeddable":true,"href":"https:\/\/diariodominicano.com\/index.php?rest_route=%2Fwp%2Fv2%2Fcategories&post=588179"},{"taxonomy":"post_tag","embeddable":true,"href":"https:\/\/diariodominicano.com\/index.php?rest_route=%2Fwp%2Fv2%2Ftags&post=588179"}],"curies":[{"name":"wp","href":"https:\/\/api.w.org\/{rel}","templated":true}]}}