{"id":588146,"date":"2025-01-10T10:52:00","date_gmt":"2025-01-10T14:52:00","guid":{"rendered":"https:\/\/diariodominicano.com\/?p=588146"},"modified":"2025-01-10T11:30:09","modified_gmt":"2025-01-10T15:30:09","slug":"todos-los-expresidentes-vivos-de-estados-unidos-presentes-en-funeral-de-jimmy-carter-en-washington","status":"publish","type":"post","link":"https:\/\/diariodominicano.com\/?p=588146","title":{"rendered":"Todos los expresidentes vivos de Estados Unidos presentes en funeral  de Jimmy Carter en Washington"},"content":{"rendered":"\n<p>diariodominicano.com<\/p>\n\n\n\n<p>WASHINGTON, 10 ene (Xinhua) &#8212; El funeral del Estado del expresidente estadounidense Jimmy Carter se llev\u00f3 a cabo el jueves en la Catedral Nacional de Washington en la capital estadounidense. El evento se celebr\u00f3 con un d\u00eda nacional de luto, seguido de un servicio m\u00e1s \u00edntimo en Plains, Georgia, ciudad natal del expresidente. En su paneg\u00edrico, el presidente saliente Joe Biden enfatiz\u00f3 el car\u00e1cter de Carter. \u00abLa amistad de Jimmy Carter fue instructiva para m\u00ed, ya a trav\u00e9s de su vida me ense\u00f1\u00f3 que la fuerza del car\u00e1cter es superior al t\u00edtulo o el poder que tenemos\u00bb, dijo Biden. \u00abTenemos la obligaci\u00f3n de no dar refugio al odio y de enfrentar lo que mi padre sol\u00eda decir que es el mayor pecado de todos: el abuso de poder\u00bb, agreg\u00f3 Biden. Todos los expresidentes vivos y sus c\u00f3nyuges asistieron al funeral, excepto Michelle Obama. Detr\u00e1s de Biden y Jill Biden estaban Bill y Hillary Clinton, quienes estaban sentados junto a George W. Bush y su esposa, Laura. Junto a ellos estaban Barack Obama y el presidente electo Donald Trump y su esposa, Melania. La vicepresidenta Kamala Harris y su esposo, Doug Emhoff, estaban sentados en la primera fila junto al presidente y la primera dama estadounidense. Otras figuras destacadas que asistieron al funeral de Carter fueron los ex vicepresidentes Al Gore, Dan Quayle y Mike Pence. Biden declar\u00f3 previamente el jueves como d\u00eda nacional de luto en todos Estados Unidos por Carter, quien muri\u00f3 recientemente a la edad de 100 a\u00f1os. El cuerpo de Carter fue trasladado en un avi\u00f3n presidencial desde Atlanta, Georgia, a Washington, DC el martes. Despu\u00e9s de ser honrado en Washington con un funeral de Estado, Carter fue trasladado a Georgia m\u00e1s tarde el jueves por \u00faltima vez. El 39\u00ba presidente del pa\u00eds ser\u00e1 enterrado en la granja familiar en su ciudad natal de Plains, junto a su esposa Rosalynn, quien muri\u00f3 en noviembre de 2023.<\/p>\n","protected":false},"excerpt":{"rendered":"<p>diariodominicano.com WASHINGTON, 10 ene (Xinhua) &#8212; El funeral del Estado del expresidente estadounidense Jimmy Carter se llev\u00f3 a cabo el jueves en la Catedral Nacional de Washington en la capital estadounidense. El evento se celebr\u00f3 con un d\u00eda nacional de luto, seguido de un servicio m\u00e1s \u00edntimo en Plains, Georgia, ciudad natal del expresidente. En [&hellip;]<\/p>\n","protected":false},"author":5,"featured_media":588158,"comment_status":"closed","ping_status":"closed","sticky":true,"template":"","format":"standard","meta":{"footnotes":""},"categories":[23,27],"tags":[],"class_list":["post-588146","post","type-post","status-publish","format-standard","has-post-thumbnail","hentry","category-internacional","category-portada"],"_links":{"self":[{"href":"https:\/\/diariodominicano.com\/index.php?rest_route=\/wp\/v2\/posts\/588146","targetHints":{"allow":["GET"]}}],"collection":[{"href":"https:\/\/diariodominicano.com\/index.php?rest_route=\/wp\/v2\/posts"}],"about":[{"href":"https:\/\/diariodominicano.com\/index.php?rest_route=\/wp\/v2\/types\/post"}],"author":[{"embeddable":true,"href":"https:\/\/diariodominicano.com\/index.php?rest_route=\/wp\/v2\/users\/5"}],"replies":[{"embeddable":true,"href":"https:\/\/diariodominicano.com\/index.php?rest_route=%2Fwp%2Fv2%2Fcomments&post=588146"}],"version-history":[{"count":1,"href":"https:\/\/diariodominicano.com\/index.php?rest_route=\/wp\/v2\/posts\/588146\/revisions"}],"predecessor-version":[{"id":588149,"href":"https:\/\/diariodominicano.com\/index.php?rest_route=\/wp\/v2\/posts\/588146\/revisions\/588149"}],"wp:featuredmedia":[{"embeddable":true,"href":"https:\/\/diariodominicano.com\/index.php?rest_route=\/wp\/v2\/media\/588158"}],"wp:attachment":[{"href":"https:\/\/diariodominicano.com\/index.php?rest_route=%2Fwp%2Fv2%2Fmedia&parent=588146"}],"wp:term":[{"taxonomy":"category","embeddable":true,"href":"https:\/\/diariodominicano.com\/index.php?rest_route=%2Fwp%2Fv2%2Fcategories&post=588146"},{"taxonomy":"post_tag","embeddable":true,"href":"https:\/\/diariodominicano.com\/index.php?rest_route=%2Fwp%2Fv2%2Ftags&post=588146"}],"curies":[{"name":"wp","href":"https:\/\/api.w.org\/{rel}","templated":true}]}}