{"id":588109,"date":"2025-01-09T20:10:38","date_gmt":"2025-01-10T00:10:38","guid":{"rendered":"https:\/\/diariodominicano.com\/?p=588109"},"modified":"2025-01-09T20:10:42","modified_gmt":"2025-01-10T00:10:42","slug":"un-77-por-ciento-de-los-mexicanos-aprueba-gestion-de-sheinbaum","status":"publish","type":"post","link":"https:\/\/diariodominicano.com\/?p=588109","title":{"rendered":"Un 77 por ciento de los mexicanos aprueba gesti\u00f3n de Sheinbaum"},"content":{"rendered":"\n<p>Ciudad de M\u00e9xico, 9 ene (Prensa Latina) Un 77 por ciento de los mexicanos aprueba la labor de la presidenta Claudia Sheinbaum en sus primeros 100 d\u00edas de gobierno, de acuerdo con los resultados de una encuesta divulgada hoy.<\/p>\n\n\n\n<ul class=\"wp-block-list\">\n<li><a href=\"https:\/\/www.prensa-latina.cu\/2025\/01\/09\/\"><time>enero 9, 2025 | 14:34<\/time><\/a><\/li>\n<\/ul>\n\n\n\n<ul class=\"wp-block-list\">\n<li><a href=\"https:\/\/www.prensa-latina.cu\/2025\/01\/09\/un-77-por-ciento-de-los-mexicanos-aprueba-gestion-de-sheinbaum\/#\"><\/a><\/li>\n\n\n\n<li><a href=\"https:\/\/www.prensa-latina.cu\/2025\/01\/09\/un-77-por-ciento-de-los-mexicanos-aprueba-gestion-de-sheinbaum\/#\"><\/a><\/li>\n\n\n\n<li><a href=\"https:\/\/www.prensa-latina.cu\/2025\/01\/09\/un-77-por-ciento-de-los-mexicanos-aprueba-gestion-de-sheinbaum\/#\"><\/a><\/li>\n\n\n\n<li><a href=\"https:\/\/www.prensa-latina.cu\/2025\/01\/09\/un-77-por-ciento-de-los-mexicanos-aprueba-gestion-de-sheinbaum\/#\"><\/a><\/li>\n<\/ul>\n\n\n\n<p>Seg\u00fan el m\u00e1s reciente sondeo nacional en vivienda realizado por Buend\u00eda &amp; M\u00e1rquez para el peri\u00f3dico El Universal, el dato representa un incremento de tres puntos frente a noviembre del a\u00f1o pasado, dentro del margen de error.<\/p>\n\n\n\n<p>Con respecto a los segmentos poblacionales, desde adultos mayores (83 por ciento), amas de casa (80) o j\u00f3venes de 18 a 29 a\u00f1os (79), hasta adultos maduros entre 45 y 60 a\u00f1os (72) o personas con alta escolaridad (69), la aprobaci\u00f3n pr\u00e1cticamente supera el 70 por ciento en cada caso.<\/p>\n\n\n\n<p>\u201cIncluso entre los independientes, que representan un considerable 36 por ciento del electorado y suelen ser cr\u00edticos, Sheinbaum logra un respaldo notable de 63 por ciento\u201d, refiere la publicaci\u00f3n.<\/p>\n\n\n\n<p>Tambi\u00e9n el 65 por ciento de los consultados consider\u00f3 que el pa\u00eds est\u00e1 mejor (38 por ciento) o igual de bien (27 por ciento) desde la asunci\u00f3n de la mandataria el 1 de octubre \u00faltimo.<\/p>\n\n\n\n<p>Con respecto a sus atributos personales, Sheinbaum es percibida como bien preparada para dirigir el pa\u00eds (83 por ciento), una l\u00edder honesta (79), con car\u00e1cter para gobernar (79) y que entiende las preocupaciones de la gente (78).<\/p>\n\n\n\n<p>Los entrevistados destacaron los programas sociales implementados por el gobierno, el tratamiento de los derechos de las mujeres, as\u00ed como otros \u00e1mbitos como educaci\u00f3n y salud.<\/p>\n\n\n\n<p>Otros recientes estudios de opini\u00f3n confirman el alto respaldo popular a la primera mujer en ocupar la Presidencia de M\u00e9xico, entre estos, uno de la encuestadora De las Heras Demotecnia, seg\u00fan el cual la dignataria cuenta con un apoyo del 80 por ciento.<\/p>\n\n\n\n<p>Tambi\u00e9n una investigaci\u00f3n realizada en diciembre y publicada por el diario El Financiero hace pocos d\u00edas revela que el 78 por ciento de los ciudadanos aprueba la gesti\u00f3n de la mandataria.<\/p>\n\n\n\n<p>Sheinbaum obtuvo un triunfo arrollador en las elecciones del pasado 2 de junio, en las cuales super\u00f3 los 35,9 millones de sufragios y se convirti\u00f3 en la candidata m\u00e1s votada en la historia reciente del pa\u00eds, con una ampl\u00edsima ventaja frente a sus rivales.<\/p>\n\n\n\n<p>La jefa del ejecutivo ha expresado en reiteradas ocasiones su compromiso con la continuidad del proceso de transformaciones sociales emprendido en 2018 por el expresidente Andr\u00e9s Manuel L\u00f3pez Obrador, a quien sucedi\u00f3 en el cargo.<\/p>\n\n\n\n<p>lam\/las<\/p>\n","protected":false},"excerpt":{"rendered":"<p>Ciudad de M\u00e9xico, 9 ene (Prensa Latina) Un 77 por ciento de los mexicanos aprueba la labor de la presidenta Claudia Sheinbaum en sus primeros 100 d\u00edas de gobierno, de acuerdo con los resultados de una encuesta divulgada hoy. Seg\u00fan el m\u00e1s reciente sondeo nacional en vivienda realizado por Buend\u00eda &amp; M\u00e1rquez para el peri\u00f3dico [&hellip;]<\/p>\n","protected":false},"author":28,"featured_media":588110,"comment_status":"closed","ping_status":"closed","sticky":true,"template":"","format":"standard","meta":{"footnotes":""},"categories":[23],"tags":[],"class_list":["post-588109","post","type-post","status-publish","format-standard","has-post-thumbnail","hentry","category-internacional"],"_links":{"self":[{"href":"https:\/\/diariodominicano.com\/index.php?rest_route=\/wp\/v2\/posts\/588109","targetHints":{"allow":["GET"]}}],"collection":[{"href":"https:\/\/diariodominicano.com\/index.php?rest_route=\/wp\/v2\/posts"}],"about":[{"href":"https:\/\/diariodominicano.com\/index.php?rest_route=\/wp\/v2\/types\/post"}],"author":[{"embeddable":true,"href":"https:\/\/diariodominicano.com\/index.php?rest_route=\/wp\/v2\/users\/28"}],"replies":[{"embeddable":true,"href":"https:\/\/diariodominicano.com\/index.php?rest_route=%2Fwp%2Fv2%2Fcomments&post=588109"}],"version-history":[{"count":1,"href":"https:\/\/diariodominicano.com\/index.php?rest_route=\/wp\/v2\/posts\/588109\/revisions"}],"predecessor-version":[{"id":588111,"href":"https:\/\/diariodominicano.com\/index.php?rest_route=\/wp\/v2\/posts\/588109\/revisions\/588111"}],"wp:featuredmedia":[{"embeddable":true,"href":"https:\/\/diariodominicano.com\/index.php?rest_route=\/wp\/v2\/media\/588110"}],"wp:attachment":[{"href":"https:\/\/diariodominicano.com\/index.php?rest_route=%2Fwp%2Fv2%2Fmedia&parent=588109"}],"wp:term":[{"taxonomy":"category","embeddable":true,"href":"https:\/\/diariodominicano.com\/index.php?rest_route=%2Fwp%2Fv2%2Fcategories&post=588109"},{"taxonomy":"post_tag","embeddable":true,"href":"https:\/\/diariodominicano.com\/index.php?rest_route=%2Fwp%2Fv2%2Ftags&post=588109"}],"curies":[{"name":"wp","href":"https:\/\/api.w.org\/{rel}","templated":true}]}}