{"id":588073,"date":"2025-01-09T18:00:16","date_gmt":"2025-01-09T22:00:16","guid":{"rendered":"https:\/\/diariodominicano.com\/?p=588073"},"modified":"2025-01-09T18:00:19","modified_gmt":"2025-01-09T22:00:19","slug":"juzgado-de-la-instruccion-impone-prision-preventiva-a-hombre-que-perpetro-robo-con-violencia-en-una-banca-de-loteria-en-salcedo","status":"publish","type":"post","link":"https:\/\/diariodominicano.com\/?p=588073","title":{"rendered":"Juzgado de la instrucci\u00f3n impone prisi\u00f3n preventiva a hombre que perpetr\u00f3 robo con violencia en una banca de loter\u00eda en Salcedo"},"content":{"rendered":"\n<p>Diariodominicano.com<\/p>\n\n\n\n<p><strong>HERMANAS MIRABAL (Rep\u00fablica Dominicana).-<\/strong>&nbsp;&nbsp; El Ministerio P\u00fablico consigui\u00f3 que el Juzgado de la instrucci\u00f3n de este distrito judicial dictara tres meses de prisi\u00f3n preventiva en contra de un hombre,&nbsp; a quien el \u00f3rgano persecutor le imputa haber perpetrado un robo con violencia en contra de una mujer, mientras se encontraba en una banca de loter\u00eda ubicada en el sector La Luisa, en el municipio Salcedo.<\/p>\n\n\n\n<p>La medida de coerci\u00f3n fue dictada por la magistrada Biannelys Martinez Calvo, quien dispuso que Noelvis Antonio Santiago Santos cumpla la prisi\u00f3n preventiva en el Centro de Privaci\u00f3n de Libertad Juana Nu\u00f1ez, de Salcedo, por el atraco a la se\u00f1ora Maria Magdalena Polanco de la Cruz.&nbsp;&nbsp;<\/p>\n\n\n\n<p>En el escrito de solicitud de medidas de coerci\u00f3n, el Ministerio P\u00fablico de esta demarcaci\u00f3n, establece que el hecho se registr\u00f3 el pasado 20 de noviembre de 2024, alrededor de las 6:40 de la tarde, mientras la denunciante se encontraba en su lugar de trabajo, en una banca de loter\u00eda del referido sector, junto a su hija y una amiga, cuando Santiago Santos se present\u00f3 al lugar y comenz\u00f3 a golpearla, arrastr\u00e1ndola afuera del local, y pidi\u00e9ndole el dinero que ten\u00eda.<\/p>\n\n\n\n<p>El relato del Ministerio P\u00fablico indica que la v\u00edctima, fruto de la agresi\u00f3n, sufri\u00f3 traumas a nivel de brazo derecho, tobillos y gl\u00fateo derecho, lo que provoc\u00f3 una incapacidad m\u00e9dico legal de 18 d\u00edas, seg\u00fan evaluaci\u00f3n de un m\u00e9dico legista de esta provincia.&nbsp;<\/p>\n\n\n\n<p>En el acto delictivo, el imputado intimid\u00f3 a la mujer, tratando de sacar un arma de fuego que escond\u00eda debajo de su abrigo, y sustrajo de la caja la suma de 11,620 pesos, mientras que, a la amiga de la v\u00edctima, la despoj\u00f3 de 16,000 pesos en efectivo y un tel\u00e9fono celular.&nbsp;<\/p>\n\n\n\n<p>El encartado, Santiago Santos, fue sometido a la acci\u00f3n de la justicia por violaci\u00f3n a los art\u00edculos 265, 266, 379 y 382 del del C\u00f3digo Penal Dominicano, en perjuicio de la se\u00f1ora Maria Magdalena Polanco de la Cruz.<\/p>\n\n\n\n<p>El representante del Ministerio P\u00fablico, Pablo Osiris Molina Santos, present\u00f3 en la audiencia para el conocimiento de medidas de coerci\u00f3n, los elementos sustentaron la decisi\u00f3n tomada por el tribunal.<\/p>\n\n\n\n<p>&nbsp;&nbsp;&nbsp; .<\/p>\n\n\n\n<p><strong>Direcci\u00f3n General de Comunicaci\u00f3n, Prensa, y RRPP<\/strong><strong><\/strong><\/p>\n\n\n\n<p>Ministerio P\u00fablico.&nbsp;R.D.<\/p>\n\n\n\n<p>Jueves, 9 de enero de 2025<\/p>\n","protected":false},"excerpt":{"rendered":"<p>Diariodominicano.com HERMANAS MIRABAL (Rep\u00fablica Dominicana).-&nbsp;&nbsp; El Ministerio P\u00fablico consigui\u00f3 que el Juzgado de la instrucci\u00f3n de este distrito judicial dictara tres meses de prisi\u00f3n preventiva en contra de un hombre,&nbsp; a quien el \u00f3rgano persecutor le imputa haber perpetrado un robo con violencia en contra de una mujer, mientras se encontraba en una banca de [&hellip;]<\/p>\n","protected":false},"author":28,"featured_media":329468,"comment_status":"closed","ping_status":"closed","sticky":true,"template":"","format":"standard","meta":{"footnotes":""},"categories":[24,29],"tags":[],"class_list":["post-588073","post","type-post","status-publish","format-standard","has-post-thumbnail","hentry","category-justicia-y-derecho","category-policiasucesos"],"_links":{"self":[{"href":"https:\/\/diariodominicano.com\/index.php?rest_route=\/wp\/v2\/posts\/588073","targetHints":{"allow":["GET"]}}],"collection":[{"href":"https:\/\/diariodominicano.com\/index.php?rest_route=\/wp\/v2\/posts"}],"about":[{"href":"https:\/\/diariodominicano.com\/index.php?rest_route=\/wp\/v2\/types\/post"}],"author":[{"embeddable":true,"href":"https:\/\/diariodominicano.com\/index.php?rest_route=\/wp\/v2\/users\/28"}],"replies":[{"embeddable":true,"href":"https:\/\/diariodominicano.com\/index.php?rest_route=%2Fwp%2Fv2%2Fcomments&post=588073"}],"version-history":[{"count":1,"href":"https:\/\/diariodominicano.com\/index.php?rest_route=\/wp\/v2\/posts\/588073\/revisions"}],"predecessor-version":[{"id":588074,"href":"https:\/\/diariodominicano.com\/index.php?rest_route=\/wp\/v2\/posts\/588073\/revisions\/588074"}],"wp:featuredmedia":[{"embeddable":true,"href":"https:\/\/diariodominicano.com\/index.php?rest_route=\/wp\/v2\/media\/329468"}],"wp:attachment":[{"href":"https:\/\/diariodominicano.com\/index.php?rest_route=%2Fwp%2Fv2%2Fmedia&parent=588073"}],"wp:term":[{"taxonomy":"category","embeddable":true,"href":"https:\/\/diariodominicano.com\/index.php?rest_route=%2Fwp%2Fv2%2Fcategories&post=588073"},{"taxonomy":"post_tag","embeddable":true,"href":"https:\/\/diariodominicano.com\/index.php?rest_route=%2Fwp%2Fv2%2Ftags&post=588073"}],"curies":[{"name":"wp","href":"https:\/\/api.w.org\/{rel}","templated":true}]}}